{"id":40005,"date":"2025-11-14T14:30:12","date_gmt":"2025-11-14T14:30:12","guid":{"rendered":"https:\/\/www.europesays.com\/lt\/40005\/"},"modified":"2025-11-14T14:30:12","modified_gmt":"2025-11-14T14:30:12","slug":"estijos-vyriausybe-ruosiasi-privatizuoti-imone-omniva","status":"publish","type":"post","link":"https:\/\/www.europesays.com\/lt\/40005\/","title":{"rendered":"Estijos vyriausyb\u0117 ruo\u0161iasi privatizuoti \u012fmon\u0119 \u201eOmniva\u201c"},"content":{"rendered":"<p>Sprendimu siekiama u\u017etikrinti paslaug\u0173 kokyb\u0119 ir konkurencingum\u0105, sudaryti geresnes s\u0105lygas investicijoms pritraukti bei suma\u017einti rizikas, kylan\u010dias versl\u0105 valdant valstybei.<\/p>\n<p>Vyriausyb\u0117s sprendime numatomas analiz\u0117s ir pasirengimo etapas. Jo metu bus bendradarbiaujama su finans\u0173 ir teis\u0117s konsultantais. Remiantis gautos analiz\u0117s rezultatais, 2026 m. Estijos vyriausyb\u0117 priims sprendim\u0105, ar t\u0119sti privatizacijos proces\u0105, ir jei taip, kokia forma.<\/p>\n<p>\u201eOmniva\u201c grup\u0117s generalinis direktorius Martti Kuldma sako, kad papildomo kapitalo pritraukimas \u012fmonei atvert\u0173 naujas galimybes.<\/p>\n<p>\u201ePa\u0161to paslaug\u0173 rinka spar\u010diai kei\u010diasi \u2013 lai\u0161k\u0173 siun\u010diama vis ma\u017eiau, o siunt\u0173 apimtys tik auga. Privatus kapitalas leist\u0173 mums investuoti \u012f naujas technologijas ir gerinti paslaug\u0173 kokyb\u0119 tiek vietos, tiek tarptautin\u0117se rinkose\u201c, \u2013 teigia M. Kuldma.<\/p>\n<p>Estijos vyriausyb\u0117s sprendime pabr\u0117\u017eiama, kad valstyb\u0117 ir toliau u\u017etikrins visuotinai prieinam\u0173 pa\u0161to paslaug\u0173 teikim\u0105, kaip numato \u012fstatymai, ta\u010diau jos u\u017eduotis \u2013 sudaryti s\u0105lygas s\u0105\u017einingai ir skaidriai konkurencijai, o ne pa\u010diai dalyvauti siunt\u0173 pristatymo rinkoje. Priva\u010diame sektoriuje veikian\u010dios \u012fmon\u0117s turi kur kas daugiau galimybi\u0173 pritraukti kapitalo pl\u0117trai ir grei\u010diau prisitaikyti prie kintan\u010di\u0173 rinkos s\u0105lyg\u0173.<\/p>\n<p>\u201ePrivatizacija yra kur kas daugiau nei valstyb\u0117s turto pardavimas \u2013 ji suteikia \u012fmonei galimyb\u0119 ir laisv\u0119 augti, konkuruoti tarptautin\u0117je rinkoje, imtis b\u016btin\u0173 investicini\u0173 sprendim\u0173 ir dr\u0105siai diegti naujoves. \u0160io proceso d\u0117ka \u201eOmniva\u201c gali tapti stipresne, pasauliniu mastu konkurencinga logistikos bendrove, kuri savo klientams teikia dar geresnes, greitesnes ir i\u0161manesnes paslaugas, kartu skatindama investicijas, inovacijas ir eksport\u0105\u201c, \u2013 teigia M. Kuldma.<\/p>\n<p>\u201eOmniva\u201c aptarnauja klientus visose trijose Baltijos \u0161alyse ir veikia kaip tarptautinis logistikos tinklas daugiau nei de\u0161imtyje \u0161ali\u0173. 2024 m. \u012fmon\u0117s apyvarta siek\u0117 141 mln. eur\u0173, i\u0161 kuri\u0173 apie 7 procentus sudar\u0117 universali\u0173j\u0173 pa\u0161to paslaug\u0173 veikla.<\/p>\n","protected":false},"excerpt":{"rendered":"Sprendimu siekiama u\u017etikrinti paslaug\u0173 kokyb\u0119 ir konkurencingum\u0105, sudaryti geresnes s\u0105lygas investicijoms pritraukti bei suma\u017einti rizikas, kylan\u010dias versl\u0105 valdant&hellip;\n","protected":false},"author":2,"featured_media":40006,"comment_status":"","ping_status":"","sticky":false,"template":"","format":"standard","meta":{"footnotes":""},"categories":[15],"tags":[25,30,31,138,34,35,24,32,33,37,39,36,38,40,23,22,5980,44,28,29,26,27,74,75,76],"class_list":{"0":"post-40005","1":"post","2":"type-post","3":"status-publish","4":"format-standard","5":"has-post-thumbnail","7":"category-pasaulis","8":"tag-antrastes","9":"tag-breaking-news","10":"tag-breakingnews","11":"tag-estija","12":"tag-featured-news","13":"tag-featurednews","14":"tag-headlines","15":"tag-latest-news","16":"tag-latestnews","17":"tag-lietuva","18":"tag-lietuviu","19":"tag-lithuania","20":"tag-lithuanian","21":"tag-lt","22":"tag-naujienos","23":"tag-news","24":"tag-omniva","25":"tag-pasaulis","26":"tag-populiariausios-naujienos","27":"tag-populiariausiosnaujienos","28":"tag-top-stories","29":"tag-topstories","30":"tag-world","31":"tag-world-news","32":"tag-worldnews"},"share_on_mastodon":{"url":"https:\/\/pubeurope.com\/@lt\/115548535086537543","error":""},"_links":{"self":[{"href":"https:\/\/www.europesays.com\/lt\/wp-json\/wp\/v2\/posts\/40005","targetHints":{"allow":["GET"]}}],"collection":[{"href":"https:\/\/www.europesays.com\/lt\/wp-json\/wp\/v2\/posts"}],"about":[{"href":"https:\/\/www.europesays.com\/lt\/wp-json\/wp\/v2\/types\/post"}],"author":[{"embeddable":true,"href":"https:\/\/www.europesays.com\/lt\/wp-json\/wp\/v2\/users\/2"}],"replies":[{"embeddable":true,"href":"https:\/\/www.europesays.com\/lt\/wp-json\/wp\/v2\/comments?post=40005"}],"version-history":[{"count":0,"href":"https:\/\/www.europesays.com\/lt\/wp-json\/wp\/v2\/posts\/40005\/revisions"}],"wp:featuredmedia":[{"embeddable":true,"href":"https:\/\/www.europesays.com\/lt\/wp-json\/wp\/v2\/media\/40006"}],"wp:attachment":[{"href":"https:\/\/www.europesays.com\/lt\/wp-json\/wp\/v2\/media?parent=40005"}],"wp:term":[{"taxonomy":"category","embeddable":true,"href":"https:\/\/www.europesays.com\/lt\/wp-json\/wp\/v2\/categories?post=40005"},{"taxonomy":"post_tag","embeddable":true,"href":"https:\/\/www.europesays.com\/lt\/wp-json\/wp\/v2\/tags?post=40005"}],"curies":[{"name":"wp","href":"https:\/\/api.w.org\/{rel}","templated":true}]}}