{"id":40597,"date":"2025-11-15T14:34:08","date_gmt":"2025-11-15T14:34:08","guid":{"rendered":"https:\/\/www.europesays.com\/lt\/40597\/"},"modified":"2025-11-15T14:34:08","modified_gmt":"2025-11-15T14:34:08","slug":"trumpas-teigia-tam-tikra-prasme-apsisprendes-del-venesuelos","status":"publish","type":"post","link":"https:\/\/www.europesays.com\/lt\/40597\/","title":{"rendered":"Trumpas teigia \u201etam tikra prasme\u201c apsisprend\u0119s d\u0117l Venesuelos"},"content":{"rendered":"<p>\u201eA\u0161 tam tikra prasme apsisprend\u017eiau\u201c, \u2013 sak\u0117 D. Trumpas \u017eurnalistams l\u0117ktuve \u201eAir Force One\u201c, keliaudamas \u012f savo valdas Floridoje.<\/p>\n<p>\u201eNegaliu jums sakyti, kas tai yra, bet mes padar\u0117me didel\u0119 pa\u017eang\u0105 su Venesuela, kalbant apie narkotik\u0173 srauto stabdym\u0105\u201c, \u2013 prid\u016br\u0117 D. Trumpas.<\/p>\n<p>Pastarosiomis savait\u0117mis Va\u0161ingtonas \u012f Lotyn\u0173 Amerik\u0105 pasiunt\u0117 karo laiv\u0173, naikintuv\u0173 ir t\u016bkstan\u010dius kari\u0173 bei sureng\u0117 sm\u016bgius 21 \u012ftariamam narkotik\u0173 kontrabandos laivui, per juos \u017euvo ma\u017eiausiai 80 \u017emoni\u0173.<\/p>\n<p>Did\u017eiausias pasaulyje l\u0117ktuvne\u0161is \u201eUSS Gerald R. Ford\u201c antradien\u012f atplauk\u0117 \u012f Lotyn\u0173 Amerik\u0105, tur\u0117damas oficial\u0173 tiksl\u0105 \u2013 pad\u0117ti kovoti su narkotik\u0173 kontrabanda regione.<\/p>\n<p>Ta\u010diau Karakasas baiminasi, kad JAV karini\u0173 paj\u0117g\u0173 dislokavimas, apimantis ir \u012f Puerto Rik\u0105 pasi\u0173stus \u201eF-35 stealth\u201c l\u0117ktuvus, ir Karib\u0173 j\u016broje esan\u010dius karo laivus, yra u\u017emaskuotas re\u017eimo pakeitimo planas.<\/p>\n<p>\u201eCBS News\u201c tre\u010diadien\u012f citavo kelis \u0161altinius, kurie teig\u0117, kad auk\u0161to rango kariuomen\u0117s pareig\u016bnai D. Trumpui pristat\u0117 atnaujintus galim\u0173 operacij\u0173 Venesueloje variantus, \u012fskaitant sm\u016bgius sausumoje.<\/p>\n<p>Lapkri\u010dio 2 d. D. Trumpas sumenkino galimyb\u0119 prad\u0117ti kar\u0105 su Venesuela, ta\u010diau sak\u0117, kad jos vadovo Nicolaso Maduro, kur\u012f jis vadina narkotik\u0173 baronu, dienos suskai\u010diuotos.<\/p>\n<p>Pirmasis kairi\u0173j\u0173 pa\u017ei\u016br\u0173 Kolumbijos prezidentas Gustavo Petro taip pat teig\u0117, kad galutinis JAV paj\u0117g\u0173 dislokavimo tikslas \u2013 u\u017egrobti Venesuelos naftos atsargas ir destabilizuoti Lotyn\u0173 Amerik\u0105.<\/p>\n<p>Venesuela paskelb\u0117 apie savo karini\u0173 paj\u0117g\u0173 dislokavim\u0105 visoje \u0161alyje siekiant atremti JAV karinio j\u016br\u0173 laivyno telkim\u0105 prie jos krant\u0173.<\/p>\n","protected":false},"excerpt":{"rendered":"\u201eA\u0161 tam tikra prasme apsisprend\u017eiau\u201c, \u2013 sak\u0117 D. Trumpas \u017eurnalistams l\u0117ktuve \u201eAir Force One\u201c, keliaudamas \u012f savo valdas&hellip;\n","protected":false},"author":2,"featured_media":23841,"comment_status":"","ping_status":"","sticky":false,"template":"","format":"standard","meta":{"footnotes":""},"categories":[15],"tags":[25,30,31,194,34,35,24,223,32,33,37,39,36,38,9591,40,23,22,44,28,29,26,27,694,74,75,76],"class_list":{"0":"post-40597","1":"post","2":"type-post","3":"status-publish","4":"format-standard","5":"has-post-thumbnail","7":"category-pasaulis","8":"tag-antrastes","9":"tag-breaking-news","10":"tag-breakingnews","11":"tag-donaldas-trumpas","12":"tag-featured-news","13":"tag-featurednews","14":"tag-headlines","15":"tag-jav","16":"tag-latest-news","17":"tag-latestnews","18":"tag-lietuva","19":"tag-lietuviu","20":"tag-lithuania","21":"tag-lithuanian","22":"tag-lotynu-amerika","23":"tag-lt","24":"tag-naujienos","25":"tag-news","26":"tag-pasaulis","27":"tag-populiariausios-naujienos","28":"tag-populiariausiosnaujienos","29":"tag-top-stories","30":"tag-topstories","31":"tag-venesuela","32":"tag-world","33":"tag-world-news","34":"tag-worldnews"},"share_on_mastodon":{"url":"https:\/\/pubeurope.com\/@lt\/115554213207437291","error":""},"_links":{"self":[{"href":"https:\/\/www.europesays.com\/lt\/wp-json\/wp\/v2\/posts\/40597","targetHints":{"allow":["GET"]}}],"collection":[{"href":"https:\/\/www.europesays.com\/lt\/wp-json\/wp\/v2\/posts"}],"about":[{"href":"https:\/\/www.europesays.com\/lt\/wp-json\/wp\/v2\/types\/post"}],"author":[{"embeddable":true,"href":"https:\/\/www.europesays.com\/lt\/wp-json\/wp\/v2\/users\/2"}],"replies":[{"embeddable":true,"href":"https:\/\/www.europesays.com\/lt\/wp-json\/wp\/v2\/comments?post=40597"}],"version-history":[{"count":0,"href":"https:\/\/www.europesays.com\/lt\/wp-json\/wp\/v2\/posts\/40597\/revisions"}],"wp:featuredmedia":[{"embeddable":true,"href":"https:\/\/www.europesays.com\/lt\/wp-json\/wp\/v2\/media\/23841"}],"wp:attachment":[{"href":"https:\/\/www.europesays.com\/lt\/wp-json\/wp\/v2\/media?parent=40597"}],"wp:term":[{"taxonomy":"category","embeddable":true,"href":"https:\/\/www.europesays.com\/lt\/wp-json\/wp\/v2\/categories?post=40597"},{"taxonomy":"post_tag","embeddable":true,"href":"https:\/\/www.europesays.com\/lt\/wp-json\/wp\/v2\/tags?post=40597"}],"curies":[{"name":"wp","href":"https:\/\/api.w.org\/{rel}","templated":true}]}}