{"id":40882,"date":"2025-11-16T06:58:08","date_gmt":"2025-11-16T06:58:08","guid":{"rendered":"https:\/\/www.europesays.com\/lt\/40882\/"},"modified":"2025-11-16T06:58:08","modified_gmt":"2025-11-16T06:58:08","slug":"karas-ukrainoje-po-rusijos-smugiu-kyjivui-zelenskis-kartoja-prasyma-delfi","status":"publish","type":"post","link":"https:\/\/www.europesays.com\/lt\/40882\/","title":{"rendered":"Karas Ukrainoje. Po Rusijos sm\u016bgi\u0173 Kyjivui Zelenskis kartoja pra\u0161ym\u0105 &#8211; Delfi"},"content":{"rendered":"<ol>\n<li><a href=\"https:\/\/news.google.com\/rss\/articles\/CBMitgFBVV95cUxQa2h0bXBra3FTLWxVcXFJV1FydlRkT0k4aFZXRENldmlZZXp4N1d1SlRzOFlpMG5ydDdyS0tyNi0yYThPYnRuTXJWNkFWYmMtdUlXd1dFWGJaN3lRS2VjOXpieWRwcUxnY1NRS2dWOUk2ZWRFdG1UcE9fLXZPMDg3MTgyRV9yTjI4MV9TeENIYjFZX2xPSVVYWjFmZmFYZFNrcjE1d2xOdDFlM01POGFOcUZhVHR4UQ?oc=5\" target=\"_blank\" rel=\"nofollow noopener\">Karas Ukrainoje. Po Rusijos sm\u016bgi\u0173 Kyjivui Zelenskis kartoja pra\u0161ym\u0105<\/a>&nbsp;&nbsp;Delfi<\/li>\n<li><a href=\"https:\/\/news.google.com\/rss\/articles\/CBMiqAFBVV95cUxOMXl3T21PbUdaVl9jMVBLNXgxX3VaUHRDaHFjZmlISVpldUpaRU1oNVJwN1lwdkZ0UG42TFpIUW4xXzdfT2hzYzJuczV1eWRBczJsWWdOckF5NGR5dzI4aTBSRko1cFdlZEVnS19Ic2dGRktHb3o5dHQyNTBScWNBbk5QeXp3RWZka0xQSERqYTZqdTBqa0o2RldaQW80ME4zQ0EyU1phZDY?oc=5\" target=\"_blank\" rel=\"nofollow noopener\">Per Rusijos sm\u016bg\u012f Kyjivui apgadinta Azerbaid\u017eano ambasada<\/a>&nbsp;&nbsp;Delfi<\/li>\n<li><a href=\"https:\/\/news.google.com\/rss\/articles\/CBMinAJBVV95cUxNSFozclAzNGYwOHVXWEJBeU5MdXhCbFVyWFlDZVRFNlFyb0NVc3ZjdXBNT2NRUzBFb0hxS2g4V1BQREJucERNd2pHemdFRlppTDMwejlNejVkcUl2Y2JKWUZVNDRfdkpKOWF6YXJDc0J5X2NESjExLUlVeEZabnVocmttRTdKQ251NXV3S3A1RzdpT2YyV3hkZ3NDbktBdmdQdElSRnhrOUUxYXhXYk55elFwZENpR1hsUFBELWtpcW5kcy1GTnRueWc0UXBpamNDVjdfYUpPLVJfVXNJc2FieTBLM2dCUkkwOGhtQVI2SGtsaURvSUdETl8wMWwyamJYN0NxeUIycTQyYXY4UV9fMlE3enA1dnNIc2VnZA?oc=5\" target=\"_blank\" rel=\"nofollow noopener\">Karas Ukrainoje. Gyn\u0117j\u0173 paj\u0117gos susprogdino keli\u0105 \u012f Pokrovsk\u0105<\/a>&nbsp;&nbsp;Lrytas<\/li>\n<li><a href=\"https:\/\/news.google.com\/rss\/articles\/CBMi4gFBVV95cUxORDlzZkt6TEJUMFNOZnVlOVhiNkxyV0p5M2ZvQ1VkRkVRSEFWM25CcG51SmM1dEZoVzZqalFfSlFNRTN1TjRHelBXWk1nZzdIR19zaXNON3pLOEJXSTBNTVE3dVVST1JONmkxUVdkM0xqbHV3eVRDNFNHQzZib1d3QlE4V0lwaC04bnZ1dzFzZGZJTHJLVGQ3V1pJMlRIcGlTWTR6UE8tUjBIY3NJb2g4U1ZuZ0RwVmMwcXlXNnlsVnZNeTZsUEtVUHVENUlMZlFjYzBJYm5uNEtXR0JsZG1HVWt3?oc=5\" target=\"_blank\" rel=\"nofollow noopener\">Rusija nori i\u0161vesti Kyjiv\u0105 i\u0161 rikiuot\u0117s: \u0161aud\u0117 \u012f daugiabu\u010dius, paliko be elektros ir vandens<\/a>&nbsp;&nbsp;15min.lt<\/li>\n<li><a href=\"https:\/\/news.google.com\/rss\/articles\/CBMi0AFBVV95cUxPX2xKdjZSal9rcUdHVzlPdFpIbmlacjJ4M3NyTE1tU3Vza3hsaHF4NmZGam5DOHZvV2M3c1J0ZHNBdzh6Q3JZdWVpektHejNqMFJkV1FmTi12Umc2VFU2T1VCTlZ1YmhPR09RSHp2dVBfODdrNU1kVmxpX2hxT0VtVHdfTEZ3ZVV1cGoydERYWTN2bHpReHlPUHBfaEFKcXFGNjdDNlVfWE5ENkhULUpQbkZ2MHVYSW1SUU5VMnR0TFBXcDAzQjVNTmNvSHVSQjhk?oc=5\" target=\"_blank\" rel=\"nofollow noopener\">Rusijos ir Ukrainos atakas \u012fvertin\u0119s Linkevi\u010dius: iniciatyva nepriklauso n\u0117 vienai \u0161aliai<\/a>&nbsp;&nbsp;LRT<\/li>\n<\/ol>\n","protected":false},"excerpt":{"rendered":"Karas Ukrainoje. Po Rusijos sm\u016bgi\u0173 Kyjivui Zelenskis kartoja pra\u0161ym\u0105&nbsp;&nbsp;Delfi Per Rusijos sm\u016bg\u012f Kyjivui apgadinta Azerbaid\u017eano ambasada&nbsp;&nbsp;Delfi Karas Ukrainoje.&hellip;\n","protected":false},"author":2,"featured_media":40883,"comment_status":"","ping_status":"","sticky":false,"template":"","format":"standard","meta":{"footnotes":""},"categories":[15],"tags":[25,30,31,34,35,24,121,32,33,37,39,36,38,40,23,22,44,28,29,26,27,74,75,76],"class_list":{"0":"post-40882","1":"post","2":"type-post","3":"status-publish","4":"format-standard","5":"has-post-thumbnail","7":"category-pasaulis","8":"tag-antrastes","9":"tag-breaking-news","10":"tag-breakingnews","11":"tag-featured-news","12":"tag-featurednews","13":"tag-headlines","14":"tag-karas-ukrainoje","15":"tag-latest-news","16":"tag-latestnews","17":"tag-lietuva","18":"tag-lietuviu","19":"tag-lithuania","20":"tag-lithuanian","21":"tag-lt","22":"tag-naujienos","23":"tag-news","24":"tag-pasaulis","25":"tag-populiariausios-naujienos","26":"tag-populiariausiosnaujienos","27":"tag-top-stories","28":"tag-topstories","29":"tag-world","30":"tag-world-news","31":"tag-worldnews"},"share_on_mastodon":{"url":"https:\/\/pubeurope.com\/@lt\/115558082510852747","error":""},"_links":{"self":[{"href":"https:\/\/www.europesays.com\/lt\/wp-json\/wp\/v2\/posts\/40882","targetHints":{"allow":["GET"]}}],"collection":[{"href":"https:\/\/www.europesays.com\/lt\/wp-json\/wp\/v2\/posts"}],"about":[{"href":"https:\/\/www.europesays.com\/lt\/wp-json\/wp\/v2\/types\/post"}],"author":[{"embeddable":true,"href":"https:\/\/www.europesays.com\/lt\/wp-json\/wp\/v2\/users\/2"}],"replies":[{"embeddable":true,"href":"https:\/\/www.europesays.com\/lt\/wp-json\/wp\/v2\/comments?post=40882"}],"version-history":[{"count":0,"href":"https:\/\/www.europesays.com\/lt\/wp-json\/wp\/v2\/posts\/40882\/revisions"}],"wp:featuredmedia":[{"embeddable":true,"href":"https:\/\/www.europesays.com\/lt\/wp-json\/wp\/v2\/media\/40883"}],"wp:attachment":[{"href":"https:\/\/www.europesays.com\/lt\/wp-json\/wp\/v2\/media?parent=40882"}],"wp:term":[{"taxonomy":"category","embeddable":true,"href":"https:\/\/www.europesays.com\/lt\/wp-json\/wp\/v2\/categories?post=40882"},{"taxonomy":"post_tag","embeddable":true,"href":"https:\/\/www.europesays.com\/lt\/wp-json\/wp\/v2\/tags?post=40882"}],"curies":[{"name":"wp","href":"https:\/\/api.w.org\/{rel}","templated":true}]}}