{"id":41024,"date":"2025-11-16T11:59:09","date_gmt":"2025-11-16T11:59:09","guid":{"rendered":"https:\/\/www.europesays.com\/lt\/41024\/"},"modified":"2025-11-16T11:59:09","modified_gmt":"2025-11-16T11:59:09","slug":"18-metes-nuzudymo-ir-isprievartavimo-byloje-bus-apklaustas-islaptintas-liudytojas","status":"publish","type":"post","link":"https:\/\/www.europesays.com\/lt\/41024\/","title":{"rendered":"18-met\u0117s nu\u017eudymo ir i\u0161prievartavimo byloje bus apklaustas \u012fslaptintas liudytojas"},"content":{"rendered":"<p>Prie\u0161 teism\u0105 stojo vienas Kauno mafijos \u0161ul\u0173, 50 met\u0173 Klaidas Kanarskas-Klaidensas, kurio suburta \u201eAguonini\u0173\u201c gauja transformavosi \u012f vien\u0105 did\u017eiausi\u0173 visoje Lietuvoje nusikalstam\u0173 susivienijim\u0173 \u2013 \u201eKamuolinius\u201c.<\/p>\n<p>\u0160i\u0105 savait\u0119 buvo apklausti trys i\u0161 keturi\u0173 paskutini\u0173j\u0173 liudytoj\u0173, kurie, pareig\u016bn\u0173 duomenimis, prie\u0161 ketvirt\u012f am\u017eiaus priklaus\u0117 laikinosios sostin\u0117s \u0161e\u0161\u0117liniam pasauliui.<\/p>\n<p>Ateinant\u012f pirmadien\u012f nuotoliniu b\u016bdu bus apklaustas paskutinysis liudytojas, kuris vienintelis i\u0161 daugiau nei 30 teisme apklaust\u0173 \u017emoni\u0173 yra \u012fslaptintas.<\/p>\n<p>\u0160is vyras dabar gyvena u\u017esienyje ir taip pat praeityje buvo susij\u0119s su nusikalstamu pasauliu.<\/p>\n<p>Portalo Lrytas \u017einiomis, jog parodymai byloje gali b\u016bti ypa\u010d reik\u0161mingi, siekiant i\u0161narplioti \u017emog\u017eudyst\u0117s bylos gijas.<\/p>\n<p>Gresia kal\u0117jimas iki gyvos galvos<\/p>\n<p>Apklausus visus liudytojus, parodymus \u017ead\u0117jo duoti kaltinamasis, o v\u0117liau bus pagarsinta bylos med\u017eiaga, sakomos baigiamosios kalbos ir skelbiamas nuosprendis.<\/p>\n<p>Byla teisme nagrin\u0117jama gana spar\u010diai, turint omeny, kad jau apklausti beveik visi 36 liudytojai.<\/p>\n<p>Tad, tik\u0117tina, ne u\u017e kaln\u0173 jau ir verdiktas.<\/p>\n<p>K. Kanarskui u\u017e \u0161\u012f \u012fkalinim\u0105 gresia kal\u0117jimas nuo 8 iki 20 met\u0173 arba pat\u012f grie\u017e\u010diausia bausm\u0117 \u2013 \u012fkalinimas iki gyvos galvos.<\/p>\n<p>Nors savo kalt\u0117s jis atkakliai kratosi, Kauno prokuroras Vytautas Gataveckas tvirtino, kad prie\u0161 j\u012f yra surinkta pakankamai svari\u0173 \u012frodym\u0173.<\/p>\n<p>Paspend\u0117 mirtinus sp\u0105stus 18-met\u0117 buvo nu\u017eudyta 2002 met\u0173 vasario 11-\u0105j\u0105, prie\u0161 vidurnakt\u012f Dainavos mikrorajone esan\u010diame daugiabu\u010di\u0173 kvartale \u2013 pareig\u016bn\u0173 duomenimis, mergin\u0105 V. Kr\u0117v\u0117s prospekte netoli nuo jos nam\u0173 \u012f sp\u0105stus \u012fviliojo K. Kanarskas, i\u0161 anksto suplanav\u0119s \u017emog\u017eudyst\u0119.<\/p>\n<p>K. Kanarskas ir kasininke viename prekybos centr\u0173 dirbusi mergina buvo pa\u017e\u012fstami \u2013 panaudodamas smurt\u0105, Klaidensas mergin\u0105 i\u0161\u017eagino nuo 2002 met\u0173 vasario 10-osios iki vasario 11-osios vidurdienio, tiksliai nenustatytoje vietoje Kaune.<\/p>\n<p>Su\u017einoj\u0119s, kad nukent\u0117jusioji ketina ra\u0161yti policijai parei\u0161kim\u0105, grupuot\u0117s vadeiva i\u0161sigando, jog u\u017e \u0161\u012f sunk\u0173 nusikaltim\u0105 gali atsidurti kal\u0117jime.<\/p>\n<p>Tod\u0117l vien\u0105 siaubing\u0105 nusikaltim\u0105 nuspr\u0119sta pasl\u0117pti dar baisesniu \u2013 \u017emog\u017eudyste.<\/p>\n<p>Apsimet\u0119s, jog siekia taikaus susitarimo, K. Kanarskas pasi\u016bl\u0117 merginai susitikti V. Kr\u0117v\u0117s prospekte \u2013 auka sutiko nenujausdama, koks baisus likimas jos laukia.<\/p>\n<p>Dar nemat\u0117 taip \u017eiauriai sumu\u0161to \u017emogaus<\/p>\n<p>Kruvinai u\u017ema\u010diai \u012fvykdyti K. Kanarskas pasikviet\u0117 savo draug\u0105, \u201ekamuolin\u012f\u201c Jon\u0105 Snie\u0161k\u0105-D\u017eon\u012f \u2013 sargyboje stov\u0117jusio s\u0117bro u\u017eduotis buvo persp\u0117ti nuo alkoholio ir narkotik\u0173 apsvaigus\u012f Klaidens\u0105, jeigu egzekucijos metu pasirodyt\u0173 v\u0117lyvi praeiviai.<\/p>\n<p>\u017dudikui ir jo s\u0117brui pab\u0117gus, \u012f nusikaltimo viet\u0105 po kurio laiko atsitiktini\u0173 praeivi\u0173 i\u0161kviesti pareig\u016bnai tvirtino taip \u017eiauriai sumu\u0161to \u017emogaus nemat\u0119 per vis\u0105 gyvenim\u0105 \u2013 merginos buvo ne\u012fmanoma atpa\u017einti, nesimat\u0117 netgi jos veido bruo\u017e\u0173.<\/p>\n<p>Lauke prie V. Kr\u0117v\u0117s prospekto daugiabu\u010dio u\u017epultai merginai smogta ma\u017eiausiai 31 kart\u0105 \u012f galv\u0105 ir kitas k\u016bno vietas.<\/p>\n<p>Ji buvo spardoma, smaugiama, galva trankoma \u012f grindin\u012f arba namo sien\u0105 \u2013 veido bruo\u017e\u0173 tapo beveik ne\u012fmanoma atpa\u017einti, o aukos gyvyb\u0117, pra\u0117jus 3 dienoms nuo egzekucijos, u\u017egeso Kauno klinik\u0173 reanimacijoje, jai taip ir neatgavus s\u0105mon\u0117s.<\/p>\n<p>Papra\u0161ytas pakomentuoti visus \u0161iuos prokurat\u016bros kaltinimus K. Kanarskas portalui Lrytas ai\u0161kino, jog neva yra \u0161mei\u017eiamas. Prie\u0161 mergin\u0105 jis tikino nesmurtav\u0119s.<\/p>\n<p>Viliamasi, jog \u0161\u012fkart nei\u0161sisuks<\/p>\n<p>Po \u017emog\u017eudyst\u0117s D\u017eonis pab\u0117go \u012f u\u017esien\u012f, o K. Kanarskas, prokuror\u0173 nuostabai, 2004 metais Kauno apygardos teisme buvo i\u0161teisintas ir i\u0161leistas \u012f laisv\u0119.<\/p>\n<p>Ta\u010diau metams b\u0117gant paai\u0161k\u0117jo naujos svarbios detal\u0117s ir byla 2023 metais buvo atnaujinta, o 2024 met\u0173 pabaigoje prad\u0117ta nagrin\u0117ti tame pa\u010diame teisme, v\u0117l parei\u0161kus kaltinimus Klaidensui.<\/p>\n<p>Byl\u0105 atnaujinimui \u017eali\u0105 \u0161vies\u0105 u\u017edeg\u0119s Auk\u0161\u010diausiasis teismas 2023-i\u0173j\u0173 baland\u012f konstatavo, jog kai kurie prie\u0161 21 metus tyrim\u0105 i\u0161prievartavimo ir nu\u017eudymo byloje atlik\u0119 teis\u0117saugos pareig\u016bnai savo darb\u0105 atliko nei\u0161samiai, \u012f\u017evelgdamas piktnaud\u017eiavimo ir nusikalstamo aplaidumo po\u017eymi\u0173. Ta\u010diau nuo teis\u0117sauginink\u0173 nenukrito n\u0117 plaukas, nes d\u0117l j\u0173 veiksm\u0173 jau buvo su\u0117jusi senatis.<\/p>\n<p>\u017dmog\u017eudyst\u0117s byl\u0105 atnaujinti pad\u0117jo J. Snie\u0161kos sulaikymas. 2018 metais jis buvo su\u010diuptas Jungtin\u0117je Karalyst\u0117je ir pristatytas \u012f Lietuv\u0105.<\/p>\n<p>Tiriant kitus \u201eKamuolini\u0173\u201c gaujos nusikaltimus, pareig\u016bnams pavyko su\u017einoti ir naujas 18-met\u0117s nu\u017eudymo detales, atvedusias \u012f teism\u0105 K. Kanarsk\u0105.<\/p>\n<p>Tarsi nujausdamas gresian\u010di\u0105 itin grie\u017et\u0105 bausm\u0119, 2022 met\u0173 baland\u012f J. Snie\u0161ka nusi\u017eud\u0117 Vilniaus policijos are\u0161tin\u0117je.<\/p>\n<p>K. Kanarsk\u0105 klampina ir naujausi maisto i\u0161ve\u017eiojo parodymai, duoti n\u016bdienos proceso metu.<\/p>\n<p>Teisme per apklaus\u0105 buv\u0119s kurjeris prisimin\u0117, kaip prie\u0161 23 metus, jau po \u017emog\u017eudyst\u0117s, sulauk\u0117 u\u017esakymo pristatyti \u012f Klaidenso namus cepelinus, o atvyk\u0119s nurodytu adresu, mafiozas parod\u0117 jam straipsn\u012f viename Kauno dienra\u0161\u010di\u0173: \u201e\u017di\u016br\u0117k, tai apie mane ra\u0161o. A\u0161 j\u0105 nu\u017eud\u017eiau\u201c. I\u0161ve\u017eiotojui susidar\u0117 \u012fsp\u016bdis, kad \u0161eimininkas buvo smarkiai apsvaig\u0119s nuo alkoholio.<\/p>\n<p>Teismai toliau \u0161veln\u016bs<\/p>\n<p>K. Kanarskui u\u017e 18-met\u0117s i\u0161prievartavim\u0105 ir nu\u017eudym\u0105 gresia kal\u0117jimas iki gyvos galvos.<\/p>\n<p>Pati grie\u017e\u010diausia bausm\u0117 Klaidensui gresia ir kitoje byloje, kurioje jis kaltinamas vadovavimu nusikalstamam susivienijimui ir did\u017eiuli\u0173 narkotik\u0173 kieki\u0173 platinimu.<\/p>\n<p>Byla \u0161iuo metu irgi yra nagrin\u0117jama Kauno apygardos teisme \u2013 be K. Kanarsko, kaltinimai joje pareik\u0161ti dar 6 mafiozams. Nuosprendis tur\u0117t\u0173 b\u016bti skelbiamas gruod\u012f.<\/p>\n<p>Sakydama baigiam\u0105j\u0105 kalb\u0105, prokuror\u0117 Nomeda Urbonavi\u010dien\u0117 pasi\u016bl\u0117 \u012fkalinti Klaidens\u0105 20 met\u0173.<\/p>\n<p>Nepaisant K. Kanarskui inkriminuojam\u0173 ypatingai sunki\u0173 nusikaltim\u0173, nuosprend\u017ei\u0173 jis \u0161iuo metu laukia laisv\u0117je, sudarant s\u0105lygas pasprukti nuo teisingumo \u2013 teismai yra nusprend\u0119 skirti jam \u0161velnesnes kardom\u0105sias priemones nei su\u0117mimas.<\/p>\n","protected":false},"excerpt":{"rendered":"Prie\u0161 teism\u0105 stojo vienas Kauno mafijos \u0161ul\u0173, 50 met\u0173 Klaidas Kanarskas-Klaidensas, kurio suburta \u201eAguonini\u0173\u201c gauja transformavosi \u012f vien\u0105&hellip;\n","protected":false},"author":2,"featured_media":41025,"comment_status":"","ping_status":"","sticky":false,"template":"","format":"standard","meta":{"footnotes":""},"categories":[13],"tags":[25,30,31,34,35,24,32,33,37,39,36,38,40,23,22,28,29,26,27],"class_list":{"0":"post-41024","1":"post","2":"type-post","3":"status-publish","4":"format-standard","5":"has-post-thumbnail","7":"category-lietuva","8":"tag-antrastes","9":"tag-breaking-news","10":"tag-breakingnews","11":"tag-featured-news","12":"tag-featurednews","13":"tag-headlines","14":"tag-latest-news","15":"tag-latestnews","16":"tag-lietuva","17":"tag-lietuviu","18":"tag-lithuania","19":"tag-lithuanian","20":"tag-lt","21":"tag-naujienos","22":"tag-news","23":"tag-populiariausios-naujienos","24":"tag-populiariausiosnaujienos","25":"tag-top-stories","26":"tag-topstories"},"share_on_mastodon":{"url":"https:\/\/pubeurope.com\/@lt\/115559266091736190","error":""},"_links":{"self":[{"href":"https:\/\/www.europesays.com\/lt\/wp-json\/wp\/v2\/posts\/41024","targetHints":{"allow":["GET"]}}],"collection":[{"href":"https:\/\/www.europesays.com\/lt\/wp-json\/wp\/v2\/posts"}],"about":[{"href":"https:\/\/www.europesays.com\/lt\/wp-json\/wp\/v2\/types\/post"}],"author":[{"embeddable":true,"href":"https:\/\/www.europesays.com\/lt\/wp-json\/wp\/v2\/users\/2"}],"replies":[{"embeddable":true,"href":"https:\/\/www.europesays.com\/lt\/wp-json\/wp\/v2\/comments?post=41024"}],"version-history":[{"count":0,"href":"https:\/\/www.europesays.com\/lt\/wp-json\/wp\/v2\/posts\/41024\/revisions"}],"wp:featuredmedia":[{"embeddable":true,"href":"https:\/\/www.europesays.com\/lt\/wp-json\/wp\/v2\/media\/41025"}],"wp:attachment":[{"href":"https:\/\/www.europesays.com\/lt\/wp-json\/wp\/v2\/media?parent=41024"}],"wp:term":[{"taxonomy":"category","embeddable":true,"href":"https:\/\/www.europesays.com\/lt\/wp-json\/wp\/v2\/categories?post=41024"},{"taxonomy":"post_tag","embeddable":true,"href":"https:\/\/www.europesays.com\/lt\/wp-json\/wp\/v2\/tags?post=41024"}],"curies":[{"name":"wp","href":"https:\/\/api.w.org\/{rel}","templated":true}]}}