{"id":41026,"date":"2025-11-16T12:00:12","date_gmt":"2025-11-16T12:00:12","guid":{"rendered":"https:\/\/www.europesays.com\/lt\/41026\/"},"modified":"2025-11-16T12:00:12","modified_gmt":"2025-11-16T12:00:12","slug":"amerikieciu-reklamoje-paminetas-lietuvos-vardas-sieke-pasisaipyti","status":"publish","type":"post","link":"https:\/\/www.europesays.com\/lt\/41026\/","title":{"rendered":"Amerikie\u010di\u0173 reklamoje pamin\u0117tas Lietuvos vardas: siek\u0117 pasi\u0161aipyti?"},"content":{"rendered":"<p>\u0160i reklama buvo pristatyta \u017einomos komik\u0117s Nikki Glaser vedamoje laidoje \u201eSaturday Night Live\u201c.<\/p>\n<p>Laidos metu buvo \u0161maik\u0161\u010diai pristatomos suagusiems skirtos \u017emogaus dyd\u017eio l\u0117l\u0117s, o viena i\u0161 j\u0173 buvo pristatyta kaip lietuv\u0117.<\/p>\n<p>I\u0161 ties\u0173 toki\u0173 l\u0117li\u0173 nusipirkti negalima, nes jos i\u0161galvotos ir pristatytos tik juoko forma.<\/p>\n<p>Nors kai kurios l\u0117l\u0117s buvo sukurtos pagal i\u0161kilias istorines fig\u016bras, pasirod\u0119s \u012fra\u0161as \u012fpliesk\u0117 diskusij\u0105 tarp internaut\u0173, nes kai kurios buvo siejamos ir su tam tikrais feti\u0161ais.<\/p>\n<p>Pavyzd\u017eiui, viena l\u0117l\u0117 buvo pristatoma kaip ta, kuri nori b\u016bti dainininke, tod\u0117l visada yra i\u0161si\u017eiojusi.<\/p>\n<p>Reklamoje pasirod\u0117 ir l\u0117l\u0117 slaugytoja, neva kilusi i\u0161 Lietuvos. Kai l\u0117l\u0119 pristat\u0119s vyras j\u0105 pavadino lietuve, komik\u0117 Nikki Glaser suskubo \u201epataisyti\u201c, kad l\u0117l\u0117 yra amerikiet\u0117.<\/p>\n<p>Tada vyras parod\u0117 ant l\u0117l\u0117s pir\u0161to tviskant\u012f \u017eied\u0105 ir i\u0161tar\u0117: \u201eDabar jau taip.\u201c<\/p>\n<p>Kai kurie internautai tikino nesuprat\u0119, kod\u0117l reklamoje lietuv\u0117 pavaizduota b\u016btent taip. J\u0173 manymu, tai gal\u0117jo b\u016bti susij\u0119 su noru emigruoti ir susituokti su u\u017esienie\u010diu.<\/p>\n<p>Kiti pabr\u0117\u017e\u0117, kad lietuv\u0117s \u2013 labai gra\u017eios moterys ir kad tai \u2013 viskas, k\u0105 buvo norima pasakyti \u0161ioje reklamoje.<\/p>\n<p>Vaizdo \u012fra\u0161\u0105 galite pamatyti \u010dia:<\/p>\n","protected":false},"excerpt":{"rendered":"\u0160i reklama buvo pristatyta \u017einomos komik\u0117s Nikki Glaser vedamoje laidoje \u201eSaturday Night Live\u201c. Laidos metu buvo \u0161maik\u0161\u010diai pristatomos&hellip;\n","protected":false},"author":2,"featured_media":41027,"comment_status":"","ping_status":"","sticky":false,"template":"","format":"standard","meta":{"footnotes":""},"categories":[6],"tags":[25,30,31,34,35,24,32,33,37,39,36,38,40,23,22,28,29,26,27],"class_list":{"0":"post-41026","1":"post","2":"type-post","3":"status-publish","4":"format-standard","5":"has-post-thumbnail","7":"category-antrastes","8":"tag-antrastes","9":"tag-breaking-news","10":"tag-breakingnews","11":"tag-featured-news","12":"tag-featurednews","13":"tag-headlines","14":"tag-latest-news","15":"tag-latestnews","16":"tag-lietuva","17":"tag-lietuviu","18":"tag-lithuania","19":"tag-lithuanian","20":"tag-lt","21":"tag-naujienos","22":"tag-news","23":"tag-populiariausios-naujienos","24":"tag-populiariausiosnaujienos","25":"tag-top-stories","26":"tag-topstories"},"share_on_mastodon":{"url":"https:\/\/pubeurope.com\/@lt\/115559269823294916","error":""},"_links":{"self":[{"href":"https:\/\/www.europesays.com\/lt\/wp-json\/wp\/v2\/posts\/41026","targetHints":{"allow":["GET"]}}],"collection":[{"href":"https:\/\/www.europesays.com\/lt\/wp-json\/wp\/v2\/posts"}],"about":[{"href":"https:\/\/www.europesays.com\/lt\/wp-json\/wp\/v2\/types\/post"}],"author":[{"embeddable":true,"href":"https:\/\/www.europesays.com\/lt\/wp-json\/wp\/v2\/users\/2"}],"replies":[{"embeddable":true,"href":"https:\/\/www.europesays.com\/lt\/wp-json\/wp\/v2\/comments?post=41026"}],"version-history":[{"count":0,"href":"https:\/\/www.europesays.com\/lt\/wp-json\/wp\/v2\/posts\/41026\/revisions"}],"wp:featuredmedia":[{"embeddable":true,"href":"https:\/\/www.europesays.com\/lt\/wp-json\/wp\/v2\/media\/41027"}],"wp:attachment":[{"href":"https:\/\/www.europesays.com\/lt\/wp-json\/wp\/v2\/media?parent=41026"}],"wp:term":[{"taxonomy":"category","embeddable":true,"href":"https:\/\/www.europesays.com\/lt\/wp-json\/wp\/v2\/categories?post=41026"},{"taxonomy":"post_tag","embeddable":true,"href":"https:\/\/www.europesays.com\/lt\/wp-json\/wp\/v2\/tags?post=41026"}],"curies":[{"name":"wp","href":"https:\/\/api.w.org\/{rel}","templated":true}]}}