{"id":41032,"date":"2025-11-16T12:05:15","date_gmt":"2025-11-16T12:05:15","guid":{"rendered":"https:\/\/www.europesays.com\/lt\/41032\/"},"modified":"2025-11-16T12:05:15","modified_gmt":"2025-11-16T12:05:15","slug":"prabilo-nuzudyta-neriju-ambajeva-nieza-artimai-pazinojes-sasha-song-tai-buvo-pagalbos-sauksmas","status":"publish","type":"post","link":"https:\/\/www.europesays.com\/lt\/41032\/","title":{"rendered":"Prabilo nu\u017eudyt\u0105 Nerij\u0173 Ambajev\u0105-Nie\u017e\u0105 artimai pa\u017einoj\u0119s Sasha Song: \u201eTai buvo pagalbos \u0161auksmas\u201c"},"content":{"rendered":"\n<p>Primename, kad N. Ambajevas buvo nu\u017eudytas lapkri\u010dio 14-\u0105j\u0105, penktadien\u012f. Vienas i\u0161 \u012ftariam\u0173j\u0173 \u2013 jo sugyventinis Paulius Gai\u017eauskas.<\/p>\n<p> Susipa\u017einimo istorija <\/p>\n<p>TikToker\u012f pa\u017einojo atlik\u0117jas <a href=\"https:\/\/www.tv3.lt\/gaires\/sasha-song\" target=\"_blank\" rel=\"nofollow noopener\">Sasha Song<\/a>. Anot jo, jie susipa\u017eino prie\u0161 daug met\u0173 viename i\u0161 vakar\u0117li\u0173.<\/p>\n<p>\u201eJeigu atvirai, tai buvo taip seniai, kad tiksliai net sunku prisiminti. Bet, kiek pamenu, tai \u012fvyko ka\u017ekokiame vakar\u0117lyje. Ka\u017ekas mus tiesiog supa\u017eindino, ir nuo tada prad\u0117jome bendrauti. Viskas \u012fvyko labai nat\u016braliai \u2013 tiesiog u\u017esimezg\u0117 ry\u0161ys\u201c, \u2013 sak\u0117 dainininkas.<\/p>\n<p>Pasak jo, Nerijus buvo i\u0161skirtinis \u017emogus savo bendravimu. Su juo vis susidurdavo renginiuose, vakar\u0117liuose.<\/p>\n<p>\u201eNerij\u0173 prisimenu kaip \u017emog\u0173, su kuriuo gyvenimo keliai susikirto dar prie\u0161 daugel\u012f met\u0173. Tikslios datos jau nebeprisimenu, bet \u017einau, kad tai buvo tikrai daugiau nei prie\u0161 de\u0161imt met\u0173.<\/p>\n<p>Mes da\u017enai susitikdavome \u012fvairiuose vakar\u0117liuose, renginiuose, kur m\u016bs\u0173 pokalbiai visada ka\u017ekaip nat\u016braliai u\u017esimegzdavo. Jis buvo \u012fdomus, nuo\u0161irdus, turintis savit\u0105 po\u017ei\u016br\u012f \u012f gyvenim\u0105, tod\u0117l su juo bendrauti b\u016bdavo lengva ir netgi smalsu\u201c, \u2013 dalijosi Sasha Song.<\/p>\n<p>   Kamavo priklausomyb\u0117s <\/p>\n<p>Kalb\u0117damas apie bi\u010diul\u012f, jis nesl\u0117p\u0117, kad j\u012f valdanti priklausomyb\u0117 ai\u0161kiai mat\u0117si. Tais laikais ir pats pa\u0161nekovas kovojo su \u0161ia liga.<\/p>\n<p>\u201eA\u0161 \u017einojau, kad Nerijus kovojo su priklausomybe \u2013 tiek alkoholiu, tiek narkotikais. Tai mat\u0117si, bet tuomet, ties\u0105 sakant, ir pats nebuvau toli nuo pavojingo kelio. Tod\u0117l m\u016bs\u0173 ry\u0161ys i\u0161 dalies buvo ir tas bendras supratimas, savoti\u0161kas tylus \u017einojimas, kad abu turime b\u016bti atsarg\u016bs. Kartais man atrod\u0117, kad jo gyvenimas gali pasisukti gera linkme \u2013 jis ka\u017ekur studijavo, dom\u0117josi mano muzika, palaik\u0117 mane. Mes visada rasdavome laiko paklausti vienas kito, kaip sekasi.<\/p>\n<p>         <a href=\"https:\/\/www.tv3.lt\/Uploads\/UGallery\/photos\/6b\/b6\/e4\/75\/6bb6e4758d4e171a83bc8c31d99962d1.jpg\" data-fancybox=\"photos-embed\" data-caption=\"Sasha Song (Nuotr. Laura Vi\u0161inskait\u0117)\" target=\"_self\" rel=\"nofollow noopener\"> <img decoding=\"async\" class=\"photo-inside-article\" align=\"center\" alt=\"Sasha Song (Nuotr. Laura Vi\u0161inskait\u0117)\" title=\"Sasha Song (Nuotr. Laura Vi\u0161inskait\u0117)\" src=\"https:\/\/www.europesays.com\/lt\/wp-content\/uploads\/2025\/11\/6bb6e4758d4e171a83bc8c31d99962d1.jpg\" width=\"684\" height=\"654\" loading=\"lazy\" \/> <\/a>       <\/p>\n<p>Bet priklausomyb\u0117 yra labai klastinga liga. Ji nepaleid\u017eia lengvai. Ir \u0161iandien a\u0161 kalbu apie tai atvirai, nes matau, kiek daug ji nusine\u0161a gyvybi\u0173. Tai skaudi tiesa: priklausomyb\u0117s da\u017enai veda tik trimis keliais \u2013 \u012f ligonin\u0119, \u012f kal\u0117jim\u0105 arba \u012f mirt\u012f. Deja, Nerijui \u0161i kova baig\u0117si tragi\u0161kai.<\/p>\n<p>Man skaudu tai sakyti, bet jo gyvenim\u0105 nutrauk\u0117 b\u016btent priklausomyb\u0117s pasekm\u0117s. Tai dar vienas skaudus priminimas, kad \u0161i liga \u017eudo. Ir tod\u0117l \u0161i istorija man yra labai artima ir labai asmeni\u0161ka\u201c, \u2013 jautriai kalb\u0117jo atlik\u0117jas.<\/p>\n<p> Papasakojo, koks buvo prie\u0161 TikTok er\u0105 <\/p>\n<p>Dainininkas sutiko pasidalinti ir jautriais prisiminimais. Nerij\u0173 jis pa\u017einojo dar prie\u0161 li\u016bdnu keliu \u012f praraj\u0105 tapusi\u0105 TikTok er\u0105, tod\u0117l jo atvaizdas jam yra kitoks, nei daugeliui ma\u010diusi\u0173 Nerij\u0173 tik per ekran\u0105.<\/p>\n<p>\u201eNerij\u0173 prisimenu kaip labai jautr\u0173 ir viduje pa\u017eeid\u017eiam\u0105 \u017emog\u0173. Jis tikrai tur\u0117jo ger\u0105 \u0161ird\u012f. Visada paklausdavo, kaip man sekasi, ar viskas gerai, net tada, kai pats i\u0161gyveno sud\u0117tingus laikus ir ma\u017eai k\u0105 tur\u0117jo. Tai buvo viena i\u0161 jo gra\u017eiausi\u0173 savybi\u0173 \u2013 nuo\u0161irdus r\u016bpestis kitais, net tada, kai jam pa\u010diam buvo sunku.<\/p>\n<p>Jei atvirai, a\u0161 nepa\u017einojau jo TikTok personos \u2013 a\u0161 j\u012f pa\u017einojau dar prie\u0161 jo TikTok gyvenim\u0105. A\u0161 net ne\u017einojau, kad jo pravard\u0117 yra Nie\u017eas\u201c, \u2013 teig\u0117 vyras.<\/p>\n<p>Jis prisimin\u0117 ir paskutin\u0119 gaut\u0105 \u017einut\u0119 i\u0161 N. Ambajevo.<\/p>\n<p>\u201eA\u0161 iki \u0161iol turiu jo paskutin\u0119 man para\u0161yt\u0105 \u017einut\u0119 \u201eFacebook\u2019e\u201c, kuri buvo i\u0161si\u0173sta \u0161i\u0173 met\u0173 prad\u017eioje, 2025-aisiais. Ji buvo labai paprasta: \u201eLabas, kaip tu laikaisi?\u201c. Bet a\u0161 neatsakiau \u2013 tuo metu pats gyd\u017eiausi reabilitacijos centre ir buvau visi\u0161kai atitr\u016bk\u0119s nuo socialini\u0173 tinkl\u0173\u201c, \u2013 prisimin\u0117 jis.<\/p>\n<p>  Bendri\u00a0prisiminimai <\/p>\n<p>Labiausiai \u012fstrig\u0119s prisiminimas \u2013 Nauj\u0173j\u0173 \u0161ventimas kartu. Tuomet Nerijus dar tur\u0117jo vilties b\u016bti geresne savo paties versija.<\/p>\n<p>\u201eRy\u0161kiausias mano prisiminimas apie j\u012f \u2013 Nauji metai, kuriuos ka\u017ekada sutikome kartu. Nebuvo didel\u0117s \u0161vent\u0117s, tik keturi ar penki \u017emon\u0117s, ma\u017ea, jauki kompanija. Pamenu, kad jis tada tur\u0117jo pianin\u0105. Grojome, dainavome, tiesiog buvome kartu. Man atrodo, tai buvo metas, kai jo gyvenimas dar buvo gana stabilus, kai atrod\u0117, kad jam viskas gali susiklostyti gerai. Tai buvo dar iki jo \u201eTikTok eros\u201c, iki to etapo, kur\u012f visi dabar prisimena.<\/p>\n<p>Tie vakarai, tas paprastas \u017emogi\u0161kas buvimas, muzika ir pokalbiai \u2013 tai prisiminimai, kurie man i\u0161liks ilgam. Tok\u012f j\u012f ir prisimenu: jautr\u0173, geros \u0161irdies, turinti gera humoro jausm\u0105 ir norint\u012f b\u016bti geresne savo versija\u201c, \u2013 sak\u0117 Sasha Song.<\/p>\n<p> Pagalbos \u0161auksmas <\/p>\n<p>Pasak pa\u0161nekovo, nors Nerij\u0173 pa\u017einojo prie\u0161 TikTok er\u0105, jo vaizdo \u012fra\u0161us socialiniame tinkle yra mat\u0119s. Jo teigimu, tai buvo pagalbos \u0161auksmas. Kadangi ir jis pats kovojo su priklausomybe, sako puikiai suprantantis, kas vyksta \u017emogaus viduje tokiu metu.<\/p>\n<p>\u201eKadangi pats turiu \u201eTikTok\u201c kanal\u0105, gana da\u017enai matydavau jo vaizdo \u012fra\u0161us. Ir kuo daugiau j\u0173 \u017ei\u016br\u0117jau, tuo ai\u0161kiau mat\u0117si, kad jam viduje labai sunku.\u00a0Jis visi\u0161kai atvirai rod\u0117 savo gyvenim\u0105 \u2013 a\u0161aras, pykt\u012f, li\u016bdes\u012f, visus savo jausmus. Toks atvirumas nebuvo apie d\u0117mes\u012f, man labiau atrod\u0117 kaip pagalbos \u0161auksmas. Atrod\u0117, kad jis tiesiog nebetur\u0117jo kito b\u016bdo i\u0161reik\u0161ti tai, kas vyksta jo viduje, ir galb\u016bt tame pa\u010diame kelyje jis dar labiau save \u017ealodavo.<\/p>\n<p>Buvo sunku tai \u017ei\u016br\u0117ti. A\u0161 pats prisimenu, kaip anks\u010diau, kai vartodavau, irgi keldavau video \u012f \u201eTikTok\u201c \u2013 da\u017enai tik tod\u0117l, kad nor\u0117jau d\u0117mesio, pritarimo, gero \u017eod\u017eio. O \u017emon\u0117s matydavo mane apsivartojus\u012f. Tod\u0117l \u017ei\u016br\u0117damas \u012f Nerij\u0173 a\u0161 labai gerai supratau, kas gal\u0117jo d\u0117tis jo viduje\u201c, \u2013 pripa\u017eino jis.<\/p>\n<p>Pasak atlik\u0117jo, tai, k\u0105 Nerijus rodydavo vie\u0161ai, ved\u0117 j\u012f link pra\u017e\u016bties.<\/p>\n<p>\u201eMan atrod\u0117, kad viskas, k\u0105 jis rod\u0117 ir i\u0161gyveno vie\u0161ai, po truput\u012f ved\u0117 link labai li\u016bdnos pabaigos. Ma\u010diau t\u0105 trapum\u0105, t\u0105 nevilt\u012f. Ir nors visada tiki, kad \u017emogus dar atsities, kad atsiras pagalba, viduje jau\u010diau, kad jam tikrai labai blogai\u201c, \u2013 kalb\u0117jo dainininkas.<\/p>\n<p>  Priminimas, kad priklausomyb\u0117s \u017eudo <\/p>\n<p>Paklaustas, kaip \u0161i mirtis paveik\u0117 pat\u012f Sash\u0105, jis nesl\u0117p\u0117 gili\u0173 emocij\u0173. Vyras atsiv\u0117r\u0117, kad \u0161iuo metu i\u0161gyvena itin sunk\u0173 laikotarp\u012f, nes neteko ir dar vieno \u017emogaus savo gyvenime.<\/p>\n<p>\u201ePer pastar\u0105j\u0105 savait\u0119 mane i\u0161tiko labai sunkus laikotarpis \u2013 per trump\u0105 laik\u0105 netekau dviej\u0173 ger\u0173 pa\u017e\u012fstam\u0173 d\u0117l priklausomyb\u0117s. Vienas \u017emogus nusi\u017eud\u0117, kit\u0105 nu\u017eud\u0117, ir dar du mano draugai atkrito po keli\u0173 met\u0173 \u0161varos. Tai mane smarkiai sukr\u0117t\u0117. Realiai \u2013 iki a\u0161ar\u0173. Net dabar, atsakin\u0117damas \u012f \u0161\u012f klausim\u0105, jau\u010diu, kaip kaupiasi a\u0161aros, nes matau, kaip priklausomyb\u0117 griauna \u017emones, kaip ji juos nuvaro \u012f nevilt\u012f ir \u012f t\u0105 iliuzij\u0105, kad ka\u017ekada jie susitvarkys patys.<\/p>\n<p>Labai da\u017enai \u017emon\u0117s pamir\u0161ta, kad turi problem\u0173, kai tik truput\u012f pager\u0117ja, kai praeina pagirios. Ir tada viskas prasideda i\u0161 naujo\u201c, \u2013 sak\u0117 Sasha.<\/p>\n<p>     <a href=\"https:\/\/www.tv3.lt\/Uploads\/UGallery\/photos\/8f\/4e\/cf\/8a\/8f4ecf8a893f3c4328c7bbc95503ee21.jpg\" data-fancybox=\"photos-embed\" data-caption=\"Sasha Song (Nuotr. asmeninio albumo)\" target=\"_self\" rel=\"nofollow noopener\"> <img decoding=\"async\" class=\"photo-inside-article\" align=\"center\" alt=\"Sasha Song (Nuotr. asmeninio albumo)\" title=\"Sasha Song (Nuotr. asmeninio albumo)\" src=\"https:\/\/www.europesays.com\/lt\/wp-content\/uploads\/2025\/11\/8f4ecf8a893f3c4328c7bbc95503ee21.jpg\" width=\"684\" height=\"654\" loading=\"lazy\" \/> <\/a>       <\/p>\n<p>Pa\u0161nekovo \u017einiomis, Nerijus band\u0117 gydytis, ta\u010diau bandymai nepavyko. Jis prisimin\u0117 ir savo paties nueit\u0105 keli\u0105 link \u0161varaus gyvenimo. Pasak jo, li\u016bdna ir tragi\u0161ka Nerijaus baigtis\u00a0\u2013\u00a0priminimas apie priklausomybi\u0173 \u017eal\u0105 ir pavoj\u0173.<\/p>\n<p>\u201e\u017dinau, kad Nerijus band\u0117 gydytis d\u0117l klausomyb\u0117s \u2013 A\u017euolyno klinikoje, <a href=\"https:\/\/www.tv3.lt\/gaires\/vilnius\" target=\"_blank\" class=\"phrase\" rel=\"nofollow noopener\">Vilniuje<\/a>. Ta\u010diau ne\u017einau, kuo pasibaig\u0117 tas gydymas. Tik\u0117tina, kad jis nebaig\u0117 programos arba jos ne\u012fgyvendino s\u0105\u017einingai, nes akivaizd\u017eios \u012ftakos jo gyvenimui nebuvo ir niekas jo aplinkoje nepasikeit\u0117.<\/p>\n<p>A\u0161 esu vienas i\u0161 t\u0173 laiming\u0173j\u0173, kuriam pavyko i\u0161sikapstyti. Bet mano dugnas nebuvo niekuo geresnis u\u017e Nerijaus. \u0160iandien a\u0161 tai sakau su did\u017eiuliu li\u016bdesiu ir pagarba jo atminimui. Jo istorija \u2013 dar vienas skaudus priminimas, kad priklausomyb\u0117 yra liga, kuri, atima visk\u0105\u201c, \u2013 pabr\u0117\u017e\u0117 atlik\u0117jas.<\/p>\n<p> Buvo nu\u017eudytas <\/p>\n<p>Naujien\u0173 portalas <a href=\"https:\/\/www.tv3.lt\/programos\/tv3\/pilna\" target=\"_blank\" class=\"phrase\" rel=\"nofollow noopener\">tv3<\/a>.lt primena, kad\u00a0prane\u0161imas apie nu\u017eudym\u0105 \u0160vitrigailos gatv\u0117je gautas apie 17.30 val.<\/p>\n<p>Prane\u0161ta, kad bute antrame auk\u0161te guli nudurtas \u017emogus. Atvyk\u0119 medikai konstatavo vyro\u00a0(g. 1993) mirt\u012f.<\/p>\n<p>Policijos pareig\u016bnai sulaik\u0117 du \u012ftariamuosius, gimusius 1987 ir 1981 metais.<\/p>\n<p>Naujien\u0173 portalo tv3.lt duomenimis nu\u017eudytas asmuo \u2013 li\u016bdnai pagars\u0117j\u0119s \u201eTikTok\u201c veik\u0117jas, pravarde Nie\u017eas.<\/p>\n","protected":false},"excerpt":{"rendered":"Primename, kad N. Ambajevas buvo nu\u017eudytas lapkri\u010dio 14-\u0105j\u0105, penktadien\u012f. Vienas i\u0161 \u012ftariam\u0173j\u0173 \u2013 jo sugyventinis Paulius Gai\u017eauskas. Susipa\u017einimo&hellip;\n","protected":false},"author":2,"featured_media":41033,"comment_status":"","ping_status":"","sticky":false,"template":"","format":"standard","meta":{"footnotes":""},"categories":[13],"tags":[10832,25,30,31,57,43,34,35,55,48,24,54,51,49,50,32,33,37,39,36,38,40,45,23,22,44,28,29,53,42,56,47,26,27,41,46,58,52],"class_list":{"0":"post-41032","1":"post","2":"type-post","3":"status-publish","4":"format-standard","5":"has-post-thumbnail","7":"category-lietuva","8":"tag-2025-11-16-094100","9":"tag-antrastes","10":"tag-breaking-news","11":"tag-breakingnews","12":"tag-daiktai","13":"tag-dienos-kronika","14":"tag-featured-news","15":"tag-featurednews","16":"tag-gatves-tekstai","17":"tag-gyvenimas","18":"tag-headlines","19":"tag-interneto-pievos","20":"tag-keliones","21":"tag-kultura","22":"tag-laisvalaikis","23":"tag-latest-news","24":"tag-latestnews","25":"tag-lietuva","26":"tag-lietuviu","27":"tag-lithuania","28":"tag-lithuanian","29":"tag-lt","30":"tag-mokslas-ir-it","31":"tag-naujienos","32":"tag-news","33":"tag-pasaulis","34":"tag-populiariausios-naujienos","35":"tag-populiariausiosnaujienos","36":"tag-projektai","37":"tag-rinktiniai-tekstai","38":"tag-simtmecio-portalas","39":"tag-sportas","40":"tag-top-stories","41":"tag-topstories","42":"tag-tv3-lt","43":"tag-verslas","44":"tag-video","45":"tag-zaidimai"},"share_on_mastodon":{"url":"","error":"Validation failed: Text character limit of 500 exceeded"},"_links":{"self":[{"href":"https:\/\/www.europesays.com\/lt\/wp-json\/wp\/v2\/posts\/41032","targetHints":{"allow":["GET"]}}],"collection":[{"href":"https:\/\/www.europesays.com\/lt\/wp-json\/wp\/v2\/posts"}],"about":[{"href":"https:\/\/www.europesays.com\/lt\/wp-json\/wp\/v2\/types\/post"}],"author":[{"embeddable":true,"href":"https:\/\/www.europesays.com\/lt\/wp-json\/wp\/v2\/users\/2"}],"replies":[{"embeddable":true,"href":"https:\/\/www.europesays.com\/lt\/wp-json\/wp\/v2\/comments?post=41032"}],"version-history":[{"count":0,"href":"https:\/\/www.europesays.com\/lt\/wp-json\/wp\/v2\/posts\/41032\/revisions"}],"wp:featuredmedia":[{"embeddable":true,"href":"https:\/\/www.europesays.com\/lt\/wp-json\/wp\/v2\/media\/41033"}],"wp:attachment":[{"href":"https:\/\/www.europesays.com\/lt\/wp-json\/wp\/v2\/media?parent=41032"}],"wp:term":[{"taxonomy":"category","embeddable":true,"href":"https:\/\/www.europesays.com\/lt\/wp-json\/wp\/v2\/categories?post=41032"},{"taxonomy":"post_tag","embeddable":true,"href":"https:\/\/www.europesays.com\/lt\/wp-json\/wp\/v2\/tags?post=41032"}],"curies":[{"name":"wp","href":"https:\/\/api.w.org\/{rel}","templated":true}]}}