{"id":41034,"date":"2025-11-16T12:06:11","date_gmt":"2025-11-16T12:06:11","guid":{"rendered":"https:\/\/www.europesays.com\/lt\/41034\/"},"modified":"2025-11-16T12:06:11","modified_gmt":"2025-11-16T12:06:11","slug":"tevai-kaltina-medikus-pradetas-tyrimas","status":"publish","type":"post","link":"https:\/\/www.europesays.com\/lt\/41034\/","title":{"rendered":"t\u0117vai kaltina medikus, prad\u0117tas tyrimas"},"content":{"rendered":"<p>\u0160eima \u012f klinik\u0105 atvyko d\u0117l dant\u0173 \u0161akn\u0173 kanal\u0173 gydymo. Mergait\u0117s mama pasira\u0161\u0117 sutikim\u0105 taikyti bendr\u0105j\u0105 nejautr\u0105, n\u0117 ne\u012ftardama, kad proced\u016bra baigsis tragedija. Vos tik ma\u017eylei \u012f ven\u0105 buvo suleistas anestetikas, jos \u0161irdis sustojo.<\/p>\n<p>\u201ePo valandos man pasak\u0117, kad jai sustojo \u0161irdis. Po pusantros valandos jau i\u0161kviet\u0117 greituosius. Gal b\u016bt\u0173 viskas kitaip, jei pagalba b\u016bt\u0173 atvykusi anks\u010diau\u201c, \u2013 kalb\u0117jo mergait\u0117s mama.<\/p>\n<p>Du klinikoje dirb\u0119 anesteziologai patys band\u0117 dvimet\u0119 gaivinti apie 40 minu\u010di\u0173. Tik tada buvo skambinta pagalbos tarnyboms. Atvyk\u0119 greitosios medikai gaivinim\u0105 t\u0119s\u0117, ta\u010diau mergait\u0117s i\u0161gelb\u0117ti nepavyko.<\/p>\n<p>Rumunijos sveikatos apsaugos ministras Alexandru Rogobete pripa\u017eino, kad preliminariai matyti po\u017eymi\u0173, jog skambutis 112 tarnybai gal\u0117jo b\u016bti pav\u0117luotas. Ta\u010diau, pasak Rumunijos \u017einiasklaidos, ministras ragina nespekuliuoti, kol atliekamas tyrimas.<\/p>\n<p>\u0160eima taip pat pateik\u0117 papildom\u0173 klausim\u0173. Prie\u0161 proced\u016br\u0105 ma\u017eylei buvo atlikti kraujo tyrimai, o kai kurie kepen\u0173 rodikliai, t\u0117v\u0173 teigimu, gerokai vir\u0161ijo norm\u0105. Mama pasakojo tyrim\u0173 rezultatus nusiuntusi gydytojams, ta\u010diau \u0161ie patikino, kad tai proced\u016brai es\u0105 netur\u0117s \u012ftakos.<\/p>\n<p>\u201eRodikliai buvo \u0161e\u0161is kartus didesni u\u017e norm\u0105. Gydytojas para\u0161\u0117, kad viskas gerai. Jie j\u0105 nu\u017eud\u0117 \u2013 tokia mano nuomon\u0117\u201c, \u2013 teig\u0117 mergait\u0117s t\u0117vas.<\/p>\n<p>Mama tvirtino kalb\u0117jusi ir su kitais specialistais, kurie ramino, kad padid\u0117j\u0119 rodikliai tokio am\u017eiaus vaikams pasitaiko ir gali b\u016bti laikomi normaliais. Ar b\u016btent \u0161ie rodikliai tur\u0117jo \u012ftakos mergait\u0117s sveikatai narkoz\u0117s metu, ai\u0161kinsis ekspertai.<\/p>\n<p>\u012e klinik\u0105 atvykusi policija prad\u0117jo ikiteismin\u012f tyrim\u0105 d\u0117l nety\u010din\u0117s \u017emog\u017eudyst\u0117s. Proced\u016br\u0105 atlik\u0119 medikai buvo apklausiami kelias valandas.<\/p>\n<p>Klinikos administracija parei\u0161k\u0117 u\u017euojaut\u0105 \u0161eimai ir patvirtino bendradarbiausianti su tyr\u0117jais. Taip pat teigiama, kad per vienuolika met\u0173 ta pati komanda s\u0117kmingai atliko daugiau nei 1700 pana\u0161i\u0173 proced\u016br\u0173.<\/p>\n<p>Galutin\u0119 mergait\u0117s mirties prie\u017east\u012f nustatys teismo medicinos ekspertiz\u0117.<\/p>\n","protected":false},"excerpt":{"rendered":"\u0160eima \u012f klinik\u0105 atvyko d\u0117l dant\u0173 \u0161akn\u0173 kanal\u0173 gydymo. Mergait\u0117s mama pasira\u0161\u0117 sutikim\u0105 taikyti bendr\u0105j\u0105 nejautr\u0105, n\u0117 ne\u012ftardama,&hellip;\n","protected":false},"author":2,"featured_media":41035,"comment_status":"","ping_status":"","sticky":false,"template":"","format":"standard","meta":{"footnotes":""},"categories":[6],"tags":[25,30,31,34,35,24,32,33,37,39,36,38,40,23,22,28,29,26,27],"class_list":{"0":"post-41034","1":"post","2":"type-post","3":"status-publish","4":"format-standard","5":"has-post-thumbnail","7":"category-antrastes","8":"tag-antrastes","9":"tag-breaking-news","10":"tag-breakingnews","11":"tag-featured-news","12":"tag-featurednews","13":"tag-headlines","14":"tag-latest-news","15":"tag-latestnews","16":"tag-lietuva","17":"tag-lietuviu","18":"tag-lithuania","19":"tag-lithuanian","20":"tag-lt","21":"tag-naujienos","22":"tag-news","23":"tag-populiariausios-naujienos","24":"tag-populiariausiosnaujienos","25":"tag-top-stories","26":"tag-topstories"},"share_on_mastodon":{"url":"https:\/\/pubeurope.com\/@lt\/115559293595056312","error":""},"_links":{"self":[{"href":"https:\/\/www.europesays.com\/lt\/wp-json\/wp\/v2\/posts\/41034","targetHints":{"allow":["GET"]}}],"collection":[{"href":"https:\/\/www.europesays.com\/lt\/wp-json\/wp\/v2\/posts"}],"about":[{"href":"https:\/\/www.europesays.com\/lt\/wp-json\/wp\/v2\/types\/post"}],"author":[{"embeddable":true,"href":"https:\/\/www.europesays.com\/lt\/wp-json\/wp\/v2\/users\/2"}],"replies":[{"embeddable":true,"href":"https:\/\/www.europesays.com\/lt\/wp-json\/wp\/v2\/comments?post=41034"}],"version-history":[{"count":0,"href":"https:\/\/www.europesays.com\/lt\/wp-json\/wp\/v2\/posts\/41034\/revisions"}],"wp:featuredmedia":[{"embeddable":true,"href":"https:\/\/www.europesays.com\/lt\/wp-json\/wp\/v2\/media\/41035"}],"wp:attachment":[{"href":"https:\/\/www.europesays.com\/lt\/wp-json\/wp\/v2\/media?parent=41034"}],"wp:term":[{"taxonomy":"category","embeddable":true,"href":"https:\/\/www.europesays.com\/lt\/wp-json\/wp\/v2\/categories?post=41034"},{"taxonomy":"post_tag","embeddable":true,"href":"https:\/\/www.europesays.com\/lt\/wp-json\/wp\/v2\/tags?post=41034"}],"curies":[{"name":"wp","href":"https:\/\/api.w.org\/{rel}","templated":true}]}}