{"id":41055,"date":"2025-11-16T12:32:29","date_gmt":"2025-11-16T12:32:29","guid":{"rendered":"https:\/\/www.europesays.com\/lt\/41055\/"},"modified":"2025-11-16T12:32:29","modified_gmt":"2025-11-16T12:32:29","slug":"pirmasis-musis-del-vietos-a-lygoje-baigesi-lygiosiomis","status":"publish","type":"post","link":"https:\/\/www.europesays.com\/lt\/41055\/","title":{"rendered":"Pirmasis m\u016b\u0161is d\u0117l vietos A lygoje baig\u0117si lygiosiomis"},"content":{"rendered":"<p>Klaip\u0117dos \u201eNept\u016bnas\u201c savo nam\u0173 aik\u0161t\u0117je pri\u0117m\u0117 Vilniaus \u201eRiterius\u201c, ta\u010diau po \u012ftemptos kovos nei vienai komandai taip ir nepavyko nuskinti pergal\u0117s.<\/p>\n<p>\u201eRiteriai\u201c \u0161\u012f sezon\u0105 A lygoje fini\u0161avo devinti, tod\u0117l turi kautis d\u0117l i\u0161likimo auk\u0161\u010diausiose Lietuvos pirmenyb\u0117se. Tuo tarpu \u201eNept\u016bnas\u201c Pirmoje lygoje u\u017e\u0117m\u0117 antr\u0105 viet\u0105 ir siekia istorinio \u0161anso pa\u010diupti biliet\u0105 \u012f A lyg\u0105.<\/p>\n<p>Atsakomosios rungtyn\u0117s vyks lapkri\u010dio 22 dien\u0105, 14 val.  FK \u201e\u017dalgirio\u201c stadione Vilniuje.<\/p>\n<p>Tuomet ir paai\u0161k\u0117s, kuri komanda kit\u0105 sezon\u0105 var\u017eysis stipriausioje Lietuvos futbolo lygoje. <\/p>\n<p>Rungtyni\u0173 \u012fra\u0161as<\/p>\n","protected":false},"excerpt":{"rendered":"Klaip\u0117dos \u201eNept\u016bnas\u201c savo nam\u0173 aik\u0161t\u0117je pri\u0117m\u0117 Vilniaus \u201eRiterius\u201c, ta\u010diau po \u012ftemptos kovos nei vienai komandai taip ir nepavyko&hellip;\n","protected":false},"author":2,"featured_media":41056,"comment_status":"","ping_status":"","sticky":false,"template":"","format":"standard","meta":{"footnotes":""},"categories":[19],"tags":[1700,511,37,39,36,38,40,47,104,1113],"class_list":{"0":"post-41055","1":"post","2":"type-post","3":"status-publish","4":"format-standard","5":"has-post-thumbnail","7":"category-sportas","8":"tag-a-lyga","9":"tag-klaipeda","10":"tag-lietuva","11":"tag-lietuviu","12":"tag-lithuania","13":"tag-lithuanian","14":"tag-lt","15":"tag-sportas","16":"tag-sports","17":"tag-vilniaus-riteriai"},"share_on_mastodon":{"url":"https:\/\/pubeurope.com\/@lt\/115559395682264197","error":""},"_links":{"self":[{"href":"https:\/\/www.europesays.com\/lt\/wp-json\/wp\/v2\/posts\/41055","targetHints":{"allow":["GET"]}}],"collection":[{"href":"https:\/\/www.europesays.com\/lt\/wp-json\/wp\/v2\/posts"}],"about":[{"href":"https:\/\/www.europesays.com\/lt\/wp-json\/wp\/v2\/types\/post"}],"author":[{"embeddable":true,"href":"https:\/\/www.europesays.com\/lt\/wp-json\/wp\/v2\/users\/2"}],"replies":[{"embeddable":true,"href":"https:\/\/www.europesays.com\/lt\/wp-json\/wp\/v2\/comments?post=41055"}],"version-history":[{"count":0,"href":"https:\/\/www.europesays.com\/lt\/wp-json\/wp\/v2\/posts\/41055\/revisions"}],"wp:featuredmedia":[{"embeddable":true,"href":"https:\/\/www.europesays.com\/lt\/wp-json\/wp\/v2\/media\/41056"}],"wp:attachment":[{"href":"https:\/\/www.europesays.com\/lt\/wp-json\/wp\/v2\/media?parent=41055"}],"wp:term":[{"taxonomy":"category","embeddable":true,"href":"https:\/\/www.europesays.com\/lt\/wp-json\/wp\/v2\/categories?post=41055"},{"taxonomy":"post_tag","embeddable":true,"href":"https:\/\/www.europesays.com\/lt\/wp-json\/wp\/v2\/tags?post=41055"}],"curies":[{"name":"wp","href":"https:\/\/api.w.org\/{rel}","templated":true}]}}