{"id":41057,"date":"2025-11-16T12:35:09","date_gmt":"2025-11-16T12:35:09","guid":{"rendered":"https:\/\/www.europesays.com\/lt\/41057\/"},"modified":"2025-11-16T12:35:09","modified_gmt":"2025-11-16T12:35:09","slug":"dominykas-kubilius-prakalbo-apie-didziuli-sunaus-pasiekima-subrendo-tikras-pilietis-vardai","status":"publish","type":"post","link":"https:\/\/www.europesays.com\/lt\/41057\/","title":{"rendered":"Dominykas Kubilius prakalbo apie did\u017eiul\u012f s\u016bnaus pasiekim\u0105: \u201eSubrendo tikras pilietis\u201c | Vardai"},"content":{"rendered":"<p>Pats Dominykas &#8211; \u0161aulys ir karys savanoris. Tad re\u017eisierius socialiniuose tinkluose pasid\u017eiaug\u0117, kad jo p\u0117domis nusprend\u0117 eiti ir s\u016bnus Titas.<\/p>\n<p>\u012era\u0161u D.Kubilius pasidalino ir su \u017dmon\u0117s.lt skaitytojais.<\/p>\n<p>\u201eBe galo did\u017eiuojuosi savo s\u016bnumi Titu!<\/p>\n<p>Man, kaip t\u0117vui tai did\u017eiausias \u012fvertinimas. Nes tam tikrus kertinius gyvenimo principus perduoti pavyko!<\/p>\n<p>Uniforma tik fasadas. Bet po ja gl\u016bdi gyvenimo esm\u0117: \u017eod\u017eio laikymasis, tiesos samprata, garb\u0117 ir orumas, pilieti\u0161kumas, ry\u017etas ginti artimus ir t\u0117vyn\u0119, be abejo dr\u0105sa.<\/p>\n<p>Ka\u017ekada buvau pasidav\u0119s min\u010diai, kad karjera jauno \u017emogaus gyvenime svarbiausia. Klydau. Svarbiausia \u0161ie gyvenimo principai ir tuomet visa kita susid\u0117lios savaime. Net jeigu s\u016bnus tapt\u0173 barmenu Margaritos saloje, bet tur\u0117t\u0173 nepalenkiamus \u0161iuos principus, rei\u0161kia \u2013 viskas, mano, kaip t\u0117vo darbas baigtas, visi kiti pasirinkimai jo reikalas, kuriais a\u0161 d\u017eiaugsiuosi visais atvejais.<\/p>\n<p>Subrendo tikras Lietuvos Respublikos pilietis ne tik pase, bet ir \u0161irdyje. Liko dar pad\u0117ti subr\u0119sti m\u016bs\u0173 ma\u017eajai Matildai, o tada jau ramiai \u012f pensij\u0105.<\/p>\n<p>Lietuvos karo akademija\/ Jaunesni\u0173j\u0173 karinink\u0173 vad\u0173 mokymai (JKVM)\u201c, \u2013 ra\u0161o D.Kubilius.<\/p>\n","protected":false},"excerpt":{"rendered":"Pats Dominykas &#8211; \u0161aulys ir karys savanoris. Tad re\u017eisierius socialiniuose tinkluose pasid\u017eiaug\u0117, kad jo p\u0117domis nusprend\u0117 eiti ir&hellip;\n","protected":false},"author":2,"featured_media":41058,"comment_status":"","ping_status":"","sticky":false,"template":"","format":"standard","meta":{"footnotes":""},"categories":[13],"tags":[25,30,31,34,35,24,32,33,37,39,36,38,40,23,22,28,29,26,27],"class_list":{"0":"post-41057","1":"post","2":"type-post","3":"status-publish","4":"format-standard","5":"has-post-thumbnail","7":"category-lietuva","8":"tag-antrastes","9":"tag-breaking-news","10":"tag-breakingnews","11":"tag-featured-news","12":"tag-featurednews","13":"tag-headlines","14":"tag-latest-news","15":"tag-latestnews","16":"tag-lietuva","17":"tag-lietuviu","18":"tag-lithuania","19":"tag-lithuanian","20":"tag-lt","21":"tag-naujienos","22":"tag-news","23":"tag-populiariausios-naujienos","24":"tag-populiariausiosnaujienos","25":"tag-top-stories","26":"tag-topstories"},"share_on_mastodon":{"url":"https:\/\/pubeurope.com\/@lt\/115559407532861718","error":""},"_links":{"self":[{"href":"https:\/\/www.europesays.com\/lt\/wp-json\/wp\/v2\/posts\/41057","targetHints":{"allow":["GET"]}}],"collection":[{"href":"https:\/\/www.europesays.com\/lt\/wp-json\/wp\/v2\/posts"}],"about":[{"href":"https:\/\/www.europesays.com\/lt\/wp-json\/wp\/v2\/types\/post"}],"author":[{"embeddable":true,"href":"https:\/\/www.europesays.com\/lt\/wp-json\/wp\/v2\/users\/2"}],"replies":[{"embeddable":true,"href":"https:\/\/www.europesays.com\/lt\/wp-json\/wp\/v2\/comments?post=41057"}],"version-history":[{"count":0,"href":"https:\/\/www.europesays.com\/lt\/wp-json\/wp\/v2\/posts\/41057\/revisions"}],"wp:featuredmedia":[{"embeddable":true,"href":"https:\/\/www.europesays.com\/lt\/wp-json\/wp\/v2\/media\/41058"}],"wp:attachment":[{"href":"https:\/\/www.europesays.com\/lt\/wp-json\/wp\/v2\/media?parent=41057"}],"wp:term":[{"taxonomy":"category","embeddable":true,"href":"https:\/\/www.europesays.com\/lt\/wp-json\/wp\/v2\/categories?post=41057"},{"taxonomy":"post_tag","embeddable":true,"href":"https:\/\/www.europesays.com\/lt\/wp-json\/wp\/v2\/tags?post=41057"}],"curies":[{"name":"wp","href":"https:\/\/api.w.org\/{rel}","templated":true}]}}