{"id":41061,"date":"2025-11-16T12:41:10","date_gmt":"2025-11-16T12:41:10","guid":{"rendered":"https:\/\/www.europesays.com\/lt\/41061\/"},"modified":"2025-11-16T12:41:10","modified_gmt":"2025-11-16T12:41:10","slug":"apeliacinis-teismas-nesutiko-grieztinti-bausmes-zmona-pasmaugusiam-kaunieciui","status":"publish","type":"post","link":"https:\/\/www.europesays.com\/lt\/41061\/","title":{"rendered":"Apeliacinis teismas nesutiko grie\u017etinti bausm\u0117s \u017emon\u0105 pasmaugusiam kaunie\u010diui"},"content":{"rendered":"<p>\u017dmon\u0105 pasmaugusiam K.Rud\u017eioniui Kauno apygardos teismas skyr\u0117 minimali\u0105 a\u0161tuoneri\u0173 met\u0173 laisv\u0117s at\u0117mimo bausm\u0119. Baud\u017eiamajame kodekse u\u017e \u0161eimos nario nu\u017eudym\u0105 numatytas laisv\u0117s at\u0117mimas nuo a\u0161tuoneri\u0173 iki 20 met\u0173 arba iki gyvos galvos. <\/p>\n<p>Kauno apygardos prokurat\u016bros prokuroras Vytautas Gataveckas apeliaciniame skunde pra\u0161\u0117 \u017eudikui skirti gerokai grie\u017etesn\u0119 bausm\u0119 \u2013 13 met\u0173 laisv\u0117s at\u0117mimo. Prokuroro manymu, skirtoji bausm\u0117 yra neteisinga ir ai\u0161kiai per \u0161velni.<\/p>\n<p>Grie\u017etesn\u0117s bausm\u0117s pra\u0161\u0117 ir nu\u017eudytosios t\u0117vas.<\/p>\n<p>Ta\u010diau Lietuvos apeliacinio teismo teis\u0117j\u0173 kolegija nusprend\u0117, kad pirmosios instancijos teismas pri\u0117m\u0117 teising\u0105 sprendim\u0105, jo parinkta bausm\u0117 n\u0117ra per \u0161velni. <\/p>\n<p>\u017dmog\u017eudyst\u0117 \u012fvykdyta pra\u0117jusi\u0173 met\u0173 gegu\u017e\u0117s 2 dien\u0105 \u0161eimos bute Kaune. K.Rud\u017eionis \u017emon\u0105 pasmaug\u0117 po to, kai \u0161i pasak\u0117, kad nori skirtis ir kad jis \u201evisk\u0105 praras\u201c. Vyras sutuoktin\u0119 vonios kambaryje sugrieb\u0117 u\u017e kaklo ir smaug\u0117, kol ji susmuko ant grind\u0173.<\/p>\n<p>T\u0105 pa\u010di\u0105 dien\u0105 K.Rud\u017eionis paskambino \u012f Bendr\u0105j\u012f pagalbos centr\u0105 ir prane\u0161\u0117, kad nu\u017eud\u0117 \u017emon\u0105.<\/p>\n<p>Pasak liudytoj\u0173, vyras buvo labai pavydus, nuolat kontroliuodavo \u017emon\u0105, kaltindavo j\u0105 tariama nei\u0161tikimybe, neleisdavo susitikti su draugais.<\/p>\n<p>K.Rud\u017eionis anks\u010diau nebuvo teistas, ta\u010diau net du kartus buvo atleistas nuo baud\u017eiamosios atsakomyb\u0117s u\u017e smurtinius nusikaltimus \u012ftariamajam ir nukent\u0117jusiajam susitaikius.<\/p>\n<p>2011 met\u0173 spal\u012f d\u0117l garsiai leid\u017eiamos muzikos jis, b\u016bdamas neblaivus, sukonfliktavo su kaimynu ir prie\u0161 j\u012f panaudojo fizin\u012f smurt\u0105. O 2020 met\u0173 spalio 29 dien\u0105 K.Rud\u017eionis smurtavo prie\u0161 savo sutuoktin\u0119.<\/p>\n<p>Ne\u012fgalus nu\u017eudytosios t\u0117vas, kur\u012f i\u0161laik\u0117 savo versl\u0105 turinti dukra, patikslintame civiliniame ie\u0161kinyje pra\u0161\u0117 priteisti i\u0161 K.Rud\u017eionio 100 t\u016bkst. eur\u0173 neturtin\u0117s \u017ealos ir 400 t\u016bkst. eur\u0173 turtin\u0117s \u017ealos. Ie\u0161kovas turtin\u0117s \u017ealos dyd\u012f grind\u0117 mirusios dukros nuosavyb\u0117s verte, o neturtin\u0117s \u017ealos dyd\u012f \u2013 vienintelio ir artimo \u017emogaus netektimi.<\/p>\n<p>Ta\u010diau teismas konstatavo, kad tarp nu\u017eudytosios ir jos t\u0117vo emocinis, dvasinis ry\u0161ys nebuvo glaudus, labiau dalyki\u0161kas, paremtas materialin\u0117s pagalbos teikimu. <\/p>\n<p>\u201eNet pa\u010diame apeliaciniame skunde nukent\u0117jusysis \u017d.K. akcentuoja ne savo patirtus dvasinius i\u0161gyvenimus, bet materialin\u0117s pagalbos netekim\u0105\u201c, \u2013 ra\u0161oma apeliacinio teismo nutartyje.<\/p>\n<p>Apeliacinis teismas paliko galioti pirmosios instancijos teismo sprendim\u0105 nu\u017eudytosios t\u0117vui priteisti 400 eur\u0173 neturtinei \u017ealai atlyginti.<\/p>\n<p>Taip pat nepakeistas sprendimas d\u0117l neturtin\u0117s \u017ealos atlyginimo be mamos likusiems dviem ma\u017eame\u010diams vaikams, kuriuos dabar globoja seneliai. Vaikams priteista po 49 t\u016bkst. eur\u0173.<\/p>\n<p>Teismas nusprend\u0117, kad nusikaltimo padarym\u0105 l\u0117m\u0117 ne nuteistojo i\u0161 anksto apgalvotas, bet spontani\u0161kai kil\u0119s momentinis, nesuvald\u017eius emocij\u0173, elgesys.<\/p>\n<p>Kolegijos manymu, grie\u017etinti bausm\u0119 n\u0117ra pagrindo.<\/p>\n","protected":false},"excerpt":{"rendered":"\u017dmon\u0105 pasmaugusiam K.Rud\u017eioniui Kauno apygardos teismas skyr\u0117 minimali\u0105 a\u0161tuoneri\u0173 met\u0173 laisv\u0117s at\u0117mimo bausm\u0119. Baud\u017eiamajame kodekse u\u017e \u0161eimos nario&hellip;\n","protected":false},"author":2,"featured_media":41062,"comment_status":"","ping_status":"","sticky":false,"template":"","format":"standard","meta":{"footnotes":""},"categories":[13],"tags":[25,30,31,34,35,24,32,33,37,39,36,38,40,23,22,28,29,26,27],"class_list":{"0":"post-41061","1":"post","2":"type-post","3":"status-publish","4":"format-standard","5":"has-post-thumbnail","7":"category-lietuva","8":"tag-antrastes","9":"tag-breaking-news","10":"tag-breakingnews","11":"tag-featured-news","12":"tag-featurednews","13":"tag-headlines","14":"tag-latest-news","15":"tag-latestnews","16":"tag-lietuva","17":"tag-lietuviu","18":"tag-lithuania","19":"tag-lithuanian","20":"tag-lt","21":"tag-naujienos","22":"tag-news","23":"tag-populiariausios-naujienos","24":"tag-populiariausiosnaujienos","25":"tag-top-stories","26":"tag-topstories"},"share_on_mastodon":{"url":"https:\/\/pubeurope.com\/@lt\/115559431079964190","error":""},"_links":{"self":[{"href":"https:\/\/www.europesays.com\/lt\/wp-json\/wp\/v2\/posts\/41061","targetHints":{"allow":["GET"]}}],"collection":[{"href":"https:\/\/www.europesays.com\/lt\/wp-json\/wp\/v2\/posts"}],"about":[{"href":"https:\/\/www.europesays.com\/lt\/wp-json\/wp\/v2\/types\/post"}],"author":[{"embeddable":true,"href":"https:\/\/www.europesays.com\/lt\/wp-json\/wp\/v2\/users\/2"}],"replies":[{"embeddable":true,"href":"https:\/\/www.europesays.com\/lt\/wp-json\/wp\/v2\/comments?post=41061"}],"version-history":[{"count":0,"href":"https:\/\/www.europesays.com\/lt\/wp-json\/wp\/v2\/posts\/41061\/revisions"}],"wp:featuredmedia":[{"embeddable":true,"href":"https:\/\/www.europesays.com\/lt\/wp-json\/wp\/v2\/media\/41062"}],"wp:attachment":[{"href":"https:\/\/www.europesays.com\/lt\/wp-json\/wp\/v2\/media?parent=41061"}],"wp:term":[{"taxonomy":"category","embeddable":true,"href":"https:\/\/www.europesays.com\/lt\/wp-json\/wp\/v2\/categories?post=41061"},{"taxonomy":"post_tag","embeddable":true,"href":"https:\/\/www.europesays.com\/lt\/wp-json\/wp\/v2\/tags?post=41061"}],"curies":[{"name":"wp","href":"https:\/\/api.w.org\/{rel}","templated":true}]}}