{"id":41067,"date":"2025-11-16T12:51:09","date_gmt":"2025-11-16T12:51:09","guid":{"rendered":"https:\/\/www.europesays.com\/lt\/41067\/"},"modified":"2025-11-16T12:51:09","modified_gmt":"2025-11-16T12:51:09","slug":"architekto-buto-transformacija-uztruko-desimtmeti","status":"publish","type":"post","link":"https:\/\/www.europesays.com\/lt\/41067\/","title":{"rendered":"Architekto buto transformacija u\u017etruko de\u0161imtmet\u012f"},"content":{"rendered":"<p>\u201eB\u016bti savo paties u\u017esakovu daugeliu at\u017evilgi\u0173 yra sunkiau nei \u012fgyvendinti kliento suformuluot\u0105 u\u017eduot\u012f: tenka pa\u010dia prisiimti atsakomyb\u0119 u\u017e visus sprendimus ir patirti vis\u0105 rizik\u0105, kuri\u0105 mes, architektai, paprastai dalijam\u0117s su u\u017esakovais\u201c, \u2013 sako architektas studijos \u201eMartin Cenek Architecture\u201c vadovas Martinas Cenekas, neseniai baig\u0119s buto, esan\u010dio istoriniame pastate Prahoje, <a rel=\"noopener nofollow\" target=\"_blank\" href=\"https:\/\/www.delfi.lt\/temos\/renovacija\" tag-id=\"39921625\">renovacij\u0105<\/a>, kuri u\u017etruko beveik de\u0161imtmet\u012f. Jis neslepia, kad tai buvo sud\u0117tingas projektas, turintis daug apribojim\u0173, o ypa\u010d tod\u0117l, kad buvo renovuojamas ir istorinis pastatas.<\/p>\n<p>\u201eMano <a rel=\"noopener nofollow\" target=\"_blank\" href=\"https:\/\/www.delfi.lt\/temos\/butas\" tag-id=\"54904755\">butas<\/a> tai klasikinis to laikme\u010dio Prahos daugiabutis, pastatytas XX a. ketvirtojo de\u0161imtme\u010dio pabaigoje ir atspindintis vyravusi\u0105 architekt\u016brinio modernizmo krypt\u012f, \u2013 pasakojo projekto autorius, pabr\u0117\u017edamas, kad istorinis pastato kontekstas tur\u0117jo didel\u0117s \u012ftakos jo b\u016bto stilistinei koncepcijai. \u2013 Klausimai, kuriuos sau renovacijos proceso metu, daugiausia buvo nukreipti \u012f konflikt\u0105 tarp stiprios vietos dvasios i\u0161saugojimo ir savo tapatyb\u0117s bei k\u016brybi\u0161kumo \u012fk\u016bnijimo \u0161ioje erdv\u0117je\u201c. <\/p>\n","protected":false},"excerpt":{"rendered":"\u201eB\u016bti savo paties u\u017esakovu daugeliu at\u017evilgi\u0173 yra sunkiau nei \u012fgyvendinti kliento suformuluot\u0105 u\u017eduot\u012f: tenka pa\u010dia prisiimti atsakomyb\u0119 u\u017e&hellip;\n","protected":false},"author":2,"featured_media":41068,"comment_status":"","ping_status":"","sticky":false,"template":"","format":"standard","meta":{"footnotes":""},"categories":[17],"tags":[10838,81,8326,1262,37,39,36,38,40,430,46],"class_list":{"0":"post-41067","1":"post","2":"type-post","3":"status-publish","4":"format-standard","5":"has-post-thumbnail","7":"category-verslas","8":"tag-architektas","9":"tag-business","10":"tag-butas","11":"tag-interjeras","12":"tag-lietuva","13":"tag-lietuviu","14":"tag-lithuania","15":"tag-lithuanian","16":"tag-lt","17":"tag-renovacija","18":"tag-verslas"},"share_on_mastodon":{"url":"https:\/\/pubeurope.com\/@lt\/115559470457251516","error":""},"_links":{"self":[{"href":"https:\/\/www.europesays.com\/lt\/wp-json\/wp\/v2\/posts\/41067","targetHints":{"allow":["GET"]}}],"collection":[{"href":"https:\/\/www.europesays.com\/lt\/wp-json\/wp\/v2\/posts"}],"about":[{"href":"https:\/\/www.europesays.com\/lt\/wp-json\/wp\/v2\/types\/post"}],"author":[{"embeddable":true,"href":"https:\/\/www.europesays.com\/lt\/wp-json\/wp\/v2\/users\/2"}],"replies":[{"embeddable":true,"href":"https:\/\/www.europesays.com\/lt\/wp-json\/wp\/v2\/comments?post=41067"}],"version-history":[{"count":0,"href":"https:\/\/www.europesays.com\/lt\/wp-json\/wp\/v2\/posts\/41067\/revisions"}],"wp:featuredmedia":[{"embeddable":true,"href":"https:\/\/www.europesays.com\/lt\/wp-json\/wp\/v2\/media\/41068"}],"wp:attachment":[{"href":"https:\/\/www.europesays.com\/lt\/wp-json\/wp\/v2\/media?parent=41067"}],"wp:term":[{"taxonomy":"category","embeddable":true,"href":"https:\/\/www.europesays.com\/lt\/wp-json\/wp\/v2\/categories?post=41067"},{"taxonomy":"post_tag","embeddable":true,"href":"https:\/\/www.europesays.com\/lt\/wp-json\/wp\/v2\/tags?post=41067"}],"curies":[{"name":"wp","href":"https:\/\/api.w.org\/{rel}","templated":true}]}}