{"id":41071,"date":"2025-11-16T13:05:11","date_gmt":"2025-11-16T13:05:11","guid":{"rendered":"https:\/\/www.europesays.com\/lt\/41071\/"},"modified":"2025-11-16T13:05:11","modified_gmt":"2025-11-16T13:05:11","slug":"antra-pensiju-pakopa-fondu-valdytojai-jau-ruosiasi","status":"publish","type":"post","link":"https:\/\/www.europesays.com\/lt\/41071\/","title":{"rendered":"Antra pensij\u0173 pakopa: fond\u0173 valdytojai jau ruo\u0161iasi"},"content":{"rendered":"<p>Nuo kit\u0173 met\u0173 ne tik atsiras galimyb\u0117 nutraukti kaupim\u0105 antroje pakopoje, nebeliks privalomo \u012ftraukimo, bet ir atsivers dvej\u0173 met\u0173 trukm\u0117s langas, per kur\u012f bus galima vienu kartu i\u0161siimti apie 60\u201370 proc. sukauptos sumos. <\/p>\n<p>Dar eidama socialin\u0117s apsaugos ir darbo ministr\u0117s pareigas Inga Ruginien\u0117 prognozavo, kad i\u0161 antros pakopos gali pasitraukti apie 20 proc. \u017emoni\u0173, ta\u010diau jos \u012fp\u0117din\u0117 J\u016brat\u0117 Zailskien\u0117 \u012fvardijo kur kas didesnius skai\u010dius \u2013 pasitraukti gali net 60 proc. dabartini\u0173 sistemos dalyvi\u0173. <\/p>\n<p>Apie \u0161\u012f ir kitus poky\u010dius pla\u010diau galite skaityti tekste \u017eemiau. <\/p>\n<p>\u201eDelfi\u201c pasidom\u0117jo, kokius sprendimus pensij\u0173 fond\u0173 valdytojai priima ruo\u0161damiesi naujai tvarkai.<\/p>\n<p>Apmoko specialistus <\/p>\n<p>Pra\u0161ymus d\u0117l l\u0117\u0161\u0173 atsi\u0117mimo bus galima teikti pensij\u0173 kaupimo bendrovei, kurioje gyventojas kaupia. Priklausomai nuo konkretaus valdytojo, tai bus galima padaryti tiek internetu, tiek klient\u0173 aptarnavimo padaliniuose, nurod\u0117 <a rel=\"noopener nofollow\" target=\"_blank\" href=\"https:\/\/www.delfi.lt\/temos\/lietuvos-investiciniu-ir-pensiju-fondu-asociacija\" tag-id=\"78444225\">Lietuvos investicini\u0173 ir pensij\u0173 fond\u0173 asociacija<\/a> (LIPFA)<\/p>\n<p>\u201eLuminor investicij\u0173 valdymo\u201c vadov\u0117 Loreta Na\u010dajien\u0117 komentare \u201eDelfi\u201c sak\u0117, kad \u0161iuo metu aktyviai ruo\u0161iamasi poky\u010diams, per\u017ei\u016brimi standartai visose klient\u0173 aptarnavimo srityse. <\/p>\n<p>    <img decoding=\"async\" src=\"https:\/\/www.europesays.com\/lt\/wp-content\/uploads\/2025\/11\/3948b2b9-65e1-4e1e-92dd-87125329b7c9.jpg\" loading=\"lazy\" alt=\"Loreta Na\u010dajien\u0117\"\/>      <\/p>\n<p>\u201eRengiame pra\u0161ymo form\u0105, kuri leis gyventojams pateikti pra\u0161ym\u0105 d\u0117l dalies sukaupt\u0173 pensij\u0173 l\u0117\u0161\u0173 atsi\u0117mimo interneto banke. Kad procesas b\u016bt\u0173 kuo sklandesnis ir patogesnis, pensij\u0173 fonde sukauptas l\u0117\u0161as atsiimti norin\u010dius klientus skatinsime pildyti pra\u0161ym\u0105 internete ar jungtis \u012f nuotolines konsultacijas\u201c, \u2013 komentavo L. Na\u010dajien\u0117. <\/p>\n<p>Taip pat telkiami papildomi specialist\u0173, kurie konsultuot\u0173 klientus \u0161iais klausimais, paj\u0117gumai. <\/p>\n<p>\u201eTik\u0117tina, kad pirmosiomis dienomis susidom\u0117jimas galimybe atsiimti l\u0117\u0161as bus didelis, tod\u0117l jau dabar planuojame papildomus resursus \u2013 nuo sausio 2 dienos tur\u0117sime specialist\u0173, kurie bus parengti dirbti su \u0161ia <a rel=\"noopener nofollow\" target=\"_blank\" href=\"https:\/\/www.delfi.lt\/temos\/reforma\" tag-id=\"41369563\">reforma<\/a> ir pad\u0117ti klientams priimti geriausi\u0105 sprendim\u0105 pagal j\u0173 individuali\u0105 situacij\u0105 tiek gyv\u0173, tiek nuotolini\u0173 konsultacij\u0173 metu.<\/p>\n<p>Jau dabar vyksta ir papildomi mokymai m\u016bs\u0173 <a rel=\"noopener nofollow\" target=\"_blank\" href=\"https:\/\/www.delfi.lt\/temos\/klientu-aptarnavimo-specialistas\" tag-id=\"88867963\">klient\u0173 aptarnavimo specialistams<\/a> \u2013 jie supa\u017eindinami su reforma, i\u0161mok\u0173 b\u016bdais ir kanalais, per kuriuos bus galima teikti pra\u0161ymus. Taip siekiame u\u017etikrinti, kad kiekvienas klientas gaut\u0173 i\u0161sami\u0105 ir kokybi\u0161k\u0105 pagalb\u0105\u201c, \u2013 tvirtino \u201eLuminor investicij\u0173 valdymo\u201c vadov\u0117.<\/p>\n<p>Suk\u016br\u0117 special\u0173 puslap\u012f <\/p>\n<p>\u201eSEB investicij\u0173 valdymas\u201c generalinis direktorius <a rel=\"noopener nofollow\" target=\"_blank\" href=\"https:\/\/www.delfi.lt\/temos\/paulius-kabelis\" tag-id=\"87612025\">Paulius Kabelis<\/a> patvirtino, kad pensij\u0173 reformos metu tikimasi didesnio klient\u0173 srauto. \u201eTam ruo\u0161iam\u0117s \u2013 tiek vystydami skaitmeninius kanalus, kad priimtume klient\u0173 pra\u0161ymus, tiek ir u\u017etikrindami pakankamus \u017emogi\u0161kuosius resursus klient\u0173 aptarnavimo skyriuose.\u201c <\/p>\n<p>    <img decoding=\"async\" src=\"https:\/\/www.europesays.com\/lt\/wp-content\/uploads\/2025\/11\/0fa4eeae-1607-4a98-80b2-c0c76b7d704f.jpg\" loading=\"lazy\" alt=\"Paulius Kabelis\"\/>      <\/p>\n<p>Pasak vadovo, matant did\u0117jant\u012f visuomen\u0117s susidom\u0117jim\u0105 \u0161ia tema sukurtas ir specialus interneto puslapis (\u201ePensij\u0173 reforma \u2013 viskas, k\u0105 b\u016btina \u017einoti\u201c) su skai\u010diuokle, kuri padeda \u012fsivertinti galim\u0173 sprendim\u0173 \u012ftak\u0105 ateities pajamoms. <\/p>\n<p>P. Kabelis pabr\u0117\u017e\u0117, kad apsisprendimui klientai turi net dvej\u0173 met\u0173 laikotarp\u012f. <\/p>\n<p>\u201eDar svarbiau tai, kad pra\u0161ymo pateikimas sausio pirmomis savait\u0117mis nerei\u0161kia ankstesnio l\u0117\u0161\u0173 i\u0161mok\u0117jimo. Klient\u0173 pra\u0161ymai, pateikti ar sausio prad\u017eioje, ar kovo pabaigoje, bus \u012fvykdyti ir l\u0117\u0161os pagal juos bus i\u0161mok\u0117tos baland\u017eio pirmoje pus\u0117je. Toks l\u0117\u0161\u0173 i\u0161mok\u0117jimo kalendoriniais ketvir\u010diais principas bus taikomas min\u0117tu dvej\u0173 met\u0173 laikotarpiu\u201c, \u2013 primin\u0117 jis. <\/p>\n<p>LIPFA, be kita ko, prid\u016br\u0117, kad \u0161iuo metu valdytojai dar diskutuoja su \u201eSodra\u201c ir Socialin\u0117s apsaugos ir darbo ministerija d\u0117l praktinio \u012fgyvendinimo mechanizm\u0173, kad visos proced\u016bros b\u016bt\u0173 ai\u0161kios ir vienodai suprantamos tiek kaupimo dalyviams, tiek institucijoms.<\/p>\n","protected":false},"excerpt":{"rendered":"Nuo kit\u0173 met\u0173 ne tik atsiras galimyb\u0117 nutraukti kaupim\u0105 antroje pakopoje, nebeliks privalomo \u012ftraukimo, bet ir atsivers dvej\u0173&hellip;\n","protected":false},"author":2,"featured_media":41072,"comment_status":"","ping_status":"","sticky":false,"template":"","format":"standard","meta":{"footnotes":""},"categories":[13],"tags":[25,10839,30,31,34,35,24,10842,32,33,37,39,10840,36,38,40,23,22,10841,28,29,8764,26,27],"class_list":{"0":"post-41071","1":"post","2":"type-post","3":"status-publish","4":"format-standard","5":"has-post-thumbnail","7":"category-lietuva","8":"tag-antrastes","9":"tag-antros-pakopos-pensiju-fondai","10":"tag-breaking-news","11":"tag-breakingnews","12":"tag-featured-news","13":"tag-featurednews","14":"tag-headlines","15":"tag-klientu-aptarnavimo-specialistas","16":"tag-latest-news","17":"tag-latestnews","18":"tag-lietuva","19":"tag-lietuviu","20":"tag-lietuvos-investiciniu-ir-pensiju-fondu-asociacija","21":"tag-lithuania","22":"tag-lithuanian","23":"tag-lt","24":"tag-naujienos","25":"tag-news","26":"tag-paulius-kabelis","27":"tag-populiariausios-naujienos","28":"tag-populiariausiosnaujienos","29":"tag-reforma","30":"tag-top-stories","31":"tag-topstories"},"share_on_mastodon":{"url":"https:\/\/pubeurope.com\/@lt\/115559525498495090","error":""},"_links":{"self":[{"href":"https:\/\/www.europesays.com\/lt\/wp-json\/wp\/v2\/posts\/41071","targetHints":{"allow":["GET"]}}],"collection":[{"href":"https:\/\/www.europesays.com\/lt\/wp-json\/wp\/v2\/posts"}],"about":[{"href":"https:\/\/www.europesays.com\/lt\/wp-json\/wp\/v2\/types\/post"}],"author":[{"embeddable":true,"href":"https:\/\/www.europesays.com\/lt\/wp-json\/wp\/v2\/users\/2"}],"replies":[{"embeddable":true,"href":"https:\/\/www.europesays.com\/lt\/wp-json\/wp\/v2\/comments?post=41071"}],"version-history":[{"count":0,"href":"https:\/\/www.europesays.com\/lt\/wp-json\/wp\/v2\/posts\/41071\/revisions"}],"wp:featuredmedia":[{"embeddable":true,"href":"https:\/\/www.europesays.com\/lt\/wp-json\/wp\/v2\/media\/41072"}],"wp:attachment":[{"href":"https:\/\/www.europesays.com\/lt\/wp-json\/wp\/v2\/media?parent=41071"}],"wp:term":[{"taxonomy":"category","embeddable":true,"href":"https:\/\/www.europesays.com\/lt\/wp-json\/wp\/v2\/categories?post=41071"},{"taxonomy":"post_tag","embeddable":true,"href":"https:\/\/www.europesays.com\/lt\/wp-json\/wp\/v2\/tags?post=41071"}],"curies":[{"name":"wp","href":"https:\/\/api.w.org\/{rel}","templated":true}]}}