{"id":41075,"date":"2025-11-16T13:10:13","date_gmt":"2025-11-16T13:10:13","guid":{"rendered":"https:\/\/www.europesays.com\/lt\/41075\/"},"modified":"2025-11-16T13:10:13","modified_gmt":"2025-11-16T13:10:13","slug":"karas-ukrainoje-ukrainos-pajegos-smoge-stambiai-naftos-gamyklai-samaroje-ir-rubikon-dronu-bazei-delfi","status":"publish","type":"post","link":"https:\/\/www.europesays.com\/lt\/41075\/","title":{"rendered":"Karas Ukrainoje. Ukrainos paj\u0117gos smog\u0117 stambiai naftos gamyklai Samaroje ir \u201eRubikon\u201c dron\u0173 bazei &#8211; Delfi"},"content":{"rendered":"<ol>\n<li><a href=\"https:\/\/news.google.com\/rss\/articles\/CBMi2wFBVV95cUxQNFUtV3UyWkdoMTJCcWh0Y0VJbFNmVnlTMC1hVkUzZmtLaFRIcXpIQlpHSm96RFB0ZTA2MnFXeHhCeUk3Y3AtR0g5RVZoMlBHbUo0SlNGTGVpTGw5XzcxQ1dxTm55VDdjVnZHeDE3ZmF6RFQxTFdsc0lVYVlmOTYzSGo0N25zcU1TaUhaOE1JN3BUNGQtYUM0dDI1RGhJREg5ZkplNjEtV0M4dmt2UjVxMm5DaERwMGk1QWt5Zzh5YURMeWhZZzVERThON3ZsLXRnalM5QktQMFo0bG8?oc=5\" target=\"_blank\" rel=\"nofollow noopener\">Karas Ukrainoje. Ukrainos paj\u0117gos smog\u0117 stambiai naftos gamyklai Samaroje ir \u201eRubikon\u201c dron\u0173 bazei<\/a>&nbsp;&nbsp;Delfi<\/li>\n<li><a href=\"https:\/\/news.google.com\/rss\/articles\/CBMifkFVX3lxTE5pVVZ2cGRVQXZaRjJRTnFnc1RDTllrWThjNU1lRVhaQVowdG81UUx1dVpBZDZSWWRhLVZ2T2N0R1Q0czd1TjJQNTV2aE1UVlo3VWFXUlh5emhyUzVYMnVsNVBuMFlzcy0zcFZPbnZHcFJ1UEFOQmVQUk40UzVIQQ?oc=5\" target=\"_blank\" rel=\"nofollow noopener\">Karas Ukrainoje. Rusijos regionuose kilo panika: dronai smog\u0117 Volgogradui, Kryme prane\u0161ta apie \u201eNept\u016bn\u0173\u201c atakas<\/a>&nbsp;&nbsp;15min.lt<\/li>\n<li><a href=\"https:\/\/news.google.com\/rss\/articles\/CBMi2wFBVV95cUxOSk05UnFnZC1Gb2M1U1RsZkZjcUdLeUJuSEVwLTNtUHJ6UEpzZ0p0aG1LRVgwZzlJazRpWm44SFBJeE1GMFF6ejhDLU9fTXV0Nm16anJDTThKZnU1MjJoQ3hYS0xxdEFnamNKaGJ5c2pXMlhEMUlRdWpLcHpIbUI2WDNva2FuWUZvVUQ3N0lCcGJ1Vjc5OWJxUy1pSnU1Szc5d2EtaklDV3JaOVVwdGdOOWNYYnlZbE0xUGRDc3VlLWcwTExENVExX0hBTUU1Rm5qdGxDUkRFeWVyQzQ?oc=5\" target=\"_blank\" rel=\"nofollow noopener\">Ukraina skelbia atakavusi rus\u0173 naftos perdirbimo gamykl\u0105 netoli Maskvos<\/a>&nbsp;&nbsp;Kauno diena<\/li>\n<li><a href=\"https:\/\/news.google.com\/rss\/articles\/CBMiyAFBVV95cUxOYXNrOU9lTUM0WmJGeHFRTTZONjY1SHU5Rk1KYzVNU1hXMlJyTTkyMF9lNk1SYl9mcEdXbXRPbEZiaHBuWmNGbzYtMkR0U08ybG1iYUhOb3BTUVhHWDdvZHEwa213NmFGM3Q4ZnlYeXhXcFpxWWVTT1Jid2hFeV95c3NCNHZEdVoyamN1MVNRUXdMeFFLbzNEZnE3M1BRdGRpaEVSYjVYTmJMOHFYdkcxVlNWdF9uMjlvS0FwekZMc041S2lvT2FGNg?oc=5\" target=\"_blank\" rel=\"nofollow noopener\">Karas Ukrainoje. Zelenskis parod\u0117, kaip \u201eLong Neptune\u201c raketos paleid\u017eiamos \u012f Rusij\u0105<\/a>&nbsp;&nbsp;LRT<\/li>\n<li><a href=\"https:\/\/news.google.com\/rss\/articles\/CBMivwFBVV95cUxPcjBOYUU0RUM1VjR5cnNWWWtRalNrVDA0dzZIblV4bjB0ck9oaEIya04xNG1yTC1USTk5N2FMVGR1b0tPUTRPT19TR1lJN01ER2ZHQV9zYi01MzhoQUd4aWYtb1pyLVYzZ0F4a2FiMGcwR3NSODRMM2ZhWUdSLTJNMk50NGVGUWI0bzN1UUViQjZ6NXNXdnVjaWl5aUg2WWVJaEZTakVPTUpwSXplOUJOQ19mUkprdU9QSllUT0dZYw?oc=5\" target=\"_blank\" rel=\"nofollow noopener\">Ukrainos \u017evalgyba: v\u0117l atakuota Riazan\u0117s naftos perdirbimo gamykla Rusijoje<\/a>&nbsp;&nbsp;Alfa.lt<\/li>\n<\/ol>\n","protected":false},"excerpt":{"rendered":"Karas Ukrainoje. Ukrainos paj\u0117gos smog\u0117 stambiai naftos gamyklai Samaroje ir \u201eRubikon\u201c dron\u0173 bazei&nbsp;&nbsp;Delfi Karas Ukrainoje. Rusijos regionuose kilo&hellip;\n","protected":false},"author":2,"featured_media":41076,"comment_status":"","ping_status":"","sticky":false,"template":"","format":"standard","meta":{"footnotes":""},"categories":[15],"tags":[25,30,31,34,35,24,121,32,33,37,39,36,38,40,23,22,44,28,29,26,27,74,75,76],"class_list":{"0":"post-41075","1":"post","2":"type-post","3":"status-publish","4":"format-standard","5":"has-post-thumbnail","7":"category-pasaulis","8":"tag-antrastes","9":"tag-breaking-news","10":"tag-breakingnews","11":"tag-featured-news","12":"tag-featurednews","13":"tag-headlines","14":"tag-karas-ukrainoje","15":"tag-latest-news","16":"tag-latestnews","17":"tag-lietuva","18":"tag-lietuviu","19":"tag-lithuania","20":"tag-lithuanian","21":"tag-lt","22":"tag-naujienos","23":"tag-news","24":"tag-pasaulis","25":"tag-populiariausios-naujienos","26":"tag-populiariausiosnaujienos","27":"tag-top-stories","28":"tag-topstories","29":"tag-world","30":"tag-world-news","31":"tag-worldnews"},"share_on_mastodon":{"url":"https:\/\/pubeurope.com\/@lt\/115559545246061231","error":""},"_links":{"self":[{"href":"https:\/\/www.europesays.com\/lt\/wp-json\/wp\/v2\/posts\/41075","targetHints":{"allow":["GET"]}}],"collection":[{"href":"https:\/\/www.europesays.com\/lt\/wp-json\/wp\/v2\/posts"}],"about":[{"href":"https:\/\/www.europesays.com\/lt\/wp-json\/wp\/v2\/types\/post"}],"author":[{"embeddable":true,"href":"https:\/\/www.europesays.com\/lt\/wp-json\/wp\/v2\/users\/2"}],"replies":[{"embeddable":true,"href":"https:\/\/www.europesays.com\/lt\/wp-json\/wp\/v2\/comments?post=41075"}],"version-history":[{"count":0,"href":"https:\/\/www.europesays.com\/lt\/wp-json\/wp\/v2\/posts\/41075\/revisions"}],"wp:featuredmedia":[{"embeddable":true,"href":"https:\/\/www.europesays.com\/lt\/wp-json\/wp\/v2\/media\/41076"}],"wp:attachment":[{"href":"https:\/\/www.europesays.com\/lt\/wp-json\/wp\/v2\/media?parent=41075"}],"wp:term":[{"taxonomy":"category","embeddable":true,"href":"https:\/\/www.europesays.com\/lt\/wp-json\/wp\/v2\/categories?post=41075"},{"taxonomy":"post_tag","embeddable":true,"href":"https:\/\/www.europesays.com\/lt\/wp-json\/wp\/v2\/tags?post=41075"}],"curies":[{"name":"wp","href":"https:\/\/api.w.org\/{rel}","templated":true}]}}