{"id":41081,"date":"2025-11-16T13:21:54","date_gmt":"2025-11-16T13:21:54","guid":{"rendered":"https:\/\/www.europesays.com\/lt\/41081\/"},"modified":"2025-11-16T13:21:54","modified_gmt":"2025-11-16T13:21:54","slug":"panevezio-utenos-ir-siauliu-apskrityse-per-para-rasti-septyni-negyvi-zmones-respublika-lt","status":"publish","type":"post","link":"https:\/\/www.europesays.com\/lt\/41081\/","title":{"rendered":"Panev\u0117\u017eio, Utenos ir \u0160iauli\u0173 apskrityse per par\u0105 rasti septyni negyvi \u017emon\u0117s &#8211; Respublika.lt"},"content":{"rendered":"<p style=\"text-align: justify;\" class=\"desktop_banner\">\u00a0<\/p>\n<p>Kaip prane\u0161\u0117 Panev\u0117\u017eio apskrities policija, apie 12 val.  Panev\u0117\u017eio rajone, Patraki\u0173 kaime, buvo rastas 1974 metais gimusio vyro k\u016bnas.<\/p>\n<p>Apie 12.45 val. pana\u0161aus am\u017eiaus negyvas vyras (gim. 1974 m.) rastas Panev\u0117\u017eyje, Dobugirio gatv\u0117je.<\/p>\n<p>Tos pa\u010dios dienos vakare, apie 17.40 val., pasak policijos, 1962 metais gimusio vyro k\u016bnas buvo rastas Panev\u0117\u017eio rajone, Kaimi\u0161kio kaime.<\/p>\n<p>Dar vieno asmens (gim. 1974 m.) k\u016bnas be gyvyb\u0117s \u017eenkl\u0173 rastas sekmadienio pary\u010diais, apie 5.14 val., Roki\u0161kyje, Sod\u0173 gatv\u0117je.<\/p>\n<p>Policijos teigimu, pirmin\u0117s ap\u017ei\u016bros metu i\u0161orini\u0173 smurto \u017eymi\u0173 ant k\u016bn\u0173 nepasteb\u0117ta.<\/p>\n<p>Policija prad\u0117jo ikiteisminius tyrimus mirties prie\u017eastims nustatyti.<\/p>\n<p>Dar trij\u0173 \u017emoni\u0173 lavonai rasti Utenos ir \u0160iauli\u0173 apskrityse<\/p>\n<p>Apie dar tris negyv\u0173 \u017emoni\u0173 k\u016bnus prane\u0161\u0117 Utenos ir \u0160iauli\u0173 apskrities policija.<\/p>\n<p>Utenos policijos duomenimis, \u0161e\u0161tadienio ryt\u0105, apie 7.42 val. Visagine, Kosmoso gatv\u0117je, kambaryje, buvo rastas 1977 metais gimusio vyro k\u016bnas.<\/p>\n<p>Dar vieno vyro (gim. 1976 m.) lavonas t\u0105 pa\u010di\u0105 dien\u0105 apie 12.20 val. aptiktas Mol\u0117t\u0173 rajone, Sugin\u010di\u0173 kaime.<\/p>\n<p>Tuo metu \u0160iauli\u0173 policija prane\u0161\u0117, kad sekmadienio pary\u010diais, apie 3.52 val., Radvili\u0161kio rajone, Dvar\u010di\u0173 kaime esan\u010diuose namuose, buvo rastas 1966 m. gimusio vyro k\u016bnas.<\/p>\n<p>Anot teis\u0117saugos, visi mirusi\u0173j\u0173 k\u016bnai be i\u0161orini\u0173 su\u017ealojim\u0173.<\/p>\n<p>Visais atvejais prad\u0117ti ikiteisminiai tyrimai mirties prie\u017eastims nustatyti.<\/p>\n<p>\u00a0<\/p>\n","protected":false},"excerpt":{"rendered":"\u00a0 Kaip prane\u0161\u0117 Panev\u0117\u017eio apskrities policija, apie 12 val. Panev\u0117\u017eio rajone, Patraki\u0173 kaime, buvo rastas 1974 metais gimusio&hellip;\n","protected":false},"author":2,"featured_media":41082,"comment_status":"","ping_status":"","sticky":false,"template":"","format":"standard","meta":{"footnotes":""},"categories":[13],"tags":[25,30,31,34,35,24,32,33,10847,37,39,36,38,40,23,22,600,601,28,29,4649,26,27],"class_list":{"0":"post-41081","1":"post","2":"type-post","3":"status-publish","4":"format-standard","5":"has-post-thumbnail","7":"category-lietuva","8":"tag-antrastes","9":"tag-breaking-news","10":"tag-breakingnews","11":"tag-featured-news","12":"tag-featurednews","13":"tag-headlines","14":"tag-latest-news","15":"tag-latestnews","16":"tag-lavonai","17":"tag-lietuva","18":"tag-lietuviu","19":"tag-lithuania","20":"tag-lithuanian","21":"tag-lt","22":"tag-naujienos","23":"tag-news","24":"tag-panevezys","25":"tag-policija","26":"tag-populiariausios-naujienos","27":"tag-populiariausiosnaujienos","28":"tag-rokiskis","29":"tag-top-stories","30":"tag-topstories"},"share_on_mastodon":{"url":"https:\/\/pubeurope.com\/@lt\/115559592300290255","error":""},"_links":{"self":[{"href":"https:\/\/www.europesays.com\/lt\/wp-json\/wp\/v2\/posts\/41081","targetHints":{"allow":["GET"]}}],"collection":[{"href":"https:\/\/www.europesays.com\/lt\/wp-json\/wp\/v2\/posts"}],"about":[{"href":"https:\/\/www.europesays.com\/lt\/wp-json\/wp\/v2\/types\/post"}],"author":[{"embeddable":true,"href":"https:\/\/www.europesays.com\/lt\/wp-json\/wp\/v2\/users\/2"}],"replies":[{"embeddable":true,"href":"https:\/\/www.europesays.com\/lt\/wp-json\/wp\/v2\/comments?post=41081"}],"version-history":[{"count":0,"href":"https:\/\/www.europesays.com\/lt\/wp-json\/wp\/v2\/posts\/41081\/revisions"}],"wp:featuredmedia":[{"embeddable":true,"href":"https:\/\/www.europesays.com\/lt\/wp-json\/wp\/v2\/media\/41082"}],"wp:attachment":[{"href":"https:\/\/www.europesays.com\/lt\/wp-json\/wp\/v2\/media?parent=41081"}],"wp:term":[{"taxonomy":"category","embeddable":true,"href":"https:\/\/www.europesays.com\/lt\/wp-json\/wp\/v2\/categories?post=41081"},{"taxonomy":"post_tag","embeddable":true,"href":"https:\/\/www.europesays.com\/lt\/wp-json\/wp\/v2\/tags?post=41081"}],"curies":[{"name":"wp","href":"https:\/\/api.w.org\/{rel}","templated":true}]}}