{"id":41478,"date":"2025-11-17T05:53:08","date_gmt":"2025-11-17T05:53:08","guid":{"rendered":"https:\/\/www.europesays.com\/lt\/41478\/"},"modified":"2025-11-17T05:53:08","modified_gmt":"2025-11-17T05:53:08","slug":"jav-kariuomene-teigia-kad-karibuose-dislokuotas-lektuvnesis","status":"publish","type":"post","link":"https:\/\/www.europesays.com\/lt\/41478\/","title":{"rendered":"JAV kariuomen\u0117 teigia, kad Karibuose dislokuotas l\u0117ktuvne\u0161is"},"content":{"rendered":"<p>JAV prezidentas Donaldas Trumpas (Donaldas Trampas) nurod\u0117 didinti kari\u0173 skai\u010di\u0173 Karib\u0173 j\u016bros regione pagal kovos su narkotik\u0173 prekyba iniciatyv\u0105, ta\u010diau pasigirdo sp\u0117lioni\u0173, kad Va\u0161ingtonas galb\u016bt svarsto galimyb\u0119 imtis karin\u0117s intervencijos prie\u0161 Venesuelos vadov\u0105 Nicolas Maduro (Nikol\u0105 Madur\u0105).<\/p>\n<p>JAV Piet\u0173 vadaviet\u0117 (SOUTHCOM), pri\u017ei\u016brinti Amerikos paj\u0117gas Lotyn\u0173 Amerikoje ir Karib\u0173 j\u016bros regione, anks\u010diau sak\u0117, kad \u012f jos atsakomyb\u0117s zon\u0105 \u012f\u017eeng\u0117 l\u0117ktuvne\u0161io \u201eUSS Gerald R. Ford\u201c smogiamoji grup\u0117.<\/p>\n<p>Sekmadien\u012f ji parei\u0161kime paskelb\u0117, kad smogiamoji grup\u0117 \u012f\u017eeng\u0117 \u012f Karib\u0173 j\u016br\u0105, ir teig\u0117, kad \u0161is \u017eingsnis atliktas atsi\u017evelgiant \u012f D. Trumpo \u201edirektyv\u0105 i\u0161ardyti tarptautines nusikalstamas organizacijas ir kovoti su narkotik\u0173 terorizmu ginant T\u0117vyn\u0119\u201c.<\/p>\n<p>Smogiam\u0105j\u0105 grup\u0119 sudaro moderniausias JAV l\u0117ktuvne\u0161is, du valdom\u0173 raket\u0173 naikintuvai ir kiti pagalbiniai laivai bei orlaiviai.<\/p>\n<p>Ji prisijungia prie keli\u0173 Karibuose jau esan\u010di\u0173 karo laiv\u0173, kuri\u0173 dislokavimas pavadintas operacija \u201ePiet\u0173 ietis\u201c.<\/p>\n<p>Nuo rugs\u0117jo, kai buvo prad\u0117ta kovos su narkotik\u0173 kontrabanda karin\u0117 kampanija, JAV paj\u0117gos nukov\u0117 ma\u017eiausiai 80 \u017emoni\u0173, kaltinam\u0173 narkotik\u0173 gabenimu tarptautiniuose vandenyse, remdamasi vie\u0161ai paskelbtais duomenimis, prane\u0161a naujien\u0173 agent\u016bra AFP.<\/p>\n<p>Jungtin\u0117s Valstijos nepateik\u0117 jokios informacijos, patvirtinan\u010dios j\u0173 teiginius, kad 20 sm\u016bgi\u0173 Karib\u0173 j\u016bros ir Ramiojo vandenyno rytin\u0117je dalyje metu nukent\u0117j\u0119 asmenys i\u0161 tikr\u0173j\u0173 buvo narkotik\u0173 prekeiviai.<\/p>\n<p>Ekspertai teigia, kad \u0161ios mirtys prilygsta neteisminiams nu\u017eudymams, net jei jos nukreiptos prie\u0161 \u017einomus prekeivius \u017emon\u0117mis.<\/p>\n<p>Tuo tarpu Karakasas mano, kad kariuomen\u0117s stiprinimas yra akivaizdi gr\u0117sm\u0117.<\/p>\n<p>Jungtin\u0117s Valstijos nepripa\u017e\u012fsta N. Maduro teis\u0117tu Venesuelos prezidentu ir yra paskelbusios 50 mln. doleri\u0173 (43 mln. eur\u0173) premij\u0105 u\u017e jo su\u0117mim\u0105, kad jis b\u016bt\u0173 su\u010diuptas ir jam b\u016bt\u0173 pateikti kaltinimai d\u0117l vadovavimo narkotik\u0173 karteliui.<\/p>\n<p>Pasirod\u017eius prane\u0161imams, kad D. Trumpas sureng\u0117 susitikimus su kariniais patar\u0117jais d\u0117l galim\u0173 variant\u0173 Venesuelai, JAV prezidentas penktadien\u012f \u017eurnalistams sak\u0117, kad galb\u016bt apsisprend\u0117 \u0161iuo klausimu.<\/p>\n<p>\u201eNegaliu jums pasakyti, kas tai yra, bet mes padar\u0117me didel\u0119 pa\u017eang\u0105 su Venesuela, kalbant apie narkotik\u0173 patekimo \u012f \u0161al\u012f sustabdym\u0105\u201c, \u2013 sak\u0117 jis l\u0117ktuve \u201eAir Force One\u201c.<\/p>\n<p>Anks\u010diau interviu CBS naujien\u0173 tarnybai jis sak\u0117, kad abejoja, ar Jungtin\u0117s Valstijos prad\u0117s kar\u0105 su Venesuela, ta\u010diau mano, kad N. Maduro dienos suskai\u010diuotos.<\/p>\n<p>JAV kariuomen\u0117 taip pat sustiprino savo buvim\u0105 Trinidade ir Tobage, salyne prie pat Venesuelos krant\u0173.<\/p>\n<p>JAV ir Trinidado paj\u0117gos sekmadien\u012f jau antr\u0105 kart\u0105 per ma\u017eiau nei m\u0117nes\u012f tur\u0117jo prad\u0117ti bendras pratybas. \u0160e\u0161tadien\u012f N. Maduro pasmerk\u0117 \u0161ias pratybas kaip neatsakingas.<\/p>\n","protected":false},"excerpt":{"rendered":"JAV prezidentas Donaldas Trumpas (Donaldas Trampas) nurod\u0117 didinti kari\u0173 skai\u010di\u0173 Karib\u0173 j\u016bros regione pagal kovos su narkotik\u0173 prekyba&hellip;\n","protected":false},"author":2,"featured_media":41479,"comment_status":"","ping_status":"","sticky":false,"template":"","format":"standard","meta":{"footnotes":""},"categories":[15],"tags":[25,30,31,34,35,24,32,33,37,39,36,38,40,23,22,44,28,29,26,27,74,75,76],"class_list":{"0":"post-41478","1":"post","2":"type-post","3":"status-publish","4":"format-standard","5":"has-post-thumbnail","7":"category-pasaulis","8":"tag-antrastes","9":"tag-breaking-news","10":"tag-breakingnews","11":"tag-featured-news","12":"tag-featurednews","13":"tag-headlines","14":"tag-latest-news","15":"tag-latestnews","16":"tag-lietuva","17":"tag-lietuviu","18":"tag-lithuania","19":"tag-lithuanian","20":"tag-lt","21":"tag-naujienos","22":"tag-news","23":"tag-pasaulis","24":"tag-populiariausios-naujienos","25":"tag-populiariausiosnaujienos","26":"tag-top-stories","27":"tag-topstories","28":"tag-world","29":"tag-world-news","30":"tag-worldnews"},"share_on_mastodon":{"url":"https:\/\/pubeurope.com\/@lt\/115563489086545129","error":""},"_links":{"self":[{"href":"https:\/\/www.europesays.com\/lt\/wp-json\/wp\/v2\/posts\/41478","targetHints":{"allow":["GET"]}}],"collection":[{"href":"https:\/\/www.europesays.com\/lt\/wp-json\/wp\/v2\/posts"}],"about":[{"href":"https:\/\/www.europesays.com\/lt\/wp-json\/wp\/v2\/types\/post"}],"author":[{"embeddable":true,"href":"https:\/\/www.europesays.com\/lt\/wp-json\/wp\/v2\/users\/2"}],"replies":[{"embeddable":true,"href":"https:\/\/www.europesays.com\/lt\/wp-json\/wp\/v2\/comments?post=41478"}],"version-history":[{"count":0,"href":"https:\/\/www.europesays.com\/lt\/wp-json\/wp\/v2\/posts\/41478\/revisions"}],"wp:featuredmedia":[{"embeddable":true,"href":"https:\/\/www.europesays.com\/lt\/wp-json\/wp\/v2\/media\/41479"}],"wp:attachment":[{"href":"https:\/\/www.europesays.com\/lt\/wp-json\/wp\/v2\/media?parent=41478"}],"wp:term":[{"taxonomy":"category","embeddable":true,"href":"https:\/\/www.europesays.com\/lt\/wp-json\/wp\/v2\/categories?post=41478"},{"taxonomy":"post_tag","embeddable":true,"href":"https:\/\/www.europesays.com\/lt\/wp-json\/wp\/v2\/tags?post=41478"}],"curies":[{"name":"wp","href":"https:\/\/api.w.org\/{rel}","templated":true}]}}