{"id":41592,"date":"2025-11-17T08:41:08","date_gmt":"2025-11-17T08:41:08","guid":{"rendered":"https:\/\/www.europesays.com\/lt\/41592\/"},"modified":"2025-11-17T08:41:08","modified_gmt":"2025-11-17T08:41:08","slug":"zigmas-vaisvila-korupcija-neatskiriama-siuolaikines-ekonomikos-dalis-respublika","status":"publish","type":"post","link":"https:\/\/www.europesays.com\/lt\/41592\/","title":{"rendered":"Zigmas VAI\u0160VILA: \u201eKorupcija &#8211; neatskiriama \u0161iuolaikin\u0117s ekonomikos dalis&quot; &#8211; Respublika"},"content":{"rendered":"<ol>\n<li><a href=\"https:\/\/news.google.com\/rss\/articles\/CBMi6gFBVV95cUxQWmlRZlN3VGxTQ1p0WGllUVE0RDZkSGlmOGlva21QRzAzWkVUcXNYN2pYcThGdlNRb0lBZTIwM2dxbXUxUnNVME1sdnZ6T1hkWkZBUTRDQ1g1OXdRUENFQnYxRkQ5LTlQZzRGM0VwVncySmtNQ0ZOdzdJUEs3YlhFYWpabHZ3OG9oMWJ4LU9id3ViNW55dDJJQXdueDFGRlFxR2pKbkkxdnBGWDZVS3h3X1NLRHh4UjZkdDlsMC1uaDZuOGpGNEwyMHU2R3NMa1EyS2xSOS1kRWNTUDFiT3JiZGdFNzk5OTBZeXc?oc=5\" target=\"_blank\" rel=\"nofollow noopener\">Zigmas VAI\u0160VILA: \u201eKorupcija &#8211; neatskiriama \u0161iuolaikin\u0117s ekonomikos dalis&#8221;<\/a>&nbsp;&nbsp;Respublika<\/li>\n<li><a href=\"https:\/\/news.google.com\/rss\/articles\/CBMitwFBVV95cUxNaWlNZ3FnZ3puS2M0RUd3dGNMMVpycUtMV19fbEg4ZnJ0ZjVmelV1alNUOF9MZ3BDeVhzVGhFdGtKYXplQTlEQkNpQld2dkYxQWE2ZlVkTWJVY1VQVDhZMHUzUzh2M2hYODVnUTdBbU05eV9HYVV1UEVhSzF0aE5IZlVGQ3doekJvQlhlUjFKQVg3dnRwb19tMTI3dGV2LTJ4V1VBbGlaM1VGN3hIMFMtSnd4MlI3TzQ?oc=5\" target=\"_blank\" rel=\"nofollow noopener\">Po korupcijos skandalo Zelenskis \u017eada pertvarkas energetikos \u012fmon\u0117se<\/a>&nbsp;&nbsp;Delfi<\/li>\n<li><a href=\"https:\/\/news.google.com\/rss\/articles\/CBMiY0FVX3lxTE9PNGVFMGE2bkNPLTFjR2t5UzFhVEk5bGlPcGZfMVhlWGd5b1JNWktnMTN0OEdMZ01xSlVfYVhUSDZnNlZ0THVXT0d5WW1LZElGU2Z3RDdSUnhnNkJraWI1eGZmSQ?oc=5\" target=\"_blank\" rel=\"nofollow noopener\">\u017dinios<\/a>&nbsp;&nbsp;LRT<\/li>\n<li><a href=\"https:\/\/news.google.com\/rss\/articles\/CBMipgFBVV95cUxPZ1RqTW1RVF9XRlI3UzBCNkRQcE9FZktoYkhEaXo3MFQ3OVJwZzU3UkhERm9qb21pTnJmRjhEU0hHTmZoR1JJZHd1ZHc1dy02V1FZd3ZBVGhpRlltcHF5MXV5RDI5N1JLdkRXYVltZmhBdjJveGV3VUkzRTh1V24xN3dGempMc1JUbl9PZEJVMVQtNmZ6cldLQXNRREdZaHJoYlpFbTFB?oc=5\" target=\"_blank\" rel=\"nofollow noopener\">Ukrainos prezidentas prad\u0117jo energetikos sektoriaus pertvark\u0105<\/a>&nbsp;&nbsp;vz.lt<\/li>\n<li><a href=\"https:\/\/news.google.com\/rss\/articles\/CBMi4AFBVV95cUxQVXp0NTNCWi1vd1Rfb2w3TkNKT25jZlk0bkFQTmJDOFRNSGZ0SDNfR3UxbFVHX3RVbnF0MXl2SE9VQ3RmQ0F0Q2szdEtTNWxCT0s2NzdtWURlSUJWQ2pEa2M5YlFwMjM2b182VmJFWXpvdUhGNVQ0eFF2Tjc3SGZaSjMzNEkxUHQxX3BoSEhqRGJIUGVFZ1hKbVN4LVY4ajg3M3hadDVfZWVSRnR1SjRkSzFRaU82YkM0UEF4LUJQd0NYWVU3QjJORGJVNGRiU0lYcEN4X3BhUEZlWEItaFZjdQ?oc=5\" target=\"_blank\" rel=\"nofollow noopener\">Buv\u0119s Gitano Naus\u0117dos konkurentas bando j\u012f susieti su korupcijos skandalu Ukrainoje<\/a>&nbsp;&nbsp;15min.lt<\/li>\n<\/ol>\n","protected":false},"excerpt":{"rendered":"Zigmas VAI\u0160VILA: \u201eKorupcija &#8211; neatskiriama \u0161iuolaikin\u0117s ekonomikos dalis&#8221;&nbsp;&nbsp;Respublika Po korupcijos skandalo Zelenskis \u017eada pertvarkas energetikos \u012fmon\u0117se&nbsp;&nbsp;Delfi \u017dinios&nbsp;&nbsp;LRT Ukrainos&hellip;\n","protected":false},"author":2,"featured_media":41593,"comment_status":"","ping_status":"","sticky":false,"template":"","format":"standard","meta":{"footnotes":"","_share_on_mastodon":"0"},"categories":[15],"tags":[25,30,31,644,34,35,24,223,2717,32,33,37,39,36,38,40,10921,23,22,44,1666,28,29,6086,7170,26,27,360,516,74,75,76,363],"class_list":["post-41592","post","type-post","status-publish","format-standard","has-post-thumbnail","category-pasaulis","tag-antrastes","tag-breaking-news","tag-breakingnews","tag-energetika","tag-featured-news","tag-featurednews","tag-headlines","tag-jav","tag-korupcija","tag-latest-news","tag-latestnews","tag-lietuva","tag-lietuviu","tag-lithuania","tag-lithuanian","tag-lt","tag-mindicius","tag-naujienos","tag-news","tag-pasaulis","tag-pinigai","tag-populiariausios-naujienos","tag-populiariausiosnaujienos","tag-porosenka","tag-siuntos","tag-top-stories","tag-topstories","tag-ukraina","tag-vaisvila","tag-world","tag-world-news","tag-worldnews","tag-zelenskis"],"share_on_mastodon":{"url":"https:\/\/pubeurope.com\/@lt\/115564149736106293","error":""},"_links":{"self":[{"href":"https:\/\/www.europesays.com\/lt\/wp-json\/wp\/v2\/posts\/41592","targetHints":{"allow":["GET"]}}],"collection":[{"href":"https:\/\/www.europesays.com\/lt\/wp-json\/wp\/v2\/posts"}],"about":[{"href":"https:\/\/www.europesays.com\/lt\/wp-json\/wp\/v2\/types\/post"}],"author":[{"embeddable":true,"href":"https:\/\/www.europesays.com\/lt\/wp-json\/wp\/v2\/users\/2"}],"replies":[{"embeddable":true,"href":"https:\/\/www.europesays.com\/lt\/wp-json\/wp\/v2\/comments?post=41592"}],"version-history":[{"count":0,"href":"https:\/\/www.europesays.com\/lt\/wp-json\/wp\/v2\/posts\/41592\/revisions"}],"wp:featuredmedia":[{"embeddable":true,"href":"https:\/\/www.europesays.com\/lt\/wp-json\/wp\/v2\/media\/41593"}],"wp:attachment":[{"href":"https:\/\/www.europesays.com\/lt\/wp-json\/wp\/v2\/media?parent=41592"}],"wp:term":[{"taxonomy":"category","embeddable":true,"href":"https:\/\/www.europesays.com\/lt\/wp-json\/wp\/v2\/categories?post=41592"},{"taxonomy":"post_tag","embeddable":true,"href":"https:\/\/www.europesays.com\/lt\/wp-json\/wp\/v2\/tags?post=41592"}],"curies":[{"name":"wp","href":"https:\/\/api.w.org\/{rel}","templated":true}]}}