{"id":41991,"date":"2025-11-17T17:43:15","date_gmt":"2025-11-17T17:43:15","guid":{"rendered":"https:\/\/www.europesays.com\/lt\/41991\/"},"modified":"2025-11-17T17:43:15","modified_gmt":"2025-11-17T17:43:15","slug":"oro-uoste-uzsidege-kongo-ministra-skraidines-lektuvas","status":"publish","type":"post","link":"https:\/\/www.europesays.com\/lt\/41991\/","title":{"rendered":"Oro uoste u\u017esideg\u0117 Kongo ministr\u0105 skraidin\u0119s l\u0117ktuvas"},"content":{"rendered":"<p>\u201eL\u0117ktuvas atskrido i\u0161 sostin\u0117s Kin\u0161asos, t\u016bpdamas Kolvezio oro uoste Lualabos provincijoje jis nul\u0117k\u0117 nuo nusileidimo tako\u201c, \u2013 po incidento oro uoste \u017einiasklaidai sak\u0117 ministro patar\u0117jas ry\u0161iams su visuomene Isaacas Nyembo.<\/p>\n<p>\u201ePo keli\u0173 akimirk\u0173 l\u0117ktuvas u\u017esideg\u0117\u201c, \u2013 prid\u016br\u0117 jis.<\/p>\n<p>I. Nyembo teigimu, prie\u0161 u\u017esidegant l\u0117ktuvui i\u0161 jo buvo evakuota apie 20 keleivi\u0173, ta\u010diau liepsnos apgadino baga\u017e\u0105.<\/p>\n<p>Ministras ir jo delegacija skrido \u012f Kolvez\u012f \u012fvertinti pad\u0117ties Kalondo kasykloje, kur \u0161e\u0161tadien\u012f per nelaiming\u0105 atsitikim\u0105 kasykloje \u017euvo 32 \u017emon\u0117s.<\/p>\n","protected":false},"excerpt":{"rendered":"\u201eL\u0117ktuvas atskrido i\u0161 sostin\u0117s Kin\u0161asos, t\u016bpdamas Kolvezio oro uoste Lualabos provincijoje jis nul\u0117k\u0117 nuo nusileidimo tako\u201c, \u2013 po&hellip;\n","protected":false},"author":2,"featured_media":41992,"comment_status":"","ping_status":"","sticky":false,"template":"","format":"standard","meta":{"footnotes":""},"categories":[15],"tags":[25,30,31,34,35,24,11012,32,33,37,39,36,38,40,23,22,44,28,29,26,27,74,75,76],"class_list":{"0":"post-41991","1":"post","2":"type-post","3":"status-publish","4":"format-standard","5":"has-post-thumbnail","7":"category-pasaulis","8":"tag-antrastes","9":"tag-breaking-news","10":"tag-breakingnews","11":"tag-featured-news","12":"tag-featurednews","13":"tag-headlines","14":"tag-kongo-demokratine-respublika","15":"tag-latest-news","16":"tag-latestnews","17":"tag-lietuva","18":"tag-lietuviu","19":"tag-lithuania","20":"tag-lithuanian","21":"tag-lt","22":"tag-naujienos","23":"tag-news","24":"tag-pasaulis","25":"tag-populiariausios-naujienos","26":"tag-populiariausiosnaujienos","27":"tag-top-stories","28":"tag-topstories","29":"tag-world","30":"tag-world-news","31":"tag-worldnews"},"share_on_mastodon":{"url":"https:\/\/pubeurope.com\/@lt\/115566281022928531","error":""},"_links":{"self":[{"href":"https:\/\/www.europesays.com\/lt\/wp-json\/wp\/v2\/posts\/41991","targetHints":{"allow":["GET"]}}],"collection":[{"href":"https:\/\/www.europesays.com\/lt\/wp-json\/wp\/v2\/posts"}],"about":[{"href":"https:\/\/www.europesays.com\/lt\/wp-json\/wp\/v2\/types\/post"}],"author":[{"embeddable":true,"href":"https:\/\/www.europesays.com\/lt\/wp-json\/wp\/v2\/users\/2"}],"replies":[{"embeddable":true,"href":"https:\/\/www.europesays.com\/lt\/wp-json\/wp\/v2\/comments?post=41991"}],"version-history":[{"count":0,"href":"https:\/\/www.europesays.com\/lt\/wp-json\/wp\/v2\/posts\/41991\/revisions"}],"wp:featuredmedia":[{"embeddable":true,"href":"https:\/\/www.europesays.com\/lt\/wp-json\/wp\/v2\/media\/41992"}],"wp:attachment":[{"href":"https:\/\/www.europesays.com\/lt\/wp-json\/wp\/v2\/media?parent=41991"}],"wp:term":[{"taxonomy":"category","embeddable":true,"href":"https:\/\/www.europesays.com\/lt\/wp-json\/wp\/v2\/categories?post=41991"},{"taxonomy":"post_tag","embeddable":true,"href":"https:\/\/www.europesays.com\/lt\/wp-json\/wp\/v2\/tags?post=41991"}],"curies":[{"name":"wp","href":"https:\/\/api.w.org\/{rel}","templated":true}]}}