{"id":42059,"date":"2025-11-17T19:57:12","date_gmt":"2025-11-17T19:57:12","guid":{"rendered":"https:\/\/www.europesays.com\/lt\/42059\/"},"modified":"2025-11-17T19:57:12","modified_gmt":"2025-11-17T19:57:12","slug":"klaipedoje-is-tevu-paimtas-keliu-dienu-naujagimis-respublika-lt","status":"publish","type":"post","link":"https:\/\/www.europesays.com\/lt\/42059\/","title":{"rendered":"Klaip\u0117doje i\u0161 t\u0117v\u0173 paimtas keli\u0173 dien\u0173 naujagimis &#8211; Respublika.lt"},"content":{"rendered":"<p style=\"text-align: justify;\" class=\"desktop_banner\">\u00a0<\/p>\n<p>\u00a0<\/p>\n<p>Vaizdo \u012fra\u0161as, kuris plinta socialin\u0117je erdv\u0117je, fiksuotas Klaip\u0117doje. Juo pasidalijo Antano Kandroto, geriau \u017einomo Celofano pravarde, kanalas. Prie \u012fra\u0161o skelbiama, kad \u012f gimdymo skyri\u0173 vaiko teisi\u0173 specialistai, lydimi policijos pareig\u016bn\u0173, atvyko po gimdymo ir i\u0161 t\u0117v\u0173 pa\u0117m\u0117 vos keli\u0173 dien\u0173 k\u016bdik\u012f. \u201eNors ir t\u0117vai reikalavo, jiems nebuvo pateikti jokie dokumentai&#8221;, &#8211; ra\u0161oma prie vaizdo \u012fra\u0161o.<\/p>\n<p>Keli\u0173 minu\u010di\u0173 vaizdo \u012fra\u0161as prasideda tuo, kad tarnyb\u0173 atstovas nurodo t\u0117vams, jog vaikas yra laikinai paimamas, \u201enes jos nusprend\u0117, kad yra nesaugu taip. Pra\u0161au, sk\u0173skite t\u0105 m\u016bs\u0173 sprendim\u0105 teismui&#8221;. T\u0117\u010diui papra\u0161ius parodyti sprendim\u0105, jam atsakoma: \u201eTai atva\u017eiuokite pirmadien\u012f ir koleg\u0117, kuri sprendim\u0105 pri\u0117m\u0117, supa\u017eindins.&#8221;<\/p>\n<p>Visk\u0105 filmuojan\u010diam \u017emogui papra\u0161ius sprendim\u0105 atve\u017eti ir parodyti t\u0117vams, tarnyb\u0173 atstovas nurod\u0117, kad sprendimas sura\u0161ytas dar lapkri\u010dio 10 d. Vaizdo \u012fra\u0161as socialiniuose tinkluose prad\u0117jo plisti lapkri\u010dio 17 d. \u201eA\u0161 jo neturiu&#8221;, &#8211; sako atstovas, atvyk\u0119s paimti i\u0161 t\u0117v\u0173 vaik\u0105. V\u0117liau jis prid\u016br\u0117, kad mama su tuo dokumentu buvo supa\u017eindinta.<\/p>\n<p>\u201eMes turime gauti vaizdo \u012fra\u0161\u0105, ir j\u016bs\u0173 darbuotojai turi. Mums neleido net susipa\u017einti, paskaityti&#8221;, &#8211; sako vaikelio t\u0117tis.<\/p>\n<p>\u201eMes turime duomenis, kad mama yra supa\u017eindinta&#8221;, &#8211; atsako tarnyb\u0173 atstovas.<\/p>\n<p>Tiesa, vienu metu tarnybos atstovai sako negalintys \u017einoti, kad \u010dia yra t\u0117tis, nors t\u0105 u\u017e kadro patvirtina vaikelio mama. Taip pat nuskamba argumentas, kad k\u0105 tik gim\u0119s vaikelis dar n\u0117ra registruotas.<\/p>\n<p>Naujagim\u012f atskyr\u0117 nuo mamos<\/p>\n<p>Prie vaikelio mamos prieina kita darbuotoja, ne\u0161ina dokumentais, ji sako: \u201e\u017di\u016br\u0117kite, J\u016bs\u0173 vaikas laikinai dabar bus apgyvendintas Klaip\u0117dos miesto \u0161eimos ir vaiko gerov\u0117s centre. Yra priimtas toks u\u017epildytas aktas.&#8221;<\/p>\n<p>Filmuojan\u010diam \u017emogui paklausus, kieno para\u0161u dokumentas patvirtintas, atstov\u0117 atsako: \u201eMes su mama bendraujame&#8221;. T\u0117\u010diui papra\u0161ius parodyti \u0161iuos dokumentus, atstov\u0117 to nepadaro, nusine\u0161a juos ir \u012fsideda \u012f rankin\u0119.<\/p>\n<p>V\u0117liau primygtinai pra\u0161ant aplinkiniams, o taip pat ir mamai, tarnyb\u0173 atstov\u0117 parodo dokument\u0105, kuris, kaip nurodo, yra Vaiko laikino apgyvendinimo aktas. \u201eJ\u016bs, sak\u0117, atsisak\u0117te pasira\u0161yti&#8221;, &#8211;  priduria atstov\u0117. Tuo metu kitas tarnybos atstovas jau vaiki\u0161koje automobilio k\u0117dut\u0117je i\u0161 palatos i\u0161ne\u0161a ma\u017eyl\u012f.<\/p>\n<p>Tarnyb\u0173 atstovai su pareig\u016bnais pradeda eiti koridoriais, juos lydi vaikelio t\u0117tis ir \u012fvyk\u012f filmuojantis asmuo bei bando u\u017ekristi keli\u0105 tarnyboms. \u201eJ\u016bs neturite pasira\u0161yt\u0173 dokument\u0173 ir j\u016bs i\u0161sine\u0161ate vaik\u0105&#8221;, &#8211; sako \u012fvyk\u012f filmuojantis asmuo. \u201eJ\u016bs be para\u0161o ne\u0161ate vaik\u0105&#8221;, &#8211; sako vaikelio t\u0117tis, kur\u012f \u012f \u0161al\u012f bando nustumti policijos pareig\u016bn\u0117.<\/p>\n<p>Pareig\u016bnams ir tarnyb\u0173 atstovams paliekant ligonin\u0119, kyla s\u0105my\u0161is. \u201eK\u016bdik\u012f atimti i\u0161 normali\u0173 \u017emoni\u0173. Kas J\u016bs esate? Ant\u017emogiai. J\u016bs darote nusikaltim\u0105&#8221;, &#8211; girdimas moters balsas.<\/p>\n<p>T\u0117vas dar bando kalb\u0117tis su pareig\u016bnais. \u201eMes esame normal\u016bs t\u0117vai&#8221;, &#8211; sako jis. Pareig\u016bnas atsako: \u201ePas jus namuose buvo vaik\u0173 teis\u0117s, kaip suprantu. Ir \u012fvertino, kad yra netinkama aplinka. A\u0161 suprantu, kad taip nusprend\u0117&#8221;, &#8211; sako pareig\u016bnas. T\u0117tis atsako, kad nieko apie tai negird\u0117jo, viskas buvo gerai. Pareig\u016bnas tik patikslina, kad min\u0117tas vizitas tur\u0117jo b\u016bti nufilmuotas, o visus sprendimus t\u0117vai gali sk\u0173sti.<\/p>\n<p>T\u0117vai sulauk\u0117 teisin\u0117s pagalbos<\/p>\n<p>Kit\u0105 dien\u0105 A.Kandrotas prane\u0161\u0117, kad sulauk\u0117 labai daug \u017emoni\u0173 pagalbos pasi\u016blym\u0173. Jo nuomone, vaikas i\u0161 \u0161eimos buvo pagrobtas. \u201eJau tikrai imtasi priemoni\u0173, \u0161eima jau gavo teisin\u0119 pagalb\u0105, vienas \u017emogus jau padeda jiems&#8221;, &#8211; sak\u0117 A.Kandrotas.<\/p>\n<p>Jis papasakojo situacij\u0105, kiek ji yra \u017einoma jam: \u201e\u0160eima lauk\u0117si k\u016bdikio. Ne\u017einau, ar tai pirmas vaikas. Ir jie buvo sugalvoj\u0119 gimdyti namuose. Na, bet atsitiko taip, kad vaikas nusprend\u0117 anks\u010diau laiko ateiti \u012f \u0161\u012f pasaul\u012f. Buvo 8 m\u0117nesi\u0173 n\u0117\u0161tumas. \u0160eima i\u0161va\u017eiavo \u012f ligonin\u0119. Ligonin\u0117je personalas pasi\u016bl\u0117 s\u0117sti \u012f ve\u017eim\u0117l\u012f su ratukais, bet jau atvykus \u012f ligonin\u0119 buvo nub\u0117g\u0119 vandenys. Mama atsak\u0117, kad nes\u0117s, nes jau gimdo. Stresas, pasinervino, gal pasikoliojo toje ligonin\u0117je. Bet vaikas gan greitai s\u0117kmingai gim\u0117. Sveikas vaikas.<\/p>\n<p>Ligonin\u0117s administracija prane\u0161\u0117 vaiko teis\u0117ms, kad \u010dia problema. Ne\u017einau aplinkybi\u0173, kokiu b\u016bdu jiems b\u016bnant ligonin\u0117je, vaiko teis\u0117s sugeb\u0117jo patikrinti namus ir nuspr\u0119sti, kad aplinka yra vaikui nesaugi. A\u0161 numanau, kaip tai gal\u0117jo atsitikti. Galb\u016bt t\u0117vai dar nenusipirk\u0119 lovyt\u0117s, galb\u016bt t\u0117vai nenusipirk\u0119 dar ve\u017eim\u0117lio, galb\u016bt t\u0117vai dar neturi tam tikr\u0173 priemoni\u0173, nes jie neplanavo, kad vaikas gims dabar. Jie planavo, kad vaikas gims u\u017e m\u0117nesio. Ir vaiko teis\u0117s nusprend\u0117, kad tuose namuose vaikui nesaugu. Vietoj to, kad pad\u0117t\u0173 \u0161eimai, kol dar vaikas ligonin\u0117je, jie atva\u017eiuoja su policija.&#8221;<\/p>\n<p>A.Kandrotas sako, kad \u012f namus i\u0161 ligonin\u0117s t\u0117v\u0173 nei\u0161leido ir personalas. \u201eAt\u0117jo laikas va\u017eiuoti namo, at\u0117jo personalas ir sako, kad j\u016bs negalite va\u017eiuoti, nes tuoj atva\u017eiuos vaiko teis\u0117s ir visk\u0105 paai\u0161kins. Viskas \u012fvyko labai greitai. Vaiko teis\u0117s atvyksta su policija ir tai, kas \u012fvyko, j\u016bs mat\u0117te.<\/p>\n<p>Vaik\u0105 i\u0161 t\u0117v\u0173 tiesiog pagrob\u0117. Kaip kitaip pavadinti? Vaikas gim\u0117 a\u0161tuoni\u0173 m\u0117nesi\u0173, ne\u017einau, ar pilnai i\u0161ne\u0161iotas. Vaiku\u010diui reikia mamyt\u0117s pienuk\u0105 valgyti. Ar j\u012f \u012f greito maisto restoran\u0105 nuve\u0161? Apie k\u0105 kalba?<\/p>\n<p>Kai jie sako, kad padeda, tai kokia \u010dia pagalba \u0161eimai? Kod\u0117l Lietuvoje pas mus viskas yra per represijas, per prievart\u0105. (&#8230;) Tai yra pirmos dienos, kai vaikelis turi b\u016bti mam\u0105 apkabin\u0119s, gird\u0117ti mamos \u0161irdies plakim\u0105. Apie tai medikai nuolat kalba. Ne, atva\u017eiuoja ka\u017ekokie \u017emon\u0117s ir sako, kad ka\u017ekoks \u012fstatymas yra auk\u0161\u010diau&#8221;, &#8211; steb\u0117josi A.Kandrotas.<\/p>\n<p>Kalb\u0117damas su \u201eVakaro \u017einiomis&#8221; A.Kandrotas sak\u0117 kol kas nesuprantantis vaiko teisi\u0173 specialist\u0173 sprendimo. Ta\u010diau greitu metu t\u0117vai tur\u0117t\u0173 susitikti su specialistais ir situacija galb\u016bt bus ai\u0161kesn\u0117 \u201eDabar jie neturi visi\u0161kai jokio dokumento, kuriame b\u016bt\u0173 u\u017efiksuota, kokios kilo problemos. Nes jeigu problemos yra namie, tai vaikui ligonin\u0117je gr\u0117sm\u0117 tikrai nekilo.<\/p>\n<p>Kam j\u012f reik\u0117jo paimti i\u0161 ligonin\u0117s? Gal t\u0117vai i\u0161sinuomos but\u0105 po gimdymo ir gyvens kitokiose s\u0105lygose, o gal i\u0161vyks \u012f kelion\u0119 ir m\u0117nes\u012f ten praleis&#8221;, &#8211; svarst\u0117 A.Kandrotas. Pasak jo, vaikas i\u0161 t\u0117v\u0173 paimtas \u0161e\u0161tadien\u012f.<\/p>\n<p>Specialistus i\u0161kviet\u0117 ligonin\u0117s personalas<\/p>\n<p>\u201eVakaro \u017einios&#8221; kreip\u0117si \u012f vaiko teisi\u0173 specialistus, Klaip\u0117dos universiteto ligonin\u0119 ir savivaldyb\u0119 d\u0117l \u0161ios situacijos su klausimais, koks pavojus buvo kil\u0119s vaikui ir kod\u0117l mama nebuvo apgyvendinta su juo. Klaip\u0117dos miesto savivaldyb\u0117 situacij\u0105 komentuoti atsisak\u0117, o vaiko teisi\u0173 specialistai ir patikino, kad atsakymus ruo\u0161ia.<\/p>\n<p>Klaip\u0117dos universiteto ligonin\u0117s direktor\u0117 valdymui ir ekonomikai J\u016brat\u0117 Grubliauskien\u0117 \u201eVakaro \u017einioms&#8221; patvirtino, kad \u012f vaiko teisi\u0173 specialistus kreip\u0117si ligonin\u0117s personalas: \u201eAtsi\u017evelgiant \u012f pacient\u0117s sveikatos b\u016bkl\u0119 ir galim\u0105 rizik\u0105 naujagimio saugumui, \u012f vaiko teisi\u0173 apsaugos specialistus buvo kreiptasi vadovaujantis teis\u0117s akt\u0173 nustatyta tvarka. Tokiais atvejais tai yra standartin\u0117 ir privaloma proced\u016bra, skirta u\u017etikrinti vaiko saugum\u0105 ir gerov\u0119.<\/p>\n<p>Sprendimus d\u0117l tolimesni\u0173 veiksm\u0173 &#8211; \u012fskaitant vaiko pa\u0117mim\u0105, apgyvendinim\u0105 ar kitas priemones &#8211; priima atsakingos institucijos, ne ligonin\u0117. Klaip\u0117dos universiteto ligonin\u0117 \u0161iuose sprendimuose nedalyvauja, ta\u010diau visada bendradarbiauja su institucijomis teis\u0117s akt\u0173 nustatyta apimtimi.&#8221;<\/p>\n<p>Tikina, kad  nepavyko susitarti su \u0161eima<\/p>\n<p>Valstyb\u0117s vaiko teisi\u0173 apsaugos ir \u012fvaikinimo tarnybos Klaip\u0117dos apskrities vaiko teisi\u0173 apsaugos skyriaus ved\u0117ja Gintar\u0117 Noli\u016bt\u0117 \u201eVakaro \u017einioms&#8221; sak\u0117, kad situacija i\u0161ties yra jautri ir i\u0161skirtin\u0117. K\u016bdikis, kuriam reikia u\u017etikrinti saugum\u0105 yra itin jauno am\u017eiaus, tad labai svarbu, kad juo b\u016bt\u0173 tinkamai pasir\u016bpinta, atliepti jo fiziniai ir emociniai poreikiai.<\/p>\n<p>\u201eSprendimas perkelti vaik\u0105 pas budin\u010dius globotojus priimtas nepavykus su \u0161eima sutarti d\u0117l kit\u0173 sprendimo b\u016bd\u0173, kai mamai b\u016bt\u0173 suteikta reikiama pagalba ir specialist\u0173 prie\u017ei\u016bra.<\/p>\n<p>Kadangi kalbame apie k\u016bdik\u012f, kuriam kasdien reikalinga ry\u0161\u012f kurianti aplinka, tad  buvo nuspr\u0119sta laikinai perkelti vaik\u0105 \u012f saugi\u0105, \u0161eimai artim\u0105, aplink\u0105. Svarbu pamin\u0117ti, kad tokio am\u017eiaus k\u016bdikiui labai reik\u0161mingas ry\u0161ys su t\u0117vais, tad perk\u0117lus k\u016bdik\u012f \u012f saugi\u0105 aplink\u0105, t\u0117vams u\u017etikrinama galimyb\u0117 \u0161\u012f ry\u0161\u012f palaikyti&#8221;, &#8211; sak\u0117 tarnybos atstov\u0117.<\/p>\n<p>Ji tikina, kad vaiko teisi\u0173 gyn\u0117jai ie\u0161ko pagalbos \u0161eimai b\u016bd\u0173, kurie pad\u0117t\u0173 \u012fveikti \u0161eimoje kylan\u010dius sunkumus, kad k\u016bdikis gal\u0117t\u0173 gyventi ir augti saugus bei b\u016bt\u0173 apgaubtas r\u016bpes\u010diu: \u201e\u0160eima gali susidurti su \u012fvairiais sunkumais, kurie nulemia tam tikras aplinkybes, d\u0117l kuri\u0173 t\u0117vui ar vienam i\u0161 j\u0173 kur\u012f laik\u0105 gali b\u016bti sud\u0117tinga tinkamai pasir\u016bpinti savo vaiku, jam pa\u010diam gali b\u016bti reikalinga specialist\u0173 pagalba, medicinin\u0117 pagalba, t\u0117vyst\u0117s \u012fg\u016bd\u017ei\u0173 stiprinimo programa ar pan., kad v\u0117liau gal\u0117t\u0173 kurti saugi\u0105 aplink\u0105 savo vaikui.<\/p>\n<p>Tad nepaprastai svarbus t\u0117v\u0173 bendradarbiavimas su specialistais, dirban\u010diais vaiko gerov\u0117s srityje, sudaryto pagalbos \u0161eimai plano laikymasis, noras keistis ir u\u017etikrinti savo vaikui visapusi\u0161k\u0105 gerov\u0119.&#8221;<\/p>\n<p>Vaizdo \u012fra\u0161as: <a href=\"https:\/\/www.facebook.com\/reel\/1514549026329544\" target=\"_blank\" rel=\"nofollow noopener\">https:\/\/www.facebook.com\/reel\/1514549026329544<\/a><\/p>\n","protected":false},"excerpt":{"rendered":"\u00a0 \u00a0 Vaizdo \u012fra\u0161as, kuris plinta socialin\u0117je erdv\u0117je, fiksuotas Klaip\u0117doje. Juo pasidalijo Antano Kandroto, geriau \u017einomo Celofano pravarde,&hellip;\n","protected":false},"author":2,"featured_media":42060,"comment_status":"","ping_status":"","sticky":false,"template":"","format":"standard","meta":{"footnotes":""},"categories":[13],"tags":[25,30,31,1886,2498,34,35,11025,24,895,511,32,33,37,39,36,38,40,5215,23,22,11024,11023,419,28,29,26,27],"class_list":{"0":"post-42059","1":"post","2":"type-post","3":"status-publish","4":"format-standard","5":"has-post-thumbnail","7":"category-lietuva","8":"tag-antrastes","9":"tag-breaking-news","10":"tag-breakingnews","11":"tag-celofanas","12":"tag-dokumentai","13":"tag-featured-news","14":"tag-featurednews","15":"tag-grubliauskiene","16":"tag-headlines","17":"tag-kandrotas","18":"tag-klaipeda","19":"tag-latest-news","20":"tag-latestnews","21":"tag-lietuva","22":"tag-lietuviu","23":"tag-lithuania","24":"tag-lithuanian","25":"tag-lt","26":"tag-naujagimis","27":"tag-naujienos","28":"tag-news","29":"tag-noliute","30":"tag-pagrobti","31":"tag-pareigunai","32":"tag-populiariausios-naujienos","33":"tag-populiariausiosnaujienos","34":"tag-top-stories","35":"tag-topstories"},"share_on_mastodon":{"url":"https:\/\/pubeurope.com\/@lt\/115566807803979359","error":""},"_links":{"self":[{"href":"https:\/\/www.europesays.com\/lt\/wp-json\/wp\/v2\/posts\/42059","targetHints":{"allow":["GET"]}}],"collection":[{"href":"https:\/\/www.europesays.com\/lt\/wp-json\/wp\/v2\/posts"}],"about":[{"href":"https:\/\/www.europesays.com\/lt\/wp-json\/wp\/v2\/types\/post"}],"author":[{"embeddable":true,"href":"https:\/\/www.europesays.com\/lt\/wp-json\/wp\/v2\/users\/2"}],"replies":[{"embeddable":true,"href":"https:\/\/www.europesays.com\/lt\/wp-json\/wp\/v2\/comments?post=42059"}],"version-history":[{"count":0,"href":"https:\/\/www.europesays.com\/lt\/wp-json\/wp\/v2\/posts\/42059\/revisions"}],"wp:featuredmedia":[{"embeddable":true,"href":"https:\/\/www.europesays.com\/lt\/wp-json\/wp\/v2\/media\/42060"}],"wp:attachment":[{"href":"https:\/\/www.europesays.com\/lt\/wp-json\/wp\/v2\/media?parent=42059"}],"wp:term":[{"taxonomy":"category","embeddable":true,"href":"https:\/\/www.europesays.com\/lt\/wp-json\/wp\/v2\/categories?post=42059"},{"taxonomy":"post_tag","embeddable":true,"href":"https:\/\/www.europesays.com\/lt\/wp-json\/wp\/v2\/tags?post=42059"}],"curies":[{"name":"wp","href":"https:\/\/api.w.org\/{rel}","templated":true}]}}