{"id":42076,"date":"2025-11-17T20:14:29","date_gmt":"2025-11-17T20:14:29","guid":{"rendered":"https:\/\/www.europesays.com\/lt\/42076\/"},"modified":"2025-11-17T20:14:29","modified_gmt":"2025-11-17T20:14:29","slug":"per-dali-europos-praslinko-galinga-audra","status":"publish","type":"post","link":"https:\/\/www.europesays.com\/lt\/42076\/","title":{"rendered":"Per dal\u012f Europos praslinko galinga audra"},"content":{"rendered":"<p>Taip pat sutriko susisiekimas, v\u0117luoja arba at\u0161aukiami traukiniai. Negana to, sinoptikai \u017eada, kad Jungtin\u0119 Karalyst\u0119 netrukus gali u\u017eklupti ir sniegas.<\/p>\n<p>Su \u0161aknimis i\u0161rauti med\u017eiai, i\u0161dau\u017eyti automobili\u0173 stiklai, lyg kort\u0173 nameliai sugriuv\u0119 kemperiai \u2013 taip atrodo kai kurios Portugalijos gyvenviet\u0117s \u0161iuo metu. I\u0161 viso audra Klaudija pareikalavo 3 gyvybi\u0173, ta\u010diau dar keliasde\u0161imt \u017emoni\u0173 su\u017eeisti.<\/p>\n<p>\u201eStovyklaviet\u0117je nukent\u0117jo \u0161e\u0161i \u017emon\u0117s, i\u0161 j\u0173 penki su\u017eeisti ir, deja, vienas \u017emogus nuo su\u017ealojim\u0173 mir\u0117\u201c, \u2013 pasakojo Algarv\u0117s regiono komendantas Vitor Vaz Pinto.<\/p>\n<p>Anks\u010diau gelb\u0117tojai u\u017etvindytame name rado vyresnio am\u017eiaus poros k\u016bnus. Pana\u0161u, kad nakt\u012f pakilus vandens lygiui jie miegojo ir negal\u0117jo pab\u0117gti.<\/p>\n<p>\u201eTai buvo ekstremalus rei\u0161kinys, kaip mini tornadas, kuris sunaikino kai kuriuos stovyklaviet\u0117s namelius. Orai artimiausiu metu tur\u0117t\u0173 aprimti, bet kol kas raginame \u017emones imtis atsargumo priemoni\u0173\u201c, \u2013 teig\u0117 Vitor Vaz Pinto.<\/p>\n<p>Vis\u0105 LNK reporta\u017e\u0105 galite \u017ei\u016br\u0117ti \u010dia:<\/p>\n<p>Jungtin\u0117je Karalyst\u0117je, Monmuto mieste ir aplinkin\u0117se vietov\u0117se pietry\u010di\u0173 Velse, vos per nakt\u012f i\u0161krito m\u0117nesio krituli\u0173 kiekis.<\/p>\n<p>\u201eTai prasid\u0117jo apie 2 val. nakties. Pamat\u0117me, kad vanduo spar\u010diai kyla. Nepad\u0117jo net barjerai, nes vanduo perb\u0117go per juos. V\u0117liau atvyko gelb\u0117tojai ir mus evakavo\u201c, \u2013 pasakojo parduotuv\u0117s savinink\u0117 Sophie Wareing.<\/p>\n<p>Vietov\u0117s gyventojai buvo priversti palikti namus. Lietus liov\u0117si ir \u017emon\u0117s prad\u0117jo tvarkytis, ta\u010diau audros Klaudija padaryta \u017eala dar n\u0117ra apskai\u010diuota.<\/p>\n<p>\u201ePadariniai gali b\u016bti siaubingi. Tai gali sugriauti vis\u0105 \u016bk\u012f, pavyzd\u017eiui, gyvuli\u0173 ir dirbamos \u017eem\u0117s praradimas\u201c, \u2013 komentavo \u016bkininkas Henry Eynon.<\/p>\n<p>D\u0117l apsemt\u0173 keli\u0173 sutriko ir susisiekimas, o kai kur nutr\u016bko elektros tiekimas. Be to, sinoptikai \u017eada, kad artimiausiu metu \u012f Jungtin\u0119 Karalyst\u0119 ateis \u017eiema \u2013 temperat\u016bra kris iki -7 laipsni\u0173, kai kur i\u0161kris ir sniego.<\/p>\n","protected":false},"excerpt":{"rendered":"Taip pat sutriko susisiekimas, v\u0117luoja arba at\u0161aukiami traukiniai. Negana to, sinoptikai \u017eada, kad Jungtin\u0119 Karalyst\u0119 netrukus gali u\u017eklupti&hellip;\n","protected":false},"author":2,"featured_media":42077,"comment_status":"","ping_status":"","sticky":false,"template":"","format":"standard","meta":{"footnotes":""},"categories":[15],"tags":[25,788,30,31,34,35,24,357,32,33,37,39,36,38,40,23,22,44,28,29,3834,26,27,74,75,76],"class_list":{"0":"post-42076","1":"post","2":"type-post","3":"status-publish","4":"format-standard","5":"has-post-thumbnail","7":"category-pasaulis","8":"tag-antrastes","9":"tag-audra","10":"tag-breaking-news","11":"tag-breakingnews","12":"tag-featured-news","13":"tag-featurednews","14":"tag-headlines","15":"tag-jungtine-karalyste","16":"tag-latest-news","17":"tag-latestnews","18":"tag-lietuva","19":"tag-lietuviu","20":"tag-lithuania","21":"tag-lithuanian","22":"tag-lt","23":"tag-naujienos","24":"tag-news","25":"tag-pasaulis","26":"tag-populiariausios-naujienos","27":"tag-populiariausiosnaujienos","28":"tag-portugalija","29":"tag-top-stories","30":"tag-topstories","31":"tag-world","32":"tag-world-news","33":"tag-worldnews"},"share_on_mastodon":{"url":"https:\/\/pubeurope.com\/@lt\/115566874805160081","error":""},"_links":{"self":[{"href":"https:\/\/www.europesays.com\/lt\/wp-json\/wp\/v2\/posts\/42076","targetHints":{"allow":["GET"]}}],"collection":[{"href":"https:\/\/www.europesays.com\/lt\/wp-json\/wp\/v2\/posts"}],"about":[{"href":"https:\/\/www.europesays.com\/lt\/wp-json\/wp\/v2\/types\/post"}],"author":[{"embeddable":true,"href":"https:\/\/www.europesays.com\/lt\/wp-json\/wp\/v2\/users\/2"}],"replies":[{"embeddable":true,"href":"https:\/\/www.europesays.com\/lt\/wp-json\/wp\/v2\/comments?post=42076"}],"version-history":[{"count":0,"href":"https:\/\/www.europesays.com\/lt\/wp-json\/wp\/v2\/posts\/42076\/revisions"}],"wp:featuredmedia":[{"embeddable":true,"href":"https:\/\/www.europesays.com\/lt\/wp-json\/wp\/v2\/media\/42077"}],"wp:attachment":[{"href":"https:\/\/www.europesays.com\/lt\/wp-json\/wp\/v2\/media?parent=42076"}],"wp:term":[{"taxonomy":"category","embeddable":true,"href":"https:\/\/www.europesays.com\/lt\/wp-json\/wp\/v2\/categories?post=42076"},{"taxonomy":"post_tag","embeddable":true,"href":"https:\/\/www.europesays.com\/lt\/wp-json\/wp\/v2\/tags?post=42076"}],"curies":[{"name":"wp","href":"https:\/\/api.w.org\/{rel}","templated":true}]}}