{"id":42521,"date":"2025-11-18T12:42:20","date_gmt":"2025-11-18T12:42:20","guid":{"rendered":"https:\/\/www.europesays.com\/lt\/42521\/"},"modified":"2025-11-18T12:42:20","modified_gmt":"2025-11-18T12:42:20","slug":"orbanas-parama-ukrainai-palygino-su-deze-degtines-alkoholikui","status":"publish","type":"post","link":"https:\/\/www.europesays.com\/lt\/42521\/","title":{"rendered":"Orbanas param\u0105 Ukrainai palygino su \u201ed\u0117\u017ee degtin\u0117s alkoholikui\u201c"},"content":{"rendered":"\n<p>V. Orbanas teig\u0117 gav\u0119s U. von der Leyen lai\u0161k\u0105, kuriame ji pra\u0161o ES valstybi\u0173 pad\u0117ti kompensuoti Ukrainos biud\u017eeto deficit\u0105.<\/p>\n<p>     <a href=\"https:\/\/www.tv3.lt\/Uploads\/UGallery\/photos\/df\/cf\/5b\/b6\/dfcf5bb6cdedbfaf090ed37f8b49124f.jpg\" data-fancybox=\"photos-embed\" data-caption=\"Ursula von der Leyen (nuotr. Organizatori\u0173)\" target=\"_self\" rel=\"nofollow noopener\"> <img decoding=\"async\" class=\"photo-inside-article\" align=\"center\" alt=\"Ursula von der Leyen (nuotr. Organizatori\u0173)\" title=\"Ursula von der Leyen (nuotr. Organizatori\u0173)\" src=\"https:\/\/www.europesays.com\/lt\/wp-content\/uploads\/2025\/11\/1763469740_226_dfcf5bb6cdedbfaf090ed37f8b49124f.jpg\" width=\"684\" height=\"654\" loading=\"lazy\" \/> <\/a>       Param\u0105 Ukrainai palygino su \u201ed\u0117\u017ee degtin\u0117s alkoholikui\u201c <\/p>\n<p>\u201eKeista. Tuo metu, kai tapo akivaizdu, kad karin\u0117 mafija grobia Europos mokes\u010di\u0173 mok\u0117toj\u0173 pinigus, u\u017euot reikalavusi <a href=\"https:\/\/www.tv3.lt\/naujiena\/uzsienis\/po-rusu-drono-smugio-dega-duju-tanklaivis-evakuojamas-rumunijos-kaimas-n1470336\" target=\"_blank\" rel=\"nofollow noopener\">realios kontrol\u0117s<\/a> ar sustabd\u017eiusi i\u0161mokas, Komisijos pirminink\u0117 si\u016blo si\u0173sti dar daugiau l\u0117\u0161\u0173\u201c, \u2013 teig\u0117 Vengrijos premjeras.<\/p>\n<p>Jo nuomone, \u0161i situacija \u201eprimena bandym\u0105 pad\u0117ti alkoholikui, nusiuntus jam dar vien\u0105 d\u0117\u017e\u0119 degtin\u0117s\u201c.<\/p>\n<p>\u201eVengrija neprarado sveiko proto\u201c, \u2013 apibendrino V. Orbanas.<\/p>\n<p>\n                                        \u0160altinis:<br \/>\n                                                                                    tv3.lt\n                                                                                <\/p>\n<p>Patiko straipsnis? <a href=\"https:\/\/www.tv3.lt\/prenumeruoti\" rel=\"nofollow noopener\" target=\"_blank\">U\u017esiprenumeruokite m\u016bs\u0173 naujienlai\u0161k\u012f ir gaukite svarbiausias dienos naujienas bei \u012fdomiausius straipsnius kiekvien\u0105 darbo dien\u0105 11 val. Tiesiai \u012f J\u016bs\u0173 el. pa\u0161t\u0105!<\/a><\/p>\n","protected":false},"excerpt":{"rendered":"V. Orbanas teig\u0117 gav\u0119s U. von der Leyen lai\u0161k\u0105, kuriame ji pra\u0161o ES valstybi\u0173 pad\u0117ti kompensuoti Ukrainos biud\u017eeto&hellip;\n","protected":false},"author":2,"featured_media":42522,"comment_status":"","ping_status":"","sticky":false,"template":"","format":"standard","meta":{"footnotes":""},"categories":[15],"tags":[11111,25,30,31,57,43,34,35,55,48,24,54,51,49,50,32,33,37,39,36,38,40,45,23,22,44,28,29,53,42,56,47,26,27,41,46,58,74,75,76,52],"class_list":{"0":"post-42521","1":"post","2":"type-post","3":"status-publish","4":"format-standard","5":"has-post-thumbnail","7":"category-pasaulis","8":"tag-2025-11-17-205616","9":"tag-antrastes","10":"tag-breaking-news","11":"tag-breakingnews","12":"tag-daiktai","13":"tag-dienos-kronika","14":"tag-featured-news","15":"tag-featurednews","16":"tag-gatves-tekstai","17":"tag-gyvenimas","18":"tag-headlines","19":"tag-interneto-pievos","20":"tag-keliones","21":"tag-kultura","22":"tag-laisvalaikis","23":"tag-latest-news","24":"tag-latestnews","25":"tag-lietuva","26":"tag-lietuviu","27":"tag-lithuania","28":"tag-lithuanian","29":"tag-lt","30":"tag-mokslas-ir-it","31":"tag-naujienos","32":"tag-news","33":"tag-pasaulis","34":"tag-populiariausios-naujienos","35":"tag-populiariausiosnaujienos","36":"tag-projektai","37":"tag-rinktiniai-tekstai","38":"tag-simtmecio-portalas","39":"tag-sportas","40":"tag-top-stories","41":"tag-topstories","42":"tag-tv3-lt","43":"tag-verslas","44":"tag-video","45":"tag-world","46":"tag-world-news","47":"tag-worldnews","48":"tag-zaidimai"},"share_on_mastodon":{"url":"","error":"Validation failed: Text character limit of 500 exceeded"},"_links":{"self":[{"href":"https:\/\/www.europesays.com\/lt\/wp-json\/wp\/v2\/posts\/42521","targetHints":{"allow":["GET"]}}],"collection":[{"href":"https:\/\/www.europesays.com\/lt\/wp-json\/wp\/v2\/posts"}],"about":[{"href":"https:\/\/www.europesays.com\/lt\/wp-json\/wp\/v2\/types\/post"}],"author":[{"embeddable":true,"href":"https:\/\/www.europesays.com\/lt\/wp-json\/wp\/v2\/users\/2"}],"replies":[{"embeddable":true,"href":"https:\/\/www.europesays.com\/lt\/wp-json\/wp\/v2\/comments?post=42521"}],"version-history":[{"count":0,"href":"https:\/\/www.europesays.com\/lt\/wp-json\/wp\/v2\/posts\/42521\/revisions"}],"wp:featuredmedia":[{"embeddable":true,"href":"https:\/\/www.europesays.com\/lt\/wp-json\/wp\/v2\/media\/42522"}],"wp:attachment":[{"href":"https:\/\/www.europesays.com\/lt\/wp-json\/wp\/v2\/media?parent=42521"}],"wp:term":[{"taxonomy":"category","embeddable":true,"href":"https:\/\/www.europesays.com\/lt\/wp-json\/wp\/v2\/categories?post=42521"},{"taxonomy":"post_tag","embeddable":true,"href":"https:\/\/www.europesays.com\/lt\/wp-json\/wp\/v2\/tags?post=42521"}],"curies":[{"name":"wp","href":"https:\/\/api.w.org\/{rel}","templated":true}]}}