{"id":42751,"date":"2025-11-18T18:04:10","date_gmt":"2025-11-18T18:04:10","guid":{"rendered":"https:\/\/www.europesays.com\/lt\/42751\/"},"modified":"2025-11-18T18:04:10","modified_gmt":"2025-11-18T18:04:10","slug":"nuzudytojo-tiktokerio-nerijaus-niezo-biciulis-nesedi-ranku-sudejes-emesi-veiksmu-prasome-apsvarstyti-15min-lt","status":"publish","type":"post","link":"https:\/\/www.europesays.com\/lt\/42751\/","title":{"rendered":"Nu\u017eudytojo \u201etiktokerio\u201c Nerijaus-Nie\u017eo bi\u010diulis nes\u0117di rank\u0173 sud\u0117j\u0119s \u2013 \u0117m\u0117si veiksm\u0173: \u201ePra\u0161ome apsvarstyti\u201c &#8211; 15min.lt"},"content":{"rendered":"<ol>\n<li><a href=\"https:\/\/news.google.com\/rss\/articles\/CBMi7wFBVV95cUxOdmE3Y3dFYnBEandjSE5Hd3IySVhneUpGU2RSWk42MkN6QnFCYU1hZVItZzYzbV9JbTlRYnlUNG1kWFkyOG5mVzJnUWZUMXhNcjc0ZGEzbmhNZWhMejg5MWo5bDhBbmlZT0laTTU5UDQxSnVWUTlER1E3SlFES0ZiWTN0SDVCYTJVZGIzcHhYQkxMN01BRmRFaldOYWhxVVJYZV91WWRzM21vYTZqQm9fUWxSempIaHhEeF9kc3hKS1V4Q2t3Q2VFQU9jZ05odEE2YS1SbWFkM3J6UmVTa1NmelpvQko2U1BqNndOYXVMSQ?oc=5\" target=\"_blank\" rel=\"nofollow noopener\">Nu\u017eudytojo \u201etiktokerio\u201c Nerijaus-Nie\u017eo bi\u010diulis nes\u0117di rank\u0173 sud\u0117j\u0119s \u2013 \u0117m\u0117si veiksm\u0173: \u201ePra\u0161ome apsvarstyti\u201c<\/a>&nbsp;&nbsp;15min.lt<\/li>\n<li><a href=\"https:\/\/news.google.com\/rss\/articles\/CBMivgFBVV95cUxQZDRJUF9Kc2x6TkY1Wkd6Y0M5djVZRlZTZVRLWTE1LU5ucFpHdHBtd3dUSlpnNkJNWTdhdjB6R3FpYWJ1VDZUZmNYV1hqdWFLVnFUTlJ0SjhkNnlMRkVPS3h3TEQ4ZlA1YWFvYjBIYjNWVnQ1X1dXSS1YZTNQLWFIYTlVQlZOeFZMZnJGcGRXbU96Y1FyVDlXMXZ0OEtmWVVsZGE2QmlnVHF3U0RoU0tQV2JBVjBIUWxsdG1xTFlR?oc=5\" target=\"_blank\" rel=\"nofollow noopener\">Po tragi\u0161kos \u201etiktokerio\u201c Nerijaus mirties \u2013 netik\u0117ti jo draugo \u017dydr\u016bno veiksmai<\/a>&nbsp;&nbsp;Delfi<\/li>\n<li><a href=\"https:\/\/news.google.com\/rss\/articles\/CBMi8gFBVV95cUxPVXA0WHdMSjJtUGkzNGx0OC13UnJGR3RJbVRBUmVQekV6T3V6U3ZkV203R1ZrdXFCOXprVnBiR0ZvblBJMmJQelF3MGhCa2VoT3hUVTd6NDFPMmZKRlFweDI0NkZnTGdxSXA3RDVob1UtT0dBLXh3eGhPVVZfb1pFdlFwcHZlam1fbUp1a3JPVlRkdXVQa2dGajBXbm44OUxMUjkxQmw5R3loZkduTkZYOU9BWGhGZjM1X1dycmVZTG9udERWY1pjenRRbS00aE0xcjJoUzY0YXBWSGotY2FzMTQybEJmaXpLbXZQWVFKVUljZw?oc=5\" target=\"_blank\" rel=\"nofollow noopener\">Tyrime d\u0117l \u201etiktokerio\u201c Nie\u017eo nu\u017eudymo \u2013 nusikaltimu \u012ftariamam aukos gyvenimo draugui paranki detal\u0117<\/a>&nbsp;&nbsp;Alfa.lt<\/li>\n<li><a href=\"https:\/\/news.google.com\/rss\/articles\/CBMixgFBVV95cUxQTUF6TGp1SWM0LTlGVlRXWTJBUlJMeEIwQjE0SzZKMEMwcDZ3NGRSU1NKS0hQY29SbmRuNHJNWG1MUzlwTURlOXZydXNmNVc5YUZqS0wyZGl3ZFU0QkFFZ00xcS1MNkdSSDdqYmMxTkJqNGFLOWNJSTM4MHhfa1ZpcTVZMEpsTFRfYUFyUEtIMGwteS1oN213bHNMV2RmQ09JeEdGZFp5VmRYVmpvYkpPVk1Kak1pSzBtZzBJaHBWaHJLbVJTUlE?oc=5\" target=\"_blank\" rel=\"nofollow noopener\">\u201eTiktokerio\u201c nu\u017eudymas sostin\u0117je: suimtas vienas \u012ftariamasis<\/a>&nbsp;&nbsp;Diena.lt<\/li>\n<li><a href=\"https:\/\/news.google.com\/rss\/articles\/CBMiqAFBVV95cUxPT3g3TXFNd3Zxb3BGVkhtU3EzeUhmZmlmUGNiOTAweUtIbmxCVUVFd3FfV3RXWHZPRHVLaFJYeUEwWFF5eDlzakNMZ1VNX21Gcmx5Wm1EQjBLekVtZVYxNGx2cmZHZEtMa256ei1nV1ZxUm91S3RhQTFBMS1iWktrcW84eVd6b0FacjJxdW9KclV5TG5mVWdtbnV2Zi03VGdFRWRhbmlDbmc?oc=5\" target=\"_blank\" rel=\"nofollow noopener\">Vilniuje nu\u017eudytas \u017eymus tiktokeris: buvo pasi\u017eym\u0117j\u0119s ir Kaune<\/a>&nbsp;&nbsp;Kas vyksta Kaune<\/li>\n<\/ol>\n","protected":false},"excerpt":{"rendered":"Nu\u017eudytojo \u201etiktokerio\u201c Nerijaus-Nie\u017eo bi\u010diulis nes\u0117di rank\u0173 sud\u0117j\u0119s \u2013 \u0117m\u0117si veiksm\u0173: \u201ePra\u0161ome apsvarstyti\u201c&nbsp;&nbsp;15min.lt Po tragi\u0161kos \u201etiktokerio\u201c Nerijaus mirties \u2013&hellip;\n","protected":false},"author":2,"featured_media":42752,"comment_status":"","ping_status":"","sticky":false,"template":"","format":"standard","meta":{"footnotes":""},"categories":[6],"tags":[25,30,31,34,35,24,32,33,37,39,36,38,40,23,22,28,29,26,27],"class_list":{"0":"post-42751","1":"post","2":"type-post","3":"status-publish","4":"format-standard","5":"has-post-thumbnail","7":"category-antrastes","8":"tag-antrastes","9":"tag-breaking-news","10":"tag-breakingnews","11":"tag-featured-news","12":"tag-featurednews","13":"tag-headlines","14":"tag-latest-news","15":"tag-latestnews","16":"tag-lietuva","17":"tag-lietuviu","18":"tag-lithuania","19":"tag-lithuanian","20":"tag-lt","21":"tag-naujienos","22":"tag-news","23":"tag-populiariausios-naujienos","24":"tag-populiariausiosnaujienos","25":"tag-top-stories","26":"tag-topstories"},"share_on_mastodon":{"url":"https:\/\/pubeurope.com\/@lt\/115572026012177755","error":""},"_links":{"self":[{"href":"https:\/\/www.europesays.com\/lt\/wp-json\/wp\/v2\/posts\/42751","targetHints":{"allow":["GET"]}}],"collection":[{"href":"https:\/\/www.europesays.com\/lt\/wp-json\/wp\/v2\/posts"}],"about":[{"href":"https:\/\/www.europesays.com\/lt\/wp-json\/wp\/v2\/types\/post"}],"author":[{"embeddable":true,"href":"https:\/\/www.europesays.com\/lt\/wp-json\/wp\/v2\/users\/2"}],"replies":[{"embeddable":true,"href":"https:\/\/www.europesays.com\/lt\/wp-json\/wp\/v2\/comments?post=42751"}],"version-history":[{"count":0,"href":"https:\/\/www.europesays.com\/lt\/wp-json\/wp\/v2\/posts\/42751\/revisions"}],"wp:featuredmedia":[{"embeddable":true,"href":"https:\/\/www.europesays.com\/lt\/wp-json\/wp\/v2\/media\/42752"}],"wp:attachment":[{"href":"https:\/\/www.europesays.com\/lt\/wp-json\/wp\/v2\/media?parent=42751"}],"wp:term":[{"taxonomy":"category","embeddable":true,"href":"https:\/\/www.europesays.com\/lt\/wp-json\/wp\/v2\/categories?post=42751"},{"taxonomy":"post_tag","embeddable":true,"href":"https:\/\/www.europesays.com\/lt\/wp-json\/wp\/v2\/tags?post=42751"}],"curies":[{"name":"wp","href":"https:\/\/api.w.org\/{rel}","templated":true}]}}