{"id":42759,"date":"2025-11-18T18:14:08","date_gmt":"2025-11-18T18:14:08","guid":{"rendered":"https:\/\/www.europesays.com\/lt\/42759\/"},"modified":"2025-11-18T18:14:08","modified_gmt":"2025-11-18T18:14:08","slug":"legendinis-gary-numanas-sustabde-koncerta-ir-pravirko-scenoje-gavo-baisia-zinia","status":"publish","type":"post","link":"https:\/\/www.europesays.com\/lt\/42759\/","title":{"rendered":"Legendinis Gary Numanas sustabd\u0117 koncert\u0105 ir pravirko scenoje: gavo baisi\u0105 \u017eini\u0105"},"content":{"rendered":"<p>Numanas sak\u0117, kad t\u0105 dien\u0105 buvo gav\u0119s \u201epa\u010di\u0105 baisiausi\u0105 \u017eini\u0105\u201c, kuri j\u012f visi\u0161kai i\u0161mu\u0161\u0117 i\u0161 v\u0117\u017ei\u0173.<\/p>\n<p>Atlik\u0117jo atstovai incidento nekomentuoja.<\/p>\n<p>T\u0119sia jubiliejin\u012f tur\u0105, bet gerb\u0117jai nerimauja<\/p>\n<p>Nepaisant \u0161okiruojan\u010dio momento, Numanas dar t\u0105 pa\u010di\u0105 savait\u0119 prad\u0117jo nauj\u0105 koncertin\u012f tur\u0105, minint 45-\u0105sias legendinio albumo \u201eTelekon\u201c metines. Jis atlieka vis\u0105 album\u0105 nuo prad\u017eios iki pabaigos, \u012f program\u0105 \u012ftraukdamas hitus \u201eWe Are Glass\u201c, \u201eI Die: You Die\u201c ir \u201eThis Wreckage\u201c.<\/p>\n<p>Ta\u010diau po Birmingamo koncerto socialiniai tinklai prisipild\u0117 nerimo \u017einu\u010di\u0173:<\/p>\n<p>\u201eTikiuosi, kad su juo viskas gerai. Atrod\u0117 labai sukr\u0117stas\u201c, \u2013 ra\u0161\u0117 vienas gerb\u0117j\u0173.<\/p>\n<p>Kitas prid\u0117jo: \u201eSkaudu buvo matyti. Bijau net pagalvoti, koki\u0105 \u017eini\u0105 jis gavo.\u201c<\/p>\n<p>Tre\u010dias komentavo: \u201eLabai emocionalu. Tikiuosi, tai ne apie jo sveikat\u0105 ar \u0161eim\u0105.\u201c<\/p>\n<p>Artimieji \u2013 jo stipryb\u0117<\/p>\n<p>Gary su \u017emona Gemma augina tris vaikus. Interviu metu atlik\u0117jas yra pripa\u017ein\u0119s, kad \u017emona jam \u2013 ne tik partner\u0117, bet ir ramstis:<\/p>\n<p>\u201ePasiilgstu jos net tada, kai ji tiesiog kitame kambaryje. Ji yra viskas, kuo pats nesu.\u201c<\/p>\n<p>Numanas dar vaikyst\u0117je buvo laikomas itin talentingu, ta\u010diau neramiu vaiku. Paauglyst\u0117je jam buvo u\u017esiminta apie Aspergerio sindrom\u0105, nors oficiali diagnoz\u0117 anuomet taip ir nebuvo nustatyta.<\/p>\n<p>Atlik\u0117jas yra pasakoj\u0119s, kad vaikyst\u0117je jam paskirti vaistai paliko j\u012f \u201etarsi zomb\u012f\u201c, ta\u010diau \u012f apsilankymus pas medikus tada \u017ei\u016br\u0117jo gana ramiai:<\/p>\n<p>\u201eMan tai tiesiog buvo maloni diena Londone su mama.\u201c<\/p>\n<p>\u0160altinis: dailymail.co.uk<\/p>\n","protected":false},"excerpt":{"rendered":"Numanas sak\u0117, kad t\u0105 dien\u0105 buvo gav\u0119s \u201epa\u010di\u0105 baisiausi\u0105 \u017eini\u0105\u201c, kuri j\u012f visi\u0161kai i\u0161mu\u0161\u0117 i\u0161 v\u0117\u017ei\u0173. Atlik\u0117jo atstovai&hellip;\n","protected":false},"author":2,"featured_media":42760,"comment_status":"","ping_status":"","sticky":false,"template":"","format":"standard","meta":{"footnotes":""},"categories":[15],"tags":[25,2145,30,31,34,35,24,32,33,37,39,36,38,40,23,22,44,28,29,26,27,74,75,76],"class_list":{"0":"post-42759","1":"post","2":"type-post","3":"status-publish","4":"format-standard","5":"has-post-thumbnail","7":"category-pasaulis","8":"tag-antrastes","9":"tag-atlikejas","10":"tag-breaking-news","11":"tag-breakingnews","12":"tag-featured-news","13":"tag-featurednews","14":"tag-headlines","15":"tag-latest-news","16":"tag-latestnews","17":"tag-lietuva","18":"tag-lietuviu","19":"tag-lithuania","20":"tag-lithuanian","21":"tag-lt","22":"tag-naujienos","23":"tag-news","24":"tag-pasaulis","25":"tag-populiariausios-naujienos","26":"tag-populiariausiosnaujienos","27":"tag-top-stories","28":"tag-topstories","29":"tag-world","30":"tag-world-news","31":"tag-worldnews"},"share_on_mastodon":{"url":"https:\/\/pubeurope.com\/@lt\/115572065350683512","error":""},"_links":{"self":[{"href":"https:\/\/www.europesays.com\/lt\/wp-json\/wp\/v2\/posts\/42759","targetHints":{"allow":["GET"]}}],"collection":[{"href":"https:\/\/www.europesays.com\/lt\/wp-json\/wp\/v2\/posts"}],"about":[{"href":"https:\/\/www.europesays.com\/lt\/wp-json\/wp\/v2\/types\/post"}],"author":[{"embeddable":true,"href":"https:\/\/www.europesays.com\/lt\/wp-json\/wp\/v2\/users\/2"}],"replies":[{"embeddable":true,"href":"https:\/\/www.europesays.com\/lt\/wp-json\/wp\/v2\/comments?post=42759"}],"version-history":[{"count":0,"href":"https:\/\/www.europesays.com\/lt\/wp-json\/wp\/v2\/posts\/42759\/revisions"}],"wp:featuredmedia":[{"embeddable":true,"href":"https:\/\/www.europesays.com\/lt\/wp-json\/wp\/v2\/media\/42760"}],"wp:attachment":[{"href":"https:\/\/www.europesays.com\/lt\/wp-json\/wp\/v2\/media?parent=42759"}],"wp:term":[{"taxonomy":"category","embeddable":true,"href":"https:\/\/www.europesays.com\/lt\/wp-json\/wp\/v2\/categories?post=42759"},{"taxonomy":"post_tag","embeddable":true,"href":"https:\/\/www.europesays.com\/lt\/wp-json\/wp\/v2\/tags?post=42759"}],"curies":[{"name":"wp","href":"https:\/\/api.w.org\/{rel}","templated":true}]}}