{"id":42960,"date":"2025-11-19T05:52:36","date_gmt":"2025-11-19T05:52:36","guid":{"rendered":"https:\/\/www.europesays.com\/lt\/42960\/"},"modified":"2025-11-19T05:52:36","modified_gmt":"2025-11-19T05:52:36","slug":"kretingos-rajone-dar-vieno-lopselio-darzelio-rekonstrukcija","status":"publish","type":"post","link":"https:\/\/www.europesays.com\/lt\/42960\/","title":{"rendered":"Kretingos rajone \u2013 dar vieno lop\u0161elio-dar\u017eelio rekonstrukcija"},"content":{"rendered":"<p class=\"text-align-justify\">\u201eDaugiau nei prie\u0161 keturis de\u0161imtme\u010dius statytame \u201eEglut\u0117s\u201c pastate iki \u0161iol nebuvo atlikti rimtesni remonto darbai, tad \u0161io pastato rekonstrukcija buvo b\u016btina.\u00a0<\/p>\n<p class=\"text-align-justify\">Po rekonstrukcijos darb\u0173 lop\u0161elis-dar\u017eelis gal\u0117s priimti ir daugiau vaik\u0173 \u2013 pasta\u010dius nauj\u0105 priestat\u0105, lop\u0161elio dar\u017eelio grupi\u0173 skai\u010dius bus i\u0161pl\u0117stas nuo dabar esan\u010di\u0173 keturi\u0173 iki septyni\u0173,\u00a0 \u2013 sak\u0117 Kretingos rajono savivaldyb\u0117s meras Antanas Kalnius. \u2013 Planuojame, kad \u201eEglut\u0117s\u201c rekonstravimo ir pl\u0117tros darbai truks iki 15 m\u0117nesi\u0173.\u00a0<\/p>\n<p class=\"text-align-justify\">Darb\u0173 metu dabar \u0161\u012f lop\u0161el\u012f-dar\u017eel\u012f lankantiems vaikams sudaryta galimyb\u0117 lankyti Kretingos Simono Daukanto progimnazijos R\u016bdai\u010di\u0173 skyri\u0173.\u201c<\/p>\n<p class=\"text-align-justify\">Atliekant darbus senajame \u201eEglut\u0117s\u201c pastate bus ap\u0161iltinti ir sutvarkyti jo pamatai, stogas, lauko sienos, atnaujinti langai, lauko durys, \u012frengtos naujos \u0161ildymo, \u0161ilumos gamybos bei tiekimo, v\u0117dinimo sistemos, vandentiekio, buitini\u0173 ir lietaus nuotek\u0173 tinklai, elektros instaliacija, ap\u0161vietimas.\u00a0<\/p>\n<p class=\"text-align-justify\">Dabartin\u0117s lop\u0161elio-dar\u017eelio grup\u0117s bus pertvarkytos panaudojant vadinamojo atviro plano principus, kai visa grup\u0117s veikla \u2013 ugdymas, miegas, \u017eaidimai \u2013 vyksta bendroje patalpoje, o jos viduryje suformuojamas sanitarinis blokas su sanitariniais mazgais ir u\u017edaroma virtuv\u0117l\u0117s zona.\u00a0<\/p>\n<p class=\"text-align-justify\">Senajame pastate taip pat bus \u012frengtos repeticij\u0173 ir sporto sal\u0117s, nauji kabinetai, platesni koridoriai,\u00a0 sanitariniai mazgai personalui ir asmenims su negalia bei kt.\u00a0<\/p>\n<p class=\"text-align-justify\">Naujas auk\u0161t\u0173 lop\u0161elio-dar\u017eelio priestatas su senuoju pastatu bus sujungtas galerija. Priestate \u2013 patalpos keturioms grup\u0117ms, taip pat patalpos nusirengimui, miegui, sanitariniai mazgai, virtuv\u0117l\u0117s. Bus \u012frengtos ir in\u017einerin\u0117s sistemos, LED ap\u0161vietimas, grupi\u0173 patalpose numatytas grindinis \u0161ildymas bei kt.<\/p>\n<p class=\"text-align-justify\">Keisis ir dar\u017eelio aplinka. Suplanuotas naujas \u012fva\u017eiavimas \u012f sklyp\u0105 nuo Dar\u017eelio gatv\u0117s,\u00a0 21 vietos automobili\u0173 stov\u0117jimo aik\u0161tel\u0117. \u012e dar\u017eelio pastatus bus naujai nutiesti betonini\u0173 trinkeli\u0173 takai, jie visi bus pritaikyti asmenims su negalia, prie pagrindini\u0173 \u012f\u0117jim\u0173 suplanuoti pandusai.<\/p>\n<p class=\"text-align-justify\">Prie dar\u017eelio atsiras gumin\u0117s dangos universali \u017eaidim\u0173 aik\u0161tel\u0117 bei kiekvienos grup\u0117s \u017eaidim\u0173 aik\u0161tel\u0117s. \u0160iose aik\u0161tel\u0117se bus \u012frengta s\u016bpyni\u0173, \u010diuo\u017eykl\u0173, sm\u0117lio d\u0117\u017ei\u0173, pav\u0117sini\u0173, karstykli\u0173, laipyni\u0173, suol\u0173 ir kt. Taip pat suplanuota sporto aik\u0161tel\u0117 su krep\u0161inio lankais ir futbolo vartais.<\/p>\n<p class=\"text-align-justify\">Dar\u017eelio sklypas rytin\u0117je pus\u0117je bus aptvertas nauja segmentine tvora, \u0161itaip atskiriant dar\u017eelio teritorij\u0105 nuo automobili\u0173 stov\u0117jimo aik\u0161tel\u0117s.\u00a0<\/p>\n<p class=\"text-align-justify\">\u201eEglut\u0117s\u201c rekonstravimo ir pl\u0117tros darbus atliks Kretingos rajono savivaldyb\u0117s administracijos skelbt\u0105 konkurs\u0105 laim\u0117jusi UAB \u201eSimra\u201c. Sutarties vert\u0117 \u2013 4 mln. 264 t\u016bkst. Eur.<\/p>\n<p class=\"text-align-justify\">Pastaruoju metu Kretingos rajone nuosekliai atnaujinama ikimokyklinio ugdymo infrastrukt\u016bra. Rugs\u0117j\u012f duris oficialiai atv\u0117r\u0117 rekonstruotas Vydmant\u0173 gimnazijos ikimokyklinio ugdymo skyrius \u201ePasag\u0117l\u0117\u201c, \u0161iuo metu rengiamas Kretingos lop\u0161elio-dar\u017eelio \u201e\u017dilvitis\u201c pastato fasado, stogo, lauko aplinkos, in\u017einerini\u0173 tinkl\u0173 techninio darbo projektas.<\/p>\n","protected":false},"excerpt":{"rendered":"\u201eDaugiau nei prie\u0161 keturis de\u0161imtme\u010dius statytame \u201eEglut\u0117s\u201c pastate iki \u0161iol nebuvo atlikti rimtesni remonto darbai, tad \u0161io pastato&hellip;\n","protected":false},"author":2,"featured_media":42961,"comment_status":"","ping_status":"","sticky":false,"template":"","format":"standard","meta":{"footnotes":""},"categories":[13],"tags":[25,30,31,34,35,24,32,33,37,39,36,38,40,23,22,28,29,26,27],"class_list":{"0":"post-42960","1":"post","2":"type-post","3":"status-publish","4":"format-standard","5":"has-post-thumbnail","7":"category-lietuva","8":"tag-antrastes","9":"tag-breaking-news","10":"tag-breakingnews","11":"tag-featured-news","12":"tag-featurednews","13":"tag-headlines","14":"tag-latest-news","15":"tag-latestnews","16":"tag-lietuva","17":"tag-lietuviu","18":"tag-lithuania","19":"tag-lithuanian","20":"tag-lt","21":"tag-naujienos","22":"tag-news","23":"tag-populiariausios-naujienos","24":"tag-populiariausiosnaujienos","25":"tag-top-stories","26":"tag-topstories"},"share_on_mastodon":{"url":"https:\/\/pubeurope.com\/@lt\/115574809771264610","error":""},"_links":{"self":[{"href":"https:\/\/www.europesays.com\/lt\/wp-json\/wp\/v2\/posts\/42960","targetHints":{"allow":["GET"]}}],"collection":[{"href":"https:\/\/www.europesays.com\/lt\/wp-json\/wp\/v2\/posts"}],"about":[{"href":"https:\/\/www.europesays.com\/lt\/wp-json\/wp\/v2\/types\/post"}],"author":[{"embeddable":true,"href":"https:\/\/www.europesays.com\/lt\/wp-json\/wp\/v2\/users\/2"}],"replies":[{"embeddable":true,"href":"https:\/\/www.europesays.com\/lt\/wp-json\/wp\/v2\/comments?post=42960"}],"version-history":[{"count":0,"href":"https:\/\/www.europesays.com\/lt\/wp-json\/wp\/v2\/posts\/42960\/revisions"}],"wp:featuredmedia":[{"embeddable":true,"href":"https:\/\/www.europesays.com\/lt\/wp-json\/wp\/v2\/media\/42961"}],"wp:attachment":[{"href":"https:\/\/www.europesays.com\/lt\/wp-json\/wp\/v2\/media?parent=42960"}],"wp:term":[{"taxonomy":"category","embeddable":true,"href":"https:\/\/www.europesays.com\/lt\/wp-json\/wp\/v2\/categories?post=42960"},{"taxonomy":"post_tag","embeddable":true,"href":"https:\/\/www.europesays.com\/lt\/wp-json\/wp\/v2\/tags?post=42960"}],"curies":[{"name":"wp","href":"https:\/\/api.w.org\/{rel}","templated":true}]}}