{"id":43214,"date":"2025-11-19T09:59:09","date_gmt":"2025-11-19T09:59:09","guid":{"rendered":"https:\/\/www.europesays.com\/lt\/43214\/"},"modified":"2025-11-19T09:59:09","modified_gmt":"2025-11-19T09:59:09","slug":"apokaliptiniai-vaizdai-ternopilyje-rusija-dronais-ir-raketomis-atakavo-devynaukscius-15min-lt","status":"publish","type":"post","link":"https:\/\/www.europesays.com\/lt\/43214\/","title":{"rendered":"Apokaliptiniai vaizdai Ternopilyje: Rusija dronais ir raketomis atakavo devynauk\u0161\u010dius &#8211; 15min.lt"},"content":{"rendered":"<ol>\n<li><a href=\"https:\/\/news.google.com\/rss\/articles\/CBMi2gFBVV95cUxONlpHaFFPR3d1blV0cUpOcVk2elRycG9udmxta1JKNmdpbUN5Y1VkMDhBbmhpdXBZYTdEQmdodmJjeUNUSk9GUEctdjFIb3JBRm5rZ2JvUVNpdklELW1fSkhLRkM5YUNURkJ0WHV2dHp6UDJtWG84U3YzcUFMdTdJcTNONHNPUjR4RE9NQnhVaGx3R1pydVVtWTd1Y1lqMFdOUHZvREdTWnJPdDNGVmQ4SmlUczliLUpWUmlpTG51Y3ZzeWF3QTUtQVZnZ2lBSTJTMTlIcThZejkzQQ?oc=5\" target=\"_blank\" rel=\"nofollow noopener\">Apokaliptiniai vaizdai Ternopilyje: Rusija dronais ir raketomis atakavo devynauk\u0161\u010dius<\/a>&nbsp;&nbsp;15min.lt<\/li>\n<li><a href=\"https:\/\/news.google.com\/rss\/articles\/CBMi8gFBVV95cUxPNk1aUk90N2p5dFB1Qjc4MlNuWHI3MV9xYmI1d0RvYnRFN3d3cnNtTHR1NW96a3FZRmZvREpuSk1DYlJuQ2lKblRuY2tjQVVJQnQzMGpwSllBMXQ2eWVVaS1fejBqWVpVaTZ1M2N0T2UzZHk3TVk0dE5YUWVoX1Exd0VQdV9rMHVYU2dIczRkbkZsSjVCTHlrVWVOSGp2LU1oWmdlN2x6ZXoyaDcwUjJoTlhjY0diSHpTbloxVkZ2LU1kbEJ2MWxMaTZYaHVMRVhkTHRDekk5MGZZWFY0ZHFuOENOcjNPMThuQU9nTjNpMmt1UQ?oc=5\" target=\"_blank\" rel=\"nofollow noopener\">Karas Ukrainoje. Apokaliptiniai vaizdai Ternopilyje: Rusija paleido dronus ir raketas \u012f devynauk\u0161t\u012f<\/a>&nbsp;&nbsp;15min.lt<\/li>\n<li><a href=\"https:\/\/news.google.com\/rss\/articles\/CBMizgFBVV95cUxNbU15SGhUREllVDRhVURmdEd1WUx3R281UlU1S1lBdnNQTkdJZ0JhOGJiaktySmdwNnFYT3FUWkFvZ3ZUNUlMTjhkWERHcVFFMlZHRTQ1dWVWaFI2WTVGcmpIMjdiQU1vY3d4TlZfblBjN1FMRC1YQmw3eXdtM2trTkxMWDdabERMTUhzRHlScWpsTnEtQTNzTkdPVE9WNmtyR0xkcXNIdnlGMEUwQktKWUZqdjJ5Y0xOQ0tIUENDNm03UXdhdzd2bjdGb3RvQQ?oc=5\" target=\"_blank\" rel=\"nofollow noopener\">Vaizdai po dron\u0173 sm\u016bgio Charkive: i\u0161deg\u0119 automobiliai, apgadinti pastatai<\/a>&nbsp;&nbsp;Lrytas<\/li>\n<li><a href=\"https:\/\/news.google.com\/rss\/articles\/CBMiY0FVX3lxTE5RTXVLWDNOanJYa21WUGozOFg0VkUxQlE2LVJBVDY0TXNRQTE3VF9ESXpYcVRadFpHNUNUSElRMWdFdUIzN0s1M1cwb2l0bFI2Q0RMMTlKM1VoWmFsOWlpZWNFaw?oc=5\" target=\"_blank\" rel=\"nofollow noopener\">\u017dinios<\/a>&nbsp;&nbsp;LRT<\/li>\n<li><a href=\"https:\/\/news.google.com\/rss\/articles\/CBMiugFBVV95cUxOa3VRYlVEU3Uxc29mNnpmY2RuVktCQTNQa0Z4NWMycW1yQlBtVWdMMWlSZExFNlNfOG1OZHhPTXRrcnlZVEVrWG84dVd3YmlsY21uT3IwdWo5WWtiM0FLLXJnYUZTMEtSSHNEVmp6RjRpSzlsNXBVbnNMakVXRENLcDVWMElXd1R0YnE2X1A2b3NSOXFQaWNoajk4WHphU2x4U0llOVpLUm5Zd3EwUmtqU3J6Sm9VaDJmY1E?oc=5\" target=\"_blank\" rel=\"nofollow noopener\">Per dron\u0173 sm\u016bg\u012f Charkivui su\u017eeista de\u0161imtys \u017emoni\u0173<\/a>&nbsp;&nbsp;Kauno diena<\/li>\n<\/ol>\n","protected":false},"excerpt":{"rendered":"Apokaliptiniai vaizdai Ternopilyje: Rusija dronais ir raketomis atakavo devynauk\u0161\u010dius&nbsp;&nbsp;15min.lt Karas Ukrainoje. Apokaliptiniai vaizdai Ternopilyje: Rusija paleido dronus ir&hellip;\n","protected":false},"author":2,"featured_media":43215,"comment_status":"","ping_status":"","sticky":false,"template":"","format":"standard","meta":{"footnotes":""},"categories":[6],"tags":[25,30,31,34,35,24,32,33,37,39,36,38,40,23,22,28,29,26,27],"class_list":{"0":"post-43214","1":"post","2":"type-post","3":"status-publish","4":"format-standard","5":"has-post-thumbnail","7":"category-antrastes","8":"tag-antrastes","9":"tag-breaking-news","10":"tag-breakingnews","11":"tag-featured-news","12":"tag-featurednews","13":"tag-headlines","14":"tag-latest-news","15":"tag-latestnews","16":"tag-lietuva","17":"tag-lietuviu","18":"tag-lithuania","19":"tag-lithuanian","20":"tag-lt","21":"tag-naujienos","22":"tag-news","23":"tag-populiariausios-naujienos","24":"tag-populiariausiosnaujienos","25":"tag-top-stories","26":"tag-topstories"},"share_on_mastodon":{"url":"https:\/\/pubeurope.com\/@lt\/115575781127876085","error":""},"_links":{"self":[{"href":"https:\/\/www.europesays.com\/lt\/wp-json\/wp\/v2\/posts\/43214","targetHints":{"allow":["GET"]}}],"collection":[{"href":"https:\/\/www.europesays.com\/lt\/wp-json\/wp\/v2\/posts"}],"about":[{"href":"https:\/\/www.europesays.com\/lt\/wp-json\/wp\/v2\/types\/post"}],"author":[{"embeddable":true,"href":"https:\/\/www.europesays.com\/lt\/wp-json\/wp\/v2\/users\/2"}],"replies":[{"embeddable":true,"href":"https:\/\/www.europesays.com\/lt\/wp-json\/wp\/v2\/comments?post=43214"}],"version-history":[{"count":0,"href":"https:\/\/www.europesays.com\/lt\/wp-json\/wp\/v2\/posts\/43214\/revisions"}],"wp:featuredmedia":[{"embeddable":true,"href":"https:\/\/www.europesays.com\/lt\/wp-json\/wp\/v2\/media\/43215"}],"wp:attachment":[{"href":"https:\/\/www.europesays.com\/lt\/wp-json\/wp\/v2\/media?parent=43214"}],"wp:term":[{"taxonomy":"category","embeddable":true,"href":"https:\/\/www.europesays.com\/lt\/wp-json\/wp\/v2\/categories?post=43214"},{"taxonomy":"post_tag","embeddable":true,"href":"https:\/\/www.europesays.com\/lt\/wp-json\/wp\/v2\/tags?post=43214"}],"curies":[{"name":"wp","href":"https:\/\/api.w.org\/{rel}","templated":true}]}}