{"id":43280,"date":"2025-11-19T11:13:25","date_gmt":"2025-11-19T11:13:25","guid":{"rendered":"https:\/\/www.europesays.com\/lt\/43280\/"},"modified":"2025-11-19T11:13:25","modified_gmt":"2025-11-19T11:13:25","slug":"gargzdu-klube-spindejes-griciunas-kelia-sparnus-i-azija","status":"publish","type":"post","link":"https:\/\/www.europesays.com\/lt\/43280\/","title":{"rendered":"\u201eGarg\u017ed\u0173\u201c klube spind\u0117j\u0119s Grici\u016bnas kelia sparnus \u012f Azij\u0105"},"content":{"rendered":"<p>\u201eGarg\u017edai\u201c oficialiai pad\u0117kojo vidurio puol\u0117jui u\u017e darb\u0105 bei pasiektas pergales ir prane\u0161\u0117, jog ie\u0161ko pastiprinimo.<\/p>\n<p>Atsisveikindamas su komanda B. Grici\u016bnas nesl\u0117p\u0117 noro i\u0161bandyti save Azijoje.<\/p>\n<p>\u201eAtsirado pasi\u016blymas i\u0161 auk\u0161\u010diausios Taivano lygos komandos, o a\u0161 jau kur\u012f laik\u0105 nor\u0117jau i\u0161bandyti save Azijos rinkoje. Noriu pad\u0117koti Garg\u017ed\u0173 miestui, m\u016bs\u0173 fanams u\u017e palaikym\u0105, u\u017e tik\u0117jim\u0105, nuostabi\u0105 energij\u0105 ir sukurt\u0105 atmosfer\u0105 arenoje. Taip pat noriu pad\u0117koti Garg\u017ed\u0173 klubo organizacijai bei visam personalui u\u017e profesionalum\u0105, dedamas pastangas darant \u0161\u012f nauj\u0105 klub\u0105 kuo auk\u0161tesnio lygio, suteikiant puikias s\u0105lygas \u017eaid\u0117jams\u201c, \u2013 su klubu atsisveikino B. Grici\u016bnas.<\/p>\n","protected":false},"excerpt":{"rendered":"\u201eGarg\u017edai\u201c oficialiai pad\u0117kojo vidurio puol\u0117jui u\u017e darb\u0105 bei pasiektas pergales ir prane\u0161\u0117, jog ie\u0161ko pastiprinimo. Atsisveikindamas su komanda&hellip;\n","protected":false},"author":2,"featured_media":43281,"comment_status":"","ping_status":"","sticky":false,"template":"","format":"standard","meta":{"footnotes":""},"categories":[19],"tags":[10849,1570,37,39,377,36,38,40,47,104],"class_list":{"0":"post-43280","1":"post","2":"type-post","3":"status-publish","4":"format-standard","5":"has-post-thumbnail","7":"category-sportas","8":"tag-benas-griciunas","9":"tag-gargzdu-gargzdai","10":"tag-lietuva","11":"tag-lietuviu","12":"tag-lietuvos-krepsinio-lyga-lkl","13":"tag-lithuania","14":"tag-lithuanian","15":"tag-lt","16":"tag-sportas","17":"tag-sports"},"share_on_mastodon":{"url":"https:\/\/pubeurope.com\/@lt\/115576072022997977","error":""},"_links":{"self":[{"href":"https:\/\/www.europesays.com\/lt\/wp-json\/wp\/v2\/posts\/43280","targetHints":{"allow":["GET"]}}],"collection":[{"href":"https:\/\/www.europesays.com\/lt\/wp-json\/wp\/v2\/posts"}],"about":[{"href":"https:\/\/www.europesays.com\/lt\/wp-json\/wp\/v2\/types\/post"}],"author":[{"embeddable":true,"href":"https:\/\/www.europesays.com\/lt\/wp-json\/wp\/v2\/users\/2"}],"replies":[{"embeddable":true,"href":"https:\/\/www.europesays.com\/lt\/wp-json\/wp\/v2\/comments?post=43280"}],"version-history":[{"count":0,"href":"https:\/\/www.europesays.com\/lt\/wp-json\/wp\/v2\/posts\/43280\/revisions"}],"wp:featuredmedia":[{"embeddable":true,"href":"https:\/\/www.europesays.com\/lt\/wp-json\/wp\/v2\/media\/43281"}],"wp:attachment":[{"href":"https:\/\/www.europesays.com\/lt\/wp-json\/wp\/v2\/media?parent=43280"}],"wp:term":[{"taxonomy":"category","embeddable":true,"href":"https:\/\/www.europesays.com\/lt\/wp-json\/wp\/v2\/categories?post=43280"},{"taxonomy":"post_tag","embeddable":true,"href":"https:\/\/www.europesays.com\/lt\/wp-json\/wp\/v2\/tags?post=43280"}],"curies":[{"name":"wp","href":"https:\/\/api.w.org\/{rel}","templated":true}]}}