{"id":43727,"date":"2025-11-19T22:06:12","date_gmt":"2025-11-19T22:06:12","guid":{"rendered":"https:\/\/www.europesays.com\/lt\/43727\/"},"modified":"2025-11-19T22:06:12","modified_gmt":"2025-11-19T22:06:12","slug":"wsj-kaip-vanceo-bendramokslio-vadovaujama-jav-delegacija-bando-uzbaigti-kara","status":"publish","type":"post","link":"https:\/\/www.europesays.com\/lt\/43727\/","title":{"rendered":"WSJ: kaip Vance&#8217;o bendramokslio vadovaujama JAV delegacija bando u\u017ebaigti kar\u0105"},"content":{"rendered":"<p>Leidinys ne\u012fprastu vadina Balt\u0173j\u0173 r\u016bm\u0173 sprendim\u0105 si\u0173sti \u012f Ukrain\u0105 civil\u012f kariuomen\u0117s vadov\u0105, kurio darbas daugiausia susij\u0119s su kari\u0173 mokymu ir apr\u016bpinimu. Ta\u010diau Donaldas Trumpas da\u017enai remiasi \u201enetradiciniais pasiuntiniais\u201c, \u012fskaitant buvus\u012f special\u0173j\u012f pasiuntin\u012f Steve&#8217;\u0105 Witkoff\u0105, ra\u0161oma straipsnyje.<\/p>\n<p> J\u012f apmok\u0117 Witkoffas \u2013 po Ukrainos susitiks su rusais <\/p>\n<p>Pasak WSJ, b\u016btent Witkoffas pareng\u0117 D.Driscoll\u0105 deryboms su Ukraina. Jiedu pa\u017e\u012fstami nuo darbo D.Trumpo prezidento rinkim\u0173 kampanijoje laik\u0173.<\/p>\n<p>Pareig\u016bnas sak\u0117 WSJ, kad id\u0117ja pasi\u0173sti D.Driscoll\u0105 kilo per D.Trumpo ir J.D.Vance&#8217;o pokalb\u012f. Po susitikim\u0173 Kyjive jis planuoja surengti derybas su Rusijos pareig\u016bnais.<\/p>\n<p>Straipsnyje ra\u0161oma, kad lapkri\u010dio 17 d. JAV delegacija buvo Vokietijoje, kur JAV karin\u0117je baz\u0117je i\u0161klaus\u0117 \u017evalgybos informacij\u0105. Grup\u0117 aptar\u0117 pad\u0117t\u012f m\u016b\u0161io lauke prie \u017eem\u0117lapi\u0173 su kariais, kurie jau daug met\u0173 dirba Ukrainoje. Po to jie i\u0161skrido \u012f Lenkij\u0105, o lapkri\u010dio 18 d. v\u0117lai vakare naktiniu traukiniu atvyko \u012f Kyjiv\u0105.<\/p>\n<p>WSJ taip pat ra\u0161o, kad kartu su D.Driscollu atvyko dar du generolai \u2013 JAV ginkluot\u0173j\u0173 paj\u0117g\u0173 Europoje vyriausiasis vadas Chrisas Donahue ir JAV kariuomen\u0117s \u0161tabo vir\u0161ininkas Randy George&#8217;as.<\/p>\n<p> Pateiks i\u0161vadas Trumpui <\/p>\n<p>\u201eD.Driscollas vyksta \u012f Ukrain\u0105 susipa\u017einti su pad\u0117timi vietoje. Jis dalyvaus susitikimuose Ukrainoje ir pateiks savo i\u0161vadas Baltiesiems r\u016bmams\u201c, \u2013 sak\u0117 auk\u0161tas D.Trumpo administracijos pareig\u016bnas.<\/p>\n<p>Pasak kito pareig\u016bno, D.Driscollo misija \u2013 atnaujinti taikos derybas Trumpo vardu.<\/p>\n<p>Lapkri\u010dio 18 d. \u201ePolitico\u201c taip pat ra\u0161\u0117 apie auk\u0161to rango Pentagono pareig\u016bn\u0173 vizit\u0105 \u012f Kyjiv\u0105. Tarp kelion\u0117s u\u017eduo\u010di\u0173 leidinys \u012fvardijo Ukrainos ir JAV bendradarbiavimo stiprinim\u0105 bepilo\u010di\u0173 orlaivi\u0173 ir autonomin\u0117s amunicijos srityje.<\/p>\n","protected":false},"excerpt":{"rendered":"Leidinys ne\u012fprastu vadina Balt\u0173j\u0173 r\u016bm\u0173 sprendim\u0105 si\u0173sti \u012f Ukrain\u0105 civil\u012f kariuomen\u0117s vadov\u0105, kurio darbas daugiausia susij\u0119s su kari\u0173&hellip;\n","protected":false},"author":2,"featured_media":43728,"comment_status":"","ping_status":"","sticky":false,"template":"","format":"standard","meta":{"footnotes":""},"categories":[15],"tags":[25,30,31,34,35,24,32,33,37,39,36,38,40,23,22,44,28,29,26,27,74,75,76],"class_list":{"0":"post-43727","1":"post","2":"type-post","3":"status-publish","4":"format-standard","5":"has-post-thumbnail","7":"category-pasaulis","8":"tag-antrastes","9":"tag-breaking-news","10":"tag-breakingnews","11":"tag-featured-news","12":"tag-featurednews","13":"tag-headlines","14":"tag-latest-news","15":"tag-latestnews","16":"tag-lietuva","17":"tag-lietuviu","18":"tag-lithuania","19":"tag-lithuanian","20":"tag-lt","21":"tag-naujienos","22":"tag-news","23":"tag-pasaulis","24":"tag-populiariausios-naujienos","25":"tag-populiariausiosnaujienos","26":"tag-top-stories","27":"tag-topstories","28":"tag-world","29":"tag-world-news","30":"tag-worldnews"},"share_on_mastodon":{"url":"https:\/\/pubeurope.com\/@lt\/115578639668592758","error":""},"_links":{"self":[{"href":"https:\/\/www.europesays.com\/lt\/wp-json\/wp\/v2\/posts\/43727","targetHints":{"allow":["GET"]}}],"collection":[{"href":"https:\/\/www.europesays.com\/lt\/wp-json\/wp\/v2\/posts"}],"about":[{"href":"https:\/\/www.europesays.com\/lt\/wp-json\/wp\/v2\/types\/post"}],"author":[{"embeddable":true,"href":"https:\/\/www.europesays.com\/lt\/wp-json\/wp\/v2\/users\/2"}],"replies":[{"embeddable":true,"href":"https:\/\/www.europesays.com\/lt\/wp-json\/wp\/v2\/comments?post=43727"}],"version-history":[{"count":0,"href":"https:\/\/www.europesays.com\/lt\/wp-json\/wp\/v2\/posts\/43727\/revisions"}],"wp:featuredmedia":[{"embeddable":true,"href":"https:\/\/www.europesays.com\/lt\/wp-json\/wp\/v2\/media\/43728"}],"wp:attachment":[{"href":"https:\/\/www.europesays.com\/lt\/wp-json\/wp\/v2\/media?parent=43727"}],"wp:term":[{"taxonomy":"category","embeddable":true,"href":"https:\/\/www.europesays.com\/lt\/wp-json\/wp\/v2\/categories?post=43727"},{"taxonomy":"post_tag","embeddable":true,"href":"https:\/\/www.europesays.com\/lt\/wp-json\/wp\/v2\/tags?post=43727"}],"curies":[{"name":"wp","href":"https:\/\/api.w.org\/{rel}","templated":true}]}}