{"id":44212,"date":"2025-11-20T13:57:10","date_gmt":"2025-11-20T13:57:10","guid":{"rendered":"https:\/\/www.europesays.com\/lt\/44212\/"},"modified":"2025-11-20T13:57:10","modified_gmt":"2025-11-20T13:57:10","slug":"dainininkas-mantas-vygantas-ivertino-kainas-anglijoje-ir-lietuvoje-kosmosas","status":"publish","type":"post","link":"https:\/\/www.europesays.com\/lt\/44212\/","title":{"rendered":"Dainininkas Mantas Vygantas \u012fvertino kainas Anglijoje ir Lietuvoje: kosmosas"},"content":{"rendered":"<p class=\"MsoNormal\">Dainininkas <a rel=\"noopener nofollow\" target=\"_blank\" href=\"https:\/\/www.delfi.lt\/temos\/mantas-vygantas\" tag-id=\"80508037\">Mantas Vygantas<\/a> atviraus, kad kain\u0173 ir u\u017edarbio santykis tarp Anglijos ir Lietuvos jam, po 15 met\u0173 gyvenimo emigracijoje, primena kosmos\u0105, ra\u0161oma spaudos prane\u0161ime.<\/p>\n<p class=\"MsoNormal\">\u201eTen jautiesi truput\u0117l\u012f laisviau, eidamas \u012f parduotuv\u0119 neskai\u010diuoji \u2013 ko reikia, t\u0105 perki. Pas mus dar\u017eovi\u0173, vaisi\u0173 kainos lenkia visas ribas. Nesl\u0117psiu, kas dvi savaites va\u017eiuoju \u012f Lenkij\u0105. Labai atsipra\u0161au valstyb\u0117s, kad ne \u012f biud\u017eet\u0105, bet a\u0161 u\u017e 200 eur\u0173 nusiperku pus\u0119 baga\u017ein\u0117s Lietuvoje, o i\u0161 Lenkijos gr\u012f\u017etu su pilna baga\u017eine\u201c, \u2013 pasakos M. Vygantas.<\/p>\n<p class=\"MsoNormal\">Daininink\u0117, vokalo mokytoja Indr\u0117 Launikonyt\u0117 prisipa\u017eins apie nuosav\u0105 b\u016bst\u0105 svajojanti ir jam taupanti jau daugiau nei de\u0161imtmet\u012f.<\/p>\n<p>    <img decoding=\"async\" src=\"https:\/\/www.europesays.com\/lt\/wp-content\/uploads\/2025\/11\/8da0aefe-396a-47b3-858f-5e3377197e19.jpg\" loading=\"lazy\" alt=\"Daininink\u0117 Indr\u0117 Launikonyt\u0117\"\/>    <\/p>\n<p class=\"MsoNormal\">\u201eEsu vokalo mokytoja, atlik\u0117ja, dirbanti pagal individuali\u0105 veikl\u0105 ir verslo liudijim\u0105, niekaip negalinti gauti paskolos. A\u0161 nuo 2012-\u0173j\u0173 met\u0173 dirbu akademin\u012f darb\u0105, gimiau Lietuvoje, baigiau tris universitetus, o at\u0117jus \u012f bank\u0105 su 60 procent\u0173 \u012fna\u0161o man parodo vidurin\u012f pir\u0161t\u0105 ir duris!\u201c \u2013 pasakos I. Launikonyt\u0117. Pasak moters, po paskutini\u0173 atsakym\u0173 i\u0161 bank\u0173 ji jau\u010diasi tokia nusivylusi, kad net svarsto palikti Lietuv\u0105 ir gyvenim\u0105 kurti svetur.<\/p>\n<p class=\"MsoNormal\">\u201eNekilnojamojo turto kainos kils\u201c, \u2013 tiesiai sakys NT turto ekspertas, brokeris Paulius Banevi\u010dius. Pasak eksperto, labiausiai kainas \u012ftakos galimyb\u0117 atsiimti pinigus i\u0161 pensij\u0173 kaupimo fond\u0173. O tai, kad kils ne tik NT kainos, bet brangs ir tam tikros prek\u0117s ar paslaugos, patvirtins \u201eSwedbank\u201c finans\u0173 instituto vadov\u0117 J\u016brat\u0117 Cvilikien\u0117.<\/p>\n<p class=\"MsoNormal\">Diskusij\u0173 laida \u201eU\u017e ar prie\u0161\u201c \u2013 jau \u0161\u012f ketvirtadienio vakar\u0105 20 val. tik per LNK.<\/p>\n<p class=\"MsoNormal\">Mantas Vygantas apie kainas Lietuvoje: \u201eKosmosas\u201c<\/p>\n<p class=\"MsoNormal\">Kiek i\u0161 tikr\u0173j\u0173 kainuoja prezidento namai?<\/p>\n","protected":false},"excerpt":{"rendered":"Dainininkas Mantas Vygantas atviraus, kad kain\u0173 ir u\u017edarbio santykis tarp Anglijos ir Lietuvos jam, po 15 met\u0173 gyvenimo&hellip;\n","protected":false},"author":2,"featured_media":44213,"comment_status":"","ping_status":"","sticky":false,"template":"","format":"standard","meta":{"footnotes":""},"categories":[17],"tags":[81,37,39,36,38,40,2948,46],"class_list":{"0":"post-44212","1":"post","2":"type-post","3":"status-publish","4":"format-standard","5":"has-post-thumbnail","7":"category-verslas","8":"tag-business","9":"tag-lietuva","10":"tag-lietuviu","11":"tag-lithuania","12":"tag-lithuanian","13":"tag-lt","14":"tag-mantas-vygantas","15":"tag-verslas"},"share_on_mastodon":{"url":"https:\/\/pubeurope.com\/@lt\/115582379253137169","error":""},"_links":{"self":[{"href":"https:\/\/www.europesays.com\/lt\/wp-json\/wp\/v2\/posts\/44212","targetHints":{"allow":["GET"]}}],"collection":[{"href":"https:\/\/www.europesays.com\/lt\/wp-json\/wp\/v2\/posts"}],"about":[{"href":"https:\/\/www.europesays.com\/lt\/wp-json\/wp\/v2\/types\/post"}],"author":[{"embeddable":true,"href":"https:\/\/www.europesays.com\/lt\/wp-json\/wp\/v2\/users\/2"}],"replies":[{"embeddable":true,"href":"https:\/\/www.europesays.com\/lt\/wp-json\/wp\/v2\/comments?post=44212"}],"version-history":[{"count":0,"href":"https:\/\/www.europesays.com\/lt\/wp-json\/wp\/v2\/posts\/44212\/revisions"}],"wp:featuredmedia":[{"embeddable":true,"href":"https:\/\/www.europesays.com\/lt\/wp-json\/wp\/v2\/media\/44213"}],"wp:attachment":[{"href":"https:\/\/www.europesays.com\/lt\/wp-json\/wp\/v2\/media?parent=44212"}],"wp:term":[{"taxonomy":"category","embeddable":true,"href":"https:\/\/www.europesays.com\/lt\/wp-json\/wp\/v2\/categories?post=44212"},{"taxonomy":"post_tag","embeddable":true,"href":"https:\/\/www.europesays.com\/lt\/wp-json\/wp\/v2\/tags?post=44212"}],"curies":[{"name":"wp","href":"https:\/\/api.w.org\/{rel}","templated":true}]}}