{"id":44385,"date":"2025-11-20T17:43:10","date_gmt":"2025-11-20T17:43:10","guid":{"rendered":"https:\/\/www.europesays.com\/lt\/44385\/"},"modified":"2025-11-20T17:43:10","modified_gmt":"2025-11-20T17:43:10","slug":"britai-sukritikavo-kate-middleton-naujaji-ivaizdi-kas-neitiko","status":"publish","type":"post","link":"https:\/\/www.europesays.com\/lt\/44385\/","title":{"rendered":"Britai sukritikavo Kate Middleton nauj\u0105j\u012f \u012fvaizd\u012f: kas ne\u012ftiko?"},"content":{"rendered":"<p>Kate Middleton \u012fvaizdis patiko ne visiems<\/p>\n<p>\u012e \u201eFuture Workforce Summit\u201c rengin\u012f atvykusi K. Middleton atrod\u0117 stilingai vilk\u0117dama \u0161viesiai pilk\u0105 \u201eRoland Mouret\u201c kostium\u0105: pla\u010dias kelnes ir \u0161vark\u0105.<\/p>\n<p>Ta\u010diau kai kurie karali\u0161kosios \u0161eimos gerb\u0117jai suabejojo b\u016bsimos karalien\u0117s \u012fvaizd\u017eiu, teigdami, kad keln\u0117s per ilgos ir per laisvos, o kitiems nepatiko kostiumo spalva.<\/p>\n<p>Vienas internautas \u201eRoyal Fashion Daily\u201c \u201eInstagram\u201c paskyroje ra\u0161\u0117: \u201eSpalva gra\u017ei, bet keln\u0117s per ilgos ir per laisvos. O ta palaidin\u0117 per da\u017enai matyta per tok\u012f trump\u0105 laik\u0105.\u201c<\/p>\n<p>Kitas komentavo: \u201eKad ir kaip dievinu Velso princes\u0119, \u0161is derinys jai netinka. Be to, plaukai per ilgi. Tikriausiai susitikimo tikslas jai toks svarbus, kad ji nenori i\u0161siskirti apranga.\u201c<\/p>\n<p>       <img decoding=\"async\" src=\"https:\/\/www.europesays.com\/lt\/wp-content\/uploads\/2025\/11\/0a9ef347-3b7e-44c1-a62e-6c34e71a3650.jpg\" loading=\"lazy\" alt=\"Kate Middleton\"\/>      <\/p>\n<p>Atsirado ir girian\u010di\u0173<\/p>\n<p>Tre\u010dias \u012fra\u0161as skamb\u0117jo taip: \u201eO ne\u2026 tai nekaip atrodo, ypa\u010d keln\u0117s.\u201c<\/p>\n<p>Vis d\u0117lto kiti motes \u012fvaizd\u012f gyr\u0117. <\/p>\n<p>Vienas komentatorius socialiniame tinkle \u201eX\u201c ra\u0161\u0117 \u201edievinantis kaklarai\u0161\u010dio stiliaus palaidin\u0119.\u201c<\/p>\n<p> \u201eVisada madinga, bet niekada aklai nesivaiko tendencij\u0173. Pasirenka klasik\u0105 ir \u012fsigyja tik tai, ko reikia. Jos naujas vyri\u0161ko stiliaus kostiumas \u2013 puikus pavyzdys, kaip atnaujinti garderob\u0105\u201c, \u2013 prid\u016br\u0117 kitas gerb\u0117jas. <\/p>\n<p>Primename, kad b\u016bsimoji karalien\u0117 pama\u017eu sugr\u012f\u017eta prie vie\u0161\u0173 pareig\u0173 po to, kai pra\u0117jusi\u0105 vasar\u0105 baig\u0117 chemoterapijos kurs\u0105. <\/p>\n<p>Saus\u012f ji paskelb\u0117, kad yra pasveikusi nuo v\u0117\u017eio.<\/p>\n","protected":false},"excerpt":{"rendered":"Kate Middleton \u012fvaizdis patiko ne visiems \u012e \u201eFuture Workforce Summit\u201c rengin\u012f atvykusi K. Middleton atrod\u0117 stilingai vilk\u0117dama \u0161viesiai&hellip;\n","protected":false},"author":2,"featured_media":44386,"comment_status":"","ping_status":"","sticky":false,"template":"","format":"standard","meta":{"footnotes":"","_share_on_mastodon":"0"},"categories":[21],"tags":[113,5369,1888,1157,37,39,36,38,40,114,6182],"class_list":["post-44385","post","type-post","status-publish","format-standard","has-post-thumbnail","category-pramogos","tag-entertainment","tag-isvaizda","tag-ivaizdis","tag-kate-middleton","tag-lietuva","tag-lietuviu","tag-lithuania","tag-lithuanian","tag-lt","tag-pramogos","tag-stilius"],"share_on_mastodon":{"url":"https:\/\/pubeurope.com\/@lt\/115583267938137266","error":""},"_links":{"self":[{"href":"https:\/\/www.europesays.com\/lt\/wp-json\/wp\/v2\/posts\/44385","targetHints":{"allow":["GET"]}}],"collection":[{"href":"https:\/\/www.europesays.com\/lt\/wp-json\/wp\/v2\/posts"}],"about":[{"href":"https:\/\/www.europesays.com\/lt\/wp-json\/wp\/v2\/types\/post"}],"author":[{"embeddable":true,"href":"https:\/\/www.europesays.com\/lt\/wp-json\/wp\/v2\/users\/2"}],"replies":[{"embeddable":true,"href":"https:\/\/www.europesays.com\/lt\/wp-json\/wp\/v2\/comments?post=44385"}],"version-history":[{"count":0,"href":"https:\/\/www.europesays.com\/lt\/wp-json\/wp\/v2\/posts\/44385\/revisions"}],"wp:featuredmedia":[{"embeddable":true,"href":"https:\/\/www.europesays.com\/lt\/wp-json\/wp\/v2\/media\/44386"}],"wp:attachment":[{"href":"https:\/\/www.europesays.com\/lt\/wp-json\/wp\/v2\/media?parent=44385"}],"wp:term":[{"taxonomy":"category","embeddable":true,"href":"https:\/\/www.europesays.com\/lt\/wp-json\/wp\/v2\/categories?post=44385"},{"taxonomy":"post_tag","embeddable":true,"href":"https:\/\/www.europesays.com\/lt\/wp-json\/wp\/v2\/tags?post=44385"}],"curies":[{"name":"wp","href":"https:\/\/api.w.org\/{rel}","templated":true}]}}