{"id":45885,"date":"2025-11-23T07:13:08","date_gmt":"2025-11-23T07:13:08","guid":{"rendered":"https:\/\/www.europesays.com\/lt\/45885\/"},"modified":"2025-11-23T07:13:08","modified_gmt":"2025-11-23T07:13:08","slug":"seimo-pirmininkas-isvyksta-i-stokholma-dalyvauti-krymo-platformos-parlamentu-vadovu-susitikime","status":"publish","type":"post","link":"https:\/\/www.europesays.com\/lt\/45885\/","title":{"rendered":"Seimo pirmininkas i\u0161vyksta \u012f Stokholm\u0105 dalyvauti Krymo platformos parlament\u0173 vadov\u0173 susitikime"},"content":{"rendered":"<p>Pirmadien\u012f vyksian\u010diame renginyje taip pat dalyvaus Ukrainos Auk\u0161\u010diausiosios Rados pirmininkas Ruslanas Stefan\u010dukas, Europos \u0161ali\u0173 parlament\u0173 pirmininkai, tarpparlamentini\u0173 organizacij\u0173 vadovai.<\/p>\n<p>\u0160i\u0173 met\u0173 parlamentinio susitikimo tikslas \u2013 pabr\u0117\u017eti Rusijos okupacijos Kryme pasekmes, sustiprinti nepripa\u017einimo politik\u0105 ir padidinti spaudim\u0105 Rusijai, kad \u0161i nutraukt\u0173 agresij\u0105 ir Krymo okupacij\u0105, teigia organizatoriai.<\/p>\n<p>Be kit\u0173 klausim\u0173, susitikime bus aptartos sankcijos Rusijai, \u017emogaus teis\u0117s, saugumas, taip pat Rusijos agresijos ekonomin\u0117s ir aplinkosaugin\u0117s pasekm\u0117s.<\/p>\n<p>Krymo platformos konferencija, Ukrainos iniciatyva prad\u0117ta 2021 metais, tapo kertine tarptautin\u0117s bendruomen\u0117s platforma, koordinuojan\u010dia bendras pastangas pad\u0117ti Ukrainai atremti Rusijos agresij\u0105 ir siekti Krymo deokupacijos.<\/p>\n","protected":false},"excerpt":{"rendered":"Pirmadien\u012f vyksian\u010diame renginyje taip pat dalyvaus Ukrainos Auk\u0161\u010diausiosios Rados pirmininkas Ruslanas Stefan\u010dukas, Europos \u0161ali\u0173 parlament\u0173 pirmininkai, tarpparlamentini\u0173 organizacij\u0173&hellip;\n","protected":false},"author":2,"featured_media":45886,"comment_status":"","ping_status":"","sticky":false,"template":"","format":"standard","meta":{"footnotes":""},"categories":[15],"tags":[25,30,31,34,35,24,32,33,37,39,36,38,40,23,22,44,28,29,26,27,74,75,76],"class_list":{"0":"post-45885","1":"post","2":"type-post","3":"status-publish","4":"format-standard","5":"has-post-thumbnail","7":"category-pasaulis","8":"tag-antrastes","9":"tag-breaking-news","10":"tag-breakingnews","11":"tag-featured-news","12":"tag-featurednews","13":"tag-headlines","14":"tag-latest-news","15":"tag-latestnews","16":"tag-lietuva","17":"tag-lietuviu","18":"tag-lithuania","19":"tag-lithuanian","20":"tag-lt","21":"tag-naujienos","22":"tag-news","23":"tag-pasaulis","24":"tag-populiariausios-naujienos","25":"tag-populiariausiosnaujienos","26":"tag-top-stories","27":"tag-topstories","28":"tag-world","29":"tag-world-news","30":"tag-worldnews"},"share_on_mastodon":{"url":"https:\/\/pubeurope.com\/@lt\/115597777509827151","error":""},"_links":{"self":[{"href":"https:\/\/www.europesays.com\/lt\/wp-json\/wp\/v2\/posts\/45885","targetHints":{"allow":["GET"]}}],"collection":[{"href":"https:\/\/www.europesays.com\/lt\/wp-json\/wp\/v2\/posts"}],"about":[{"href":"https:\/\/www.europesays.com\/lt\/wp-json\/wp\/v2\/types\/post"}],"author":[{"embeddable":true,"href":"https:\/\/www.europesays.com\/lt\/wp-json\/wp\/v2\/users\/2"}],"replies":[{"embeddable":true,"href":"https:\/\/www.europesays.com\/lt\/wp-json\/wp\/v2\/comments?post=45885"}],"version-history":[{"count":0,"href":"https:\/\/www.europesays.com\/lt\/wp-json\/wp\/v2\/posts\/45885\/revisions"}],"wp:featuredmedia":[{"embeddable":true,"href":"https:\/\/www.europesays.com\/lt\/wp-json\/wp\/v2\/media\/45886"}],"wp:attachment":[{"href":"https:\/\/www.europesays.com\/lt\/wp-json\/wp\/v2\/media?parent=45885"}],"wp:term":[{"taxonomy":"category","embeddable":true,"href":"https:\/\/www.europesays.com\/lt\/wp-json\/wp\/v2\/categories?post=45885"},{"taxonomy":"post_tag","embeddable":true,"href":"https:\/\/www.europesays.com\/lt\/wp-json\/wp\/v2\/tags?post=45885"}],"curies":[{"name":"wp","href":"https:\/\/api.w.org\/{rel}","templated":true}]}}