{"id":46123,"date":"2025-11-23T13:39:08","date_gmt":"2025-11-23T13:39:08","guid":{"rendered":"https:\/\/www.europesays.com\/lt\/46123\/"},"modified":"2025-11-23T13:39:08","modified_gmt":"2025-11-23T13:39:08","slug":"sinoptikai-siuncia-ispejimus-vietomis-iskrito-ir-50-centimetru-sniego","status":"publish","type":"post","link":"https:\/\/www.europesays.com\/lt\/46123\/","title":{"rendered":"sinoptikai siun\u010dia \u012fsp\u0117jimus, vietomis i\u0161krito ir 50 centimetr\u0173 sniego"},"content":{"rendered":"<p>Zakopan\u0117s regione lank\u0119si lietuviai pasakojo sek\u0119 or\u0173 prognozes, kurios Lenkijoje \u017ead\u0117jo intensyv\u0173 snieg\u0105. Ta\u010diau, anot keliautoj\u0173, realyb\u0117 pranoko visus l\u016bkes\u010dius.<\/p>\n<p>\u201eLenk\u0173 prognoz\u0117s i\u0161sipild\u0117 su kaupu \u2013 per nakt\u012f i\u0161krito po 20\u201330 cm sniego, per savaitgal\u012f \u2013 vietomis 50 cm\u201c, \u2013 pasakojo Lenkijoje su draugais vie\u0161\u0117jusi Greta.<\/p>\n<p>Ji taip pat prid\u016br\u0117, kad \u012fsp\u0117jimus tarnybos siunt\u0117 vis\u0105 savaitgal\u012f.<\/p>\n<p>Kaip skelb\u0117 tvn24.pl, sinoptikai persp\u0117jo piet\u0173 ir ryt\u0173 Lenkijos gyventojus d\u0117l intensyvaus sniego ir prast\u0117jan\u010dio matomumo, kuris gali apsunkinti eism\u0105 ir kelti pavoj\u0173 vairuotojams.<\/p>\n<p>Pirmo lygio \u012fsp\u0117jimai paskelbti \u0161iuose regionuose: Ma\u017eosios Lenkijos vaivadijoje (Krokuvos regionas), Pakarpat\u0117s vaivadijoje (Rzesuvo regionas), \u0160v. Kry\u017eiaus vaivadijoje (Kielc\u0173 regionas), Mazovijos vaivadijos pietuose (pavyzd\u017eiui, Radomo apylink\u0117se), Liublino vaivadijoje (Liublino regionas).<\/p>\n<p>\u0160iuose regionuose, pasak sinoptik\u0173, iki sekmadienio popiet\u0117s sniego danga gali padid\u0117ti 10-15 cm, o kai kuriose pietin\u0117se vietov\u0117se \u2013 iki 20 cm.<\/p>\n<p>Kaln\u0173 regionuose \u2014 ypa\u010d Tatr\u0173 ir Beskyd\u0173 masyvuose, Naujosios \u017dem\u0117s ir Naujojo Targo apylink\u0117se \u2014 galioja antrojo lygio \u012fsp\u0117jimas, rei\u0161kiantis didesn\u012f pavoj\u0173. \u010cia prognozuojami 20\u201325 cm sniego krituliai, o vietomis galimos trumpalaik\u0117s p\u016bgos.<\/p>\n<p>IMGW primena, kad net pirmojo lygio \u012fsp\u0117jimai rei\u0161kia pavojingas s\u0105lygas, galin\u010dias sukelti eismo trikd\u017eius, pavoj\u0173 keliaujantiems, galimus \u012fvyki\u0173 ar lauko rengini\u0173 at\u0161aukimus, vietines elektros tiekimo problemas d\u0117l sniego svorio ant linij\u0173.<\/p>\n","protected":false},"excerpt":{"rendered":"Zakopan\u0117s regione lank\u0119si lietuviai pasakojo sek\u0119 or\u0173 prognozes, kurios Lenkijoje \u017ead\u0117jo intensyv\u0173 snieg\u0105. Ta\u010diau, anot keliautoj\u0173, realyb\u0117 pranoko&hellip;\n","protected":false},"author":2,"featured_media":46124,"comment_status":"","ping_status":"","sticky":false,"template":"","format":"standard","meta":{"footnotes":""},"categories":[13],"tags":[25,30,31,34,35,24,32,33,37,39,36,38,40,23,22,28,29,26,27],"class_list":{"0":"post-46123","1":"post","2":"type-post","3":"status-publish","4":"format-standard","5":"has-post-thumbnail","7":"category-lietuva","8":"tag-antrastes","9":"tag-breaking-news","10":"tag-breakingnews","11":"tag-featured-news","12":"tag-featurednews","13":"tag-headlines","14":"tag-latest-news","15":"tag-latestnews","16":"tag-lietuva","17":"tag-lietuviu","18":"tag-lithuania","19":"tag-lithuanian","20":"tag-lt","21":"tag-naujienos","22":"tag-news","23":"tag-populiariausios-naujienos","24":"tag-populiariausiosnaujienos","25":"tag-top-stories","26":"tag-topstories"},"share_on_mastodon":{"url":"https:\/\/pubeurope.com\/@lt\/115599295321987127","error":""},"_links":{"self":[{"href":"https:\/\/www.europesays.com\/lt\/wp-json\/wp\/v2\/posts\/46123","targetHints":{"allow":["GET"]}}],"collection":[{"href":"https:\/\/www.europesays.com\/lt\/wp-json\/wp\/v2\/posts"}],"about":[{"href":"https:\/\/www.europesays.com\/lt\/wp-json\/wp\/v2\/types\/post"}],"author":[{"embeddable":true,"href":"https:\/\/www.europesays.com\/lt\/wp-json\/wp\/v2\/users\/2"}],"replies":[{"embeddable":true,"href":"https:\/\/www.europesays.com\/lt\/wp-json\/wp\/v2\/comments?post=46123"}],"version-history":[{"count":0,"href":"https:\/\/www.europesays.com\/lt\/wp-json\/wp\/v2\/posts\/46123\/revisions"}],"wp:featuredmedia":[{"embeddable":true,"href":"https:\/\/www.europesays.com\/lt\/wp-json\/wp\/v2\/media\/46124"}],"wp:attachment":[{"href":"https:\/\/www.europesays.com\/lt\/wp-json\/wp\/v2\/media?parent=46123"}],"wp:term":[{"taxonomy":"category","embeddable":true,"href":"https:\/\/www.europesays.com\/lt\/wp-json\/wp\/v2\/categories?post=46123"},{"taxonomy":"post_tag","embeddable":true,"href":"https:\/\/www.europesays.com\/lt\/wp-json\/wp\/v2\/tags?post=46123"}],"curies":[{"name":"wp","href":"https:\/\/api.w.org\/{rel}","templated":true}]}}