{"id":46921,"date":"2025-11-24T17:17:10","date_gmt":"2025-11-24T17:17:10","guid":{"rendered":"https:\/\/www.europesays.com\/lt\/46921\/"},"modified":"2025-11-24T17:17:10","modified_gmt":"2025-11-24T17:17:10","slug":"rusai-aiskina-kad-ukrainieciai-nebegrazins-karo-belaisviu-kaip-bus-is-tiesu","status":"publish","type":"post","link":"https:\/\/www.europesays.com\/lt\/46921\/","title":{"rendered":"Rusai ai\u0161kina, kad ukrainie\u010diai nebegr\u0105\u017eins karo belaisvi\u0173: kaip bus i\u0161 ties\u0173?"},"content":{"rendered":"<p>Ji teigia, es\u0105 Ukraina ketina priimti \u012fstatym\u0105, kuris leis \u201eneatiduoti Rusijai karo belaisvi\u0173\u201c. Anot jos, toki\u0105 iniciatyv\u0105 neva pasi\u016bl\u0117 Ukrainos karo belaisvi\u0173 apsikeitimo koordinacinis \u0161tabas.<\/p>\n<p>Rusijos naujien\u0173 portalai, remdamiesi \u0161iais teiginiais, <a href=\"https:\/\/archive.is\/EQDtv\" rel=\"nofollow noopener\" target=\"_blank\">ra\u0161o<\/a>, kad \u201eAuk\u0161\u010diausiajai Radai ketinamas teikti \u012fstatymo projektas, numatantis atsisakym\u0105 gr\u0105\u017einti i\u0161 Krymo ir Sevastopolio teritorij\u0173 mobilizuotus karo belaisvius, es\u0105 skirtas tam, kad b\u016bt\u0173 laikomi \u012fkaitais rus\u0173 kariai\u201c.<\/p>\n<p> <a href=\"https:\/\/s1.15min.lt\/images\/photos\/2022\/08\/11\/original\/screenshot-2022-08-11-at-174932-62f51709f2e4c.jpg\" rel=\"content-image nofollow noopener\" title=\"\u201eYoutube\u201c stop kadras\/Olga Skabejeva\" target=\"_blank\"><img decoding=\"async\" alt=\"\u201eYoutube\u201c stop kadras\/Olga Skabejeva\" rel=\"content-image\" src=\"https:\/\/www.europesays.com\/lt\/wp-content\/uploads\/2025\/11\/screenshot-2022-08-11-at-174932-62f51709f2e4c.jpg\" style=\"width: auto; height: auto;\"\/><\/a> <\/p>\n<p>\u201eYoutube\u201c stop kadras\/Olga Skabejeva<\/p>\n<p>Manipuliacij\u0173 pretekstu tapo brigados generolo, Koordinacinio \u0161tabo karo belaisvi\u0173 klausimais sekretoriaus Dmitrijaus Usovo pasisakymas tre\u010diojoje tarptautin\u0117je konferencijoje <a href=\"https:\/\/crimea-platform.org\/en\/international-conference-crimea-global-understanding-ukraine-through-the-south\/\" rel=\"nofollow noopener\" target=\"_blank\">\u201eCrimea Global\u201c<\/a>.<\/p>\n<p>Savo prane\u0161ime jis teig\u0117, kad ma\u017edaug 16 proc. asmen\u0173, kurie \u0161iuo metu yra belaisviais Ukrainoje, turi Ukrainos pasus, o apie 6 proc. j\u0173 yra Krymo gyventojai. D.Usovas pabr\u0117\u017e\u0117, kad tokiais atvejais vyksta \u201eukrainie\u010di\u0173 mainai \u012f ukrainie\u010dius\u201c ir kad valstyb\u0117 privalo ie\u0161koti teisinio sprendimo, jog \u0161ie \u017emon\u0117s neb\u016bt\u0173 gr\u0105\u017einami \u012f Rusij\u0105, o likt\u0173 Ukrainoje, jos jurisdikcijoje.<\/p>\n<p>Kitaip tariant, kalba \u0117jo ne apie Rusijos pilie\u010dius, bet apie Ukrainos pilie\u010dius, kuriuos Rusija neteis\u0117tai mobilizavo laikinai okupuotose teritorijose ir i\u0161siunt\u0117 kariauti prie\u0161 Ukrain\u0105.<\/p>\n<p>D.Usovas taip pat prid\u016br\u0117, kad \u0161iuo metu rengiamas \u012fstatymo projektas, kuris sudaryt\u0173 s\u0105lygas Ukrainos pilie\u010diams, esantiems nelaisv\u0117je Ukrainos teritorijoje, \u201epateikti pra\u0161ym\u0105 ir likti valstyb\u0117je\u201c.<\/p>\n<p>Taigi kalbama apie \u017emones, kurie vienu metu yra ir karo nusikaltimo aukos, ir valstyb\u0117s agresor\u0117s karin\u0117s strukt\u016bros priverstiniai dalyviai.<\/p>\n<p> <a href=\"https:\/\/s1.15min.lt\/images\/photos\/2025\/03\/19\/original\/ukraina-susigrazino-kovotojus-is-rusijos-nelaisves-67dad4b82a922.jpg\" rel=\"content-image nofollow noopener\" title=\"V.Zelenskio \u201eTelegram\u201c nuotr.\/Ukraina susigr\u0105\u017eino kovotojus i\u0161 Rusijos nelaisv\u0117s\" target=\"_blank\"><img decoding=\"async\" alt=\"V.Zelenskio \u201eTelegram\u201c nuotr.\/Ukraina susigr\u0105\u017eino kovotojus i\u0161 Rusijos nelaisv\u0117s\" rel=\"content-image\" src=\"https:\/\/www.europesays.com\/lt\/wp-content\/uploads\/2025\/11\/ukraina-susigrazino-kovotojus-is-rusijos-nelaisves-67dad4b82a922.jpg\" style=\"width: auto; height: auto;\"\/><\/a> <\/p>\n<p>V.Zelenskio \u201eTelegram\u201c nuotr.\/Ukraina susigr\u0105\u017eino kovotojus i\u0161 Rusijos nelaisv\u0117s<\/p>\n<p>  Mobilizuoti neteis\u0117tai <\/p>\n<p>Pagal tarptautin\u0119 humanitarin\u0119 teis\u0119, ypa\u010d remiantis <a href=\"https:\/\/e-seimas.lrs.lt\/portal\/legalAct\/lt\/TAD\/TAIS.106269?jfwid=\" rel=\"nofollow noopener\" target=\"_blank\">\u017denevos konvencijos 51 straipsniu<\/a> (\u201eOkupuojanti valstyb\u0117 negali versti Konvencijos saugom\u0173 asmen\u0173 tarnauti savo ginkluotosiose paj\u0117gose ar pagalbin\u0117se jos dalyse. Draud\u017eiamas bet koks spaudimas ar propaganda, agituojanti savanori\u0161kai stoti \u012f karo tarnyb\u0105\u201c) ir Hagos konvencij\u0173 nuostatomis, u\u017egrobt\u0173 (okupuot\u0173) teritorij\u0173 gyventoj\u0173 prievartin\u0117 mobilizacija arba privalomas \u012ftraukimasis \u012f prie\u0161ingos \u0161alies ginkluot\u0105sias paj\u0117gas yra draud\u017eiama.<\/p>\n<p>Okupacin\u0117 vald\u017eia <a href=\"https:\/\/zmina.info\/en\/news-en\/illigal-mobilization-sparks-574-criminal-cases-in-occupied-crimea-crimean-human-rights-groups-report\/\" rel=\"nofollow noopener\" target=\"_blank\">neturi teis\u0117s<\/a> priversti okupuot\u0173 teritorij\u0173 gyventojus tarnauti savo kariuomen\u0117je ar pagalbin\u0117se paj\u0117gose arba vykdyti veiksmus, kurie yra nukreipti prie\u0161 j\u0173 \u0161al\u012f.<\/p>\n<p>Be to, s\u0105lygos priversti tapti kariuomen\u0117s dalimi ar mobilizacija neturi b\u016bti vykdomos spaudimu ar propaganda, siekian\u010dia \u012ftikinti savanori\u0161k\u0105 \u012ftraukim\u0105.<\/p>\n<p><a href=\"https:\/\/kyivindependent.com\/russia-illegally-drafted-5-500-residents-of-occupied-crimea-in-2024-kyiv-says\/\" rel=\"nofollow noopener\" target=\"_blank\">Rusijos vykdoma okupuoto Krymo gyventoj\u0173 mobilizacija<\/a> yra neteis\u0117ta, nes Krymas yra u\u017eimtas regionas, kuris pagal tarptautin\u0119 teis\u0119 priklauso Ukrainai.<\/p>\n<p>Rusijos prievartin\u0117 mobilizacija pa\u017eeid\u017eia tarptautin\u0117s humanitarin\u0117s teis\u0117s normas, \u012fskaitant Ketvirtosios \u017denevos konvencijos ir Hagos konvencij\u0173 nuostatas, be to, tai laikoma karo nusikaltimu pagal <a href=\"https:\/\/e-seimas.lrs.lt\/portal\/legalAct\/lt\/TAD\/TAIS.211305\" rel=\"nofollow noopener\" target=\"_blank\">Tarptautinio baud\u017eiamojo teismo Romos statut\u0105<\/a>.<\/p>\n<p>Taigi, Rusija prievarta mobilizuoja Krymo ir kit\u0173 okupuot\u0173 teritorij\u0173 gyventojus, o v\u0117liau apsikeitimo procesuose pateikia juos kaip \u201eRusijos kari\u0161kius\u201c. Tuo metu Ukrainos pus\u0117 siekia sukurti mechanizm\u0105, kuris leist\u0173 apsaugoti \u0161i\u0173 \u017emoni\u0173 teises.<\/p>\n<p>Svarbu akcentuoti, kad \u0161iuo metu kalbama tik apie galimas teis\u0117s akt\u0173 pataisas, o ne apie jau priimt\u0105 ar galiojant\u012f \u012fstatym\u0105.<\/p>\n<p>Pasak Koordinacinio \u0161tabo atstovo, Auk\u0161\u010diausiojoje Radoje svarstoma pati \u012fstatymo projekto id\u0117ja, kuri draust\u0173 perduoti Rusijai tuos Ukrainos pilie\u010dius, kurie \u012f Rusijos kariuomen\u0119 buvo mobilizuoti neteis\u0117tai.<\/p>\n<p>\u0160iuo metu n\u0117ra n\u0117 vieno oficialiai registruoto \u012fstatymo projekto, kuris numatyt\u0173 apsikeitimo karo belaisviais atsisakym\u0105 ar suteikt\u0173 Ukrainai teis\u0119 \u201emasi\u0161kai negr\u0105\u017einti\u201c Rusijos pilie\u010di\u0173.<\/p>\n<p>15min verdiktas: Manipuliacija. Rusijos propagandos skleid\u017eiami teiginiai, es\u0105 Ukraina rengiasi priimti \u012fstatym\u0105, kuris \u201eleis neatiduoti Rusijai karo belaisvi\u0173\u201c, yra manipuliacija. Pirma, kalbama ne apie Rusijos pilie\u010dius, o apie Ukrainos pilie\u010dius, kuriuos Rusija neteis\u0117tai mobilizavo okupuotose teritorijose ir paskui pateikia kaip \u201erus\u0173 karius\u201c. Antra, Ukrainoje \u0161iuo metu n\u0117ra jokio registruoto \u012fstatymo projekto, kuris atsisakyt\u0173 apsikeitimo karo belaisviais ar suteikt\u0173 teis\u0119 \u201emasi\u0161kai neatiduoti\u201c Rusijos kari\u0173.<\/p>\n<p>Publikacija parengta 15min <a href=\"https:\/\/www.15min.lt\/naujiena\/aktualu\/lietuva\/patikrinta-15min-bendradarbiaus-su-facebook-tikrinant-faktus-56-1135756?fbclid=IwAR2tsEYkUpC9Xw1Fe9LbRpby5ts4cYicfxhuWLsoSfxjT8BzxqzCrrv1zjo\" target=\"_blank\" rel=\"nofollow noopener\">bendradarbiaujant su \u201eMeta\u201c<\/a>, kuria siekiama stabdyti klaidinan\u010di\u0173 naujien\u0173 plitim\u0105 socialiniame tinkle. <a href=\"https:\/\/www.15min.lt\/patikrinta-15min\/partneryste-su-facebook\" target=\"_blank\" rel=\"nofollow noopener\">Daugiau apie program\u0105 ir jos taisykles \u2013 \u010dia<\/a>.<\/p>\n","protected":false},"excerpt":{"rendered":"Ji teigia, es\u0105 Ukraina ketina priimti \u012fstatym\u0105, kuris leis \u201eneatiduoti Rusijai karo belaisvi\u0173\u201c. Anot jos, toki\u0105 iniciatyv\u0105 neva&hellip;\n","protected":false},"author":2,"featured_media":46922,"comment_status":"","ping_status":"","sticky":false,"template":"","format":"standard","meta":{"footnotes":""},"categories":[15],"tags":[25,30,31,34,35,24,32,33,37,39,36,38,40,23,22,44,28,29,26,27,74,75,76],"class_list":{"0":"post-46921","1":"post","2":"type-post","3":"status-publish","4":"format-standard","5":"has-post-thumbnail","7":"category-pasaulis","8":"tag-antrastes","9":"tag-breaking-news","10":"tag-breakingnews","11":"tag-featured-news","12":"tag-featurednews","13":"tag-headlines","14":"tag-latest-news","15":"tag-latestnews","16":"tag-lietuva","17":"tag-lietuviu","18":"tag-lithuania","19":"tag-lithuanian","20":"tag-lt","21":"tag-naujienos","22":"tag-news","23":"tag-pasaulis","24":"tag-populiariausios-naujienos","25":"tag-populiariausiosnaujienos","26":"tag-top-stories","27":"tag-topstories","28":"tag-world","29":"tag-world-news","30":"tag-worldnews"},"share_on_mastodon":{"url":"","error":""},"_links":{"self":[{"href":"https:\/\/www.europesays.com\/lt\/wp-json\/wp\/v2\/posts\/46921","targetHints":{"allow":["GET"]}}],"collection":[{"href":"https:\/\/www.europesays.com\/lt\/wp-json\/wp\/v2\/posts"}],"about":[{"href":"https:\/\/www.europesays.com\/lt\/wp-json\/wp\/v2\/types\/post"}],"author":[{"embeddable":true,"href":"https:\/\/www.europesays.com\/lt\/wp-json\/wp\/v2\/users\/2"}],"replies":[{"embeddable":true,"href":"https:\/\/www.europesays.com\/lt\/wp-json\/wp\/v2\/comments?post=46921"}],"version-history":[{"count":0,"href":"https:\/\/www.europesays.com\/lt\/wp-json\/wp\/v2\/posts\/46921\/revisions"}],"wp:featuredmedia":[{"embeddable":true,"href":"https:\/\/www.europesays.com\/lt\/wp-json\/wp\/v2\/media\/46922"}],"wp:attachment":[{"href":"https:\/\/www.europesays.com\/lt\/wp-json\/wp\/v2\/media?parent=46921"}],"wp:term":[{"taxonomy":"category","embeddable":true,"href":"https:\/\/www.europesays.com\/lt\/wp-json\/wp\/v2\/categories?post=46921"},{"taxonomy":"post_tag","embeddable":true,"href":"https:\/\/www.europesays.com\/lt\/wp-json\/wp\/v2\/tags?post=46921"}],"curies":[{"name":"wp","href":"https:\/\/api.w.org\/{rel}","templated":true}]}}