{"id":46999,"date":"2025-11-24T18:59:07","date_gmt":"2025-11-24T18:59:07","guid":{"rendered":"https:\/\/www.europesays.com\/lt\/46999\/"},"modified":"2025-11-24T18:59:07","modified_gmt":"2025-11-24T18:59:07","slug":"lenkija-del-holokausto-muziejaus-iraso-iskviete-izraelio-ambasadoriu","status":"publish","type":"post","link":"https:\/\/www.europesays.com\/lt\/46999\/","title":{"rendered":"Lenkija d\u0117l Holokausto muziejaus \u012fra\u0161o i\u0161kviet\u0117 Izraelio ambasadori\u0173"},"content":{"rendered":"<p>Sekmadien\u012f paskelbtame muziejaus \u012fra\u0161e buvo minimos 1939 met\u0173 antisemitinio \u012fsakymo metin\u0117s, ta\u010diau jame nebuvo pamin\u0117ta, kad Lenkija tuo metu buvo okupuota nacistin\u0117s Vokietijos, ir tai suk\u0117l\u0117 pikt\u0105 Lenkijos u\u017esienio reikal\u0173 ministro Radoslawo Sikorskio (Radoslavo Sikorskio) reakcij\u0105.<\/p>\n<p>Nepaisant grie\u017et\u0173 Lenkijos vadov\u0173 protest\u0173, \u201eklaidinanti publikacija nebuvo i\u0161taisyta\u201c, ra\u0161\u0117 R. Sikorskis socialiniame tinkle \u201eX\u201c.<\/p>\n<p>\u201eNusprend\u017eiau i\u0161kviesti Izraelio ambasadori\u0173 \u012f U\u017esienio reikal\u0173 ministerij\u0105\u201c, \u2013 ra\u0161\u0117 jis angl\u0173 kalba.<\/p>\n<p>Tekste n\u0117ra teigiama, kad Lenkija primet\u0117 \u017eydams Dovydo \u017evaig\u017ed\u0117s simbol\u012f, ta\u010diau d\u0117l netikslumo memorialas sulauk\u0117 daug kritikos.<\/p>\n<p>Lenkijos ministras pirmininkas Donaldas Tuskas netgi u\u017esimin\u0117, kad tai \u201egalb\u016bt buvo ne klaida, o s\u0105moningas veiksmas\u201c.<\/p>\n<p>Lenkijos u\u017esienio reikal\u0173 ministerijos atstovas Maciejus Wewioras (Macejus Vevioras) taip pat i\u0161rei\u0161k\u0117 susir\u016bpinim\u0105 d\u0117l s\u0105moningo veiksmo, atsi\u017evelgiant \u012f tai, kad \u201eYad Vashem\u201c netrukus planuoja atidaryti filial\u0105 Vokietijoje\u201c.<\/p>\n<p>\u201eNuo\u0161ird\u017eiai tikim\u0117s, kad \u0161i melaginga ir istori\u0161kai netiksli informacija neturi nieko su tuo bendra\u201c, \u2013 prid\u016br\u0117 jis, leisdamas suprasti, kad \u201eYad Vashem\u201c bando sumenkinti nacistin\u0117s Vokietijos atsakomyb\u0119.<\/p>\n<p>Taip pat \u201eX\u201c Au\u0161vico memorialo \u2013 naci\u0173 okupuotoje Lenkijoje \u012fkurtos koncentracijos stovyklos, kurioje 1940\u20131945 metais \u017euvo milijonas Europos \u017eyd\u0173 \u2013 paskyroje primenama, kad \u201eb\u016btent Vokietija \u012fved\u0117 ir \u012fgyvendino \u0161\u012f antisemitin\u012f \u012fstatym\u0105\u201c.<\/p>\n<p>Atsakydamas \u012f tai, \u201eYad Vashem\u201c vadovas Dani Dayanas (Danis Dajanas) \u201eX\u201c para\u0161\u0117: \u201eLenkija i\u0161 ties\u0173 buvo okupuota Vokietijos. Tai ai\u0161kiai atsispindi m\u016bs\u0173 med\u017eiagoje. Bet koks kitoks ai\u0161kinimas neteisingai interpretuoja m\u016bs\u0173 \u012fsipareigojim\u0105 siekti tikslumo.\u201c<\/p>\n<p>Socialiniuose tinkluose paskelbtame tekste teigiama, kad \u201e1939 met\u0173 lapkri\u010dio 23 dien\u0105 Generalgubernijos gubernatorius Hansas Frankas i\u0161leido \u012fsakym\u0105, pagal kur\u012f visi \u017eydai nuo 10 met\u0173 am\u017eiaus privalo ne\u0161ioti ant de\u0161in\u0117s rankos 10 cm plo\u010dio balto audinio apyrank\u0119 su m\u0117lyna Dovydo \u017evaig\u017ede\u201c.<\/p>\n<p>\u201eGeneralgubernija\u201c buvo naci\u0173 administracija okupuotoje Lenkijoje.<\/p>\n<p>H. Frankas Niurnbergo procese buvo nuteistas mirties bausme ir 1946 metais pakartas.<\/p>\n","protected":false},"excerpt":{"rendered":"Sekmadien\u012f paskelbtame muziejaus \u012fra\u0161e buvo minimos 1939 met\u0173 antisemitinio \u012fsakymo metin\u0117s, ta\u010diau jame nebuvo pamin\u0117ta, kad Lenkija tuo&hellip;\n","protected":false},"author":2,"featured_media":47000,"comment_status":"","ping_status":"","sticky":false,"template":"","format":"standard","meta":{"footnotes":""},"categories":[15],"tags":[25,30,31,34,35,24,32,33,37,39,36,38,40,23,22,44,28,29,26,27,74,75,76],"class_list":{"0":"post-46999","1":"post","2":"type-post","3":"status-publish","4":"format-standard","5":"has-post-thumbnail","7":"category-pasaulis","8":"tag-antrastes","9":"tag-breaking-news","10":"tag-breakingnews","11":"tag-featured-news","12":"tag-featurednews","13":"tag-headlines","14":"tag-latest-news","15":"tag-latestnews","16":"tag-lietuva","17":"tag-lietuviu","18":"tag-lithuania","19":"tag-lithuanian","20":"tag-lt","21":"tag-naujienos","22":"tag-news","23":"tag-pasaulis","24":"tag-populiariausios-naujienos","25":"tag-populiariausiosnaujienos","26":"tag-top-stories","27":"tag-topstories","28":"tag-world","29":"tag-world-news","30":"tag-worldnews"},"share_on_mastodon":{"url":"https:\/\/pubeurope.com\/@lt\/115606216256853302","error":""},"_links":{"self":[{"href":"https:\/\/www.europesays.com\/lt\/wp-json\/wp\/v2\/posts\/46999","targetHints":{"allow":["GET"]}}],"collection":[{"href":"https:\/\/www.europesays.com\/lt\/wp-json\/wp\/v2\/posts"}],"about":[{"href":"https:\/\/www.europesays.com\/lt\/wp-json\/wp\/v2\/types\/post"}],"author":[{"embeddable":true,"href":"https:\/\/www.europesays.com\/lt\/wp-json\/wp\/v2\/users\/2"}],"replies":[{"embeddable":true,"href":"https:\/\/www.europesays.com\/lt\/wp-json\/wp\/v2\/comments?post=46999"}],"version-history":[{"count":0,"href":"https:\/\/www.europesays.com\/lt\/wp-json\/wp\/v2\/posts\/46999\/revisions"}],"wp:featuredmedia":[{"embeddable":true,"href":"https:\/\/www.europesays.com\/lt\/wp-json\/wp\/v2\/media\/47000"}],"wp:attachment":[{"href":"https:\/\/www.europesays.com\/lt\/wp-json\/wp\/v2\/media?parent=46999"}],"wp:term":[{"taxonomy":"category","embeddable":true,"href":"https:\/\/www.europesays.com\/lt\/wp-json\/wp\/v2\/categories?post=46999"},{"taxonomy":"post_tag","embeddable":true,"href":"https:\/\/www.europesays.com\/lt\/wp-json\/wp\/v2\/tags?post=46999"}],"curies":[{"name":"wp","href":"https:\/\/api.w.org\/{rel}","templated":true}]}}