{"id":47687,"date":"2025-11-25T16:36:17","date_gmt":"2025-11-25T16:36:17","guid":{"rendered":"https:\/\/www.europesays.com\/lt\/47687\/"},"modified":"2025-11-25T16:36:17","modified_gmt":"2025-11-25T16:36:17","slug":"del-kontrabandiniu-balionu-susisiekimo-ministro-kreipimasis-i-generaline-prokuratura-verslas","status":"publish","type":"post","link":"https:\/\/www.europesays.com\/lt\/47687\/","title":{"rendered":"D\u0117l kontrabandini\u0173 balion\u0173 \u2013 susisiekimo ministro kreipimasis \u012f Generalin\u0119 prokurat\u016br\u0105 | Verslas"},"content":{"rendered":"<p style=\"text-align:justify\">\u201eEism\u0105 ore trikdantys ir pavoj\u0173 keleivi\u0173 saugumui keliantys balion\u0173 skryd\u017eiai kelia gr\u0117sm\u0119 nacionaliniam saugumui, valstyb\u0117s suverenitetui, teritorijos vientisumui ir ekonomikos galiai. Tik\u0117tina, kad tokio pob\u016bd\u017eio veiklose galimai dalyvauja ir Lietuvos teritorijoje esantys asmenys, taip prisid\u0117dami prie kitos valstyb\u0117s veiksm\u0173 prie\u0161 Lietuv\u0105. Tai yra visi\u0161kai nepriimtina ir turi sulaukti grie\u017e\u010diausi\u0173 atsako priemoni\u0173\u201c, \u2013 pabr\u0117\u017eia susisiekimo ministras J.Taminskas.<\/p>\n<p style=\"text-align:justify\">D\u0117l kontrabandai i\u0161 Baltarusijos gabenti naudojam\u0173 balion\u0173 2025 m. spalio\u2013lapkri\u010dio m\u0117nesiais Lietuvoje teko net 9 kartus stabdyti Vilniaus oro uosto darb\u0105, paveikiant apie 250 skryd\u017ei\u0173 ir 36 t\u016bkst. keleivi\u0173. Kart\u0105 buvo laikinai stabdomas ir Kauno oro uosto darbas.<\/p>\n<p style=\"text-align:justify\">Baud\u017eiamojo kodekso 118 straipsnio 1 dalyje nustatyta, jog \u201eTas, kas pad\u0117jo kitai valstybei ar jos organizacijai veikti prie\u0161 Lietuvos Respublik\u0105 \u2013 jos konstitucin\u0119 santvark\u0105, suverenitet\u0105, teritorijos vientisum\u0105, gynybos ar ekonomikos gali\u0105, baud\u017eiamas laisv\u0117s at\u0117mimu nuo dvej\u0173 iki septyneri\u0173 met\u0173\u201c.<\/p>\n<p style=\"text-align:justify\">Primename, kad d\u0117l balion\u0173 sukelt\u0173 gr\u0117smi\u0173 Lietuvos oro uostai (LTOU) pra\u0117jusi\u0105 savait\u0119 taip pat kreip\u0117si \u012f Generalin\u0119 prokurat\u016br\u0105. Tokiu b\u016bdu siekiama nustatyti pa\u017eeid\u0117jus, patraukti juos baud\u017eiamojon atsakomyb\u0117n ir atlyginti oro uost\u0173 bei j\u0173 partneri\u0173 patirt\u0105 \u017eal\u0105.<\/p>\n<p style=\"text-align:justify\">Reaguodamas \u012f suaktyv\u0117jusius Lietuvos oro erdv\u0117s pa\u017eeidimus, kuriuos sukelia i\u0161 Baltarusijos teritorijos paleid\u017eiami kontrabandiniai balionai, susisiekimo ministras J. Taminskas spalio pabaigoje oficialiai kreip\u0117si ir \u012f Tarptautin\u0117s civilin\u0117s aviacijos organizacij\u0105 (ICAO) bei Europos Komisij\u0105.<\/p>\n","protected":false},"excerpt":{"rendered":"\u201eEism\u0105 ore trikdantys ir pavoj\u0173 keleivi\u0173 saugumui keliantys balion\u0173 skryd\u017eiai kelia gr\u0117sm\u0119 nacionaliniam saugumui, valstyb\u0117s suverenitetui, teritorijos vientisumui&hellip;\n","protected":false},"author":2,"featured_media":47688,"comment_status":"","ping_status":"","sticky":false,"template":"","format":"standard","meta":{"footnotes":""},"categories":[6],"tags":[25,30,31,34,35,24,32,33,37,39,36,38,40,23,22,28,29,26,27],"class_list":{"0":"post-47687","1":"post","2":"type-post","3":"status-publish","4":"format-standard","5":"has-post-thumbnail","7":"category-antrastes","8":"tag-antrastes","9":"tag-breaking-news","10":"tag-breakingnews","11":"tag-featured-news","12":"tag-featurednews","13":"tag-headlines","14":"tag-latest-news","15":"tag-latestnews","16":"tag-lietuva","17":"tag-lietuviu","18":"tag-lithuania","19":"tag-lithuanian","20":"tag-lt","21":"tag-naujienos","22":"tag-news","23":"tag-populiariausios-naujienos","24":"tag-populiariausiosnaujienos","25":"tag-top-stories","26":"tag-topstories"},"share_on_mastodon":{"url":"https:\/\/pubeurope.com\/@lt\/115611315930689203","error":""},"_links":{"self":[{"href":"https:\/\/www.europesays.com\/lt\/wp-json\/wp\/v2\/posts\/47687","targetHints":{"allow":["GET"]}}],"collection":[{"href":"https:\/\/www.europesays.com\/lt\/wp-json\/wp\/v2\/posts"}],"about":[{"href":"https:\/\/www.europesays.com\/lt\/wp-json\/wp\/v2\/types\/post"}],"author":[{"embeddable":true,"href":"https:\/\/www.europesays.com\/lt\/wp-json\/wp\/v2\/users\/2"}],"replies":[{"embeddable":true,"href":"https:\/\/www.europesays.com\/lt\/wp-json\/wp\/v2\/comments?post=47687"}],"version-history":[{"count":0,"href":"https:\/\/www.europesays.com\/lt\/wp-json\/wp\/v2\/posts\/47687\/revisions"}],"wp:featuredmedia":[{"embeddable":true,"href":"https:\/\/www.europesays.com\/lt\/wp-json\/wp\/v2\/media\/47688"}],"wp:attachment":[{"href":"https:\/\/www.europesays.com\/lt\/wp-json\/wp\/v2\/media?parent=47687"}],"wp:term":[{"taxonomy":"category","embeddable":true,"href":"https:\/\/www.europesays.com\/lt\/wp-json\/wp\/v2\/categories?post=47687"},{"taxonomy":"post_tag","embeddable":true,"href":"https:\/\/www.europesays.com\/lt\/wp-json\/wp\/v2\/tags?post=47687"}],"curies":[{"name":"wp","href":"https:\/\/api.w.org\/{rel}","templated":true}]}}