{"id":47705,"date":"2025-11-25T17:00:15","date_gmt":"2025-11-25T17:00:15","guid":{"rendered":"https:\/\/www.europesays.com\/lt\/47705\/"},"modified":"2025-11-25T17:00:15","modified_gmt":"2025-11-25T17:00:15","slug":"nuo-sausio-keisis-elektros-tarifai-kam-brangs-o-kam-pigs","status":"publish","type":"post","link":"https:\/\/www.europesays.com\/lt\/47705\/","title":{"rendered":"Nuo sausio keisis elektros tarifai: kam brangs, o kam pigs?"},"content":{"rendered":"<p>Valstybin\u0117 energetikos reguliavimo taryba (<a rel=\"noopener nofollow\" target=\"_blank\" href=\"https:\/\/www.delfi.lt\/temos\/vert\" tag-id=\"87337963\">VERT<\/a>) antradien\u012f paskelb\u0117 b\u016bsimo pos\u0117d\u017eio med\u017eiag\u0105. Matyti, kad populiariausias \u201eStandartinis\u201c vienos laiko zonos planas \u012fprastiems visuomeninio tiekimo vartotojams 2026 met\u0173 pirm\u0105j\u012f pusmet\u012f brangt\u0173 apie 7 proc., palyginti su \u0161iuo metu galiojan\u010dia kaina.<\/p>\n<p>I\u0161sami tarif\u0173 lentel\u0117 \u0161iai grupei vartotoj\u0173:<\/p>\n<p>    <img decoding=\"async\" src=\"https:\/\/www.europesays.com\/lt\/wp-content\/uploads\/2025\/11\/c667f217-e300-4a93-a24c-d74c86446cfd.jpg\" loading=\"lazy\" alt=\"Visuomeninio elektros tiekimo planuojami patvirtinti tarifai 2026 met\u0173 I pusm.\"\/>    <\/p>\n<p>Savo ruo\u017etu pa\u017eeid\u017eiam\u0173j\u0173 vartotoj\u0173 atveju \u201eStandartinis\u201c planas nuo sausio pigt\u0173 apie 12 proc. <\/p>\n<p>Pa\u017eeid\u017eiamais vartotojais laikomi buitiniai elektros vartotojai, kurie  gauna ar turi teis\u0119 gauti pinigin\u0119 socialin\u0119 param\u0105 nepasiturintiems gyventojams, asmenys su negalia arba gaunantys \u0161alpos senatv\u0117s pensij\u0105 ar \u0161alpos kompensacij\u0105. <\/p>\n<p>VERT duomenimis, <a rel=\"noopener nofollow\" target=\"_blank\" href=\"https:\/\/www.delfi.lt\/temos\/visuomeninis-tiekimas\" tag-id=\"91081599\">visuomeninis tiekimas<\/a> taikomas apie 467 t\u016bkst. gyventoj\u0173 ir juridini\u0173 asmen\u0173, kuriems taikomi buitini\u0173 vartotoj\u0173 tarifai. \u0160i\u0105 paslaug\u0105 u\u017etikrina bendrov\u0117 \u201eIgnitis\u201c, kuri dabar aptarnauja 119 t\u016bkst. pa\u017eeid\u017eiam\u0173 vartotoj\u0173. Kit\u0105met toki\u0173 vartotoj\u0173 bus 145 t\u016bkst., prognozuoja Energetikos ministerija.<\/p>\n<p>\u0160iai vartotoj\u0173 grupei pirm\u0105 kart\u0105 skiriama atskira tarif\u0173 lentel\u0117:<\/p>\n<p>    <img decoding=\"async\" src=\"https:\/\/www.europesays.com\/lt\/wp-content\/uploads\/2025\/11\/cbc8466c-445a-4850-9b3f-b59f451b281e.jpg\" loading=\"lazy\" alt=\"Visuomeninio elektros tiekimo planuojami patvirtinti tarifai 2026 met\u0173 I pusm. (pa\u017eeid\u017eiami vartotojai)\"\/>    <\/p>\n<p>\u201eDelfi\u201c skai\u010diavimu, jeigu visuomeninio elektros tiekimo vartotojas per m\u0117nes\u012f suvartoja ne daugiau kaip 83 kilovatvalandes (arba iki 1000 kWh) per metus, vadinasi, su jo m\u0117nesio s\u0105skaita nuo sausio did\u0117t\u0173 1,25 euro ir siekt\u0173 apie 18,26 euro (dabar \u2013 17,02 euro). O pa\u017eeid\u017eiamiems vartotojams s\u0105skaita b\u016bt\u0173 14,94 euro.<\/p>\n<p>Vyriausyb\u0117 neseniai pritar\u0117 Energetikos ministerijos si\u016blymui dal\u012f i\u0161 elektros energijos gamintoj\u0173 surinkt\u0173 pajam\u0173 pervir\u0161io l\u0117\u0161\u0173 panaudoti pa\u017eeid\u017eiam\u0173 vartotoj\u0173 elektros energijos kainoms ma\u017einti.<\/p>\n<p>Skai\u010diuojama, kad visuomenin\u012f tiekim\u0105 gaunantiems pa\u017eeid\u017eiamiems vartotojams elektros energijos kaina kit\u0105met gali ma\u017e\u0117ti iki 4 cent\u0173 u\u017e kilovatvaland\u0119, prane\u0161a Vyriausyb\u0117s kanceliarija. <\/p>\n<p>Patvirtintos kainos galios tre\u010diojo rinkos liberalizavimo etapo dalyviams, nepasirinkusiems nepriklausomo tiek\u0117jo. Jie suvartoja ma\u017eiau nei 1000 kilovatvaland\u017ei\u0173 per metus.<\/p>\n","protected":false},"excerpt":{"rendered":"Valstybin\u0117 energetikos reguliavimo taryba (VERT) antradien\u012f paskelb\u0117 b\u016bsimo pos\u0117d\u017eio med\u017eiag\u0105. Matyti, kad populiariausias \u201eStandartinis\u201c vienos laiko zonos planas&hellip;\n","protected":false},"author":2,"featured_media":47706,"comment_status":"","ping_status":"","sticky":false,"template":"","format":"standard","meta":{"footnotes":""},"categories":[6],"tags":[25,30,31,543,1058,34,35,24,1229,32,33,37,39,36,38,40,23,22,28,29,26,27,4677,12106],"class_list":{"0":"post-47705","1":"post","2":"type-post","3":"status-publish","4":"format-standard","5":"has-post-thumbnail","7":"category-antrastes","8":"tag-antrastes","9":"tag-breaking-news","10":"tag-breakingnews","11":"tag-elektra","12":"tag-elektros-kaina","13":"tag-featured-news","14":"tag-featurednews","15":"tag-headlines","16":"tag-ignitis","17":"tag-latest-news","18":"tag-latestnews","19":"tag-lietuva","20":"tag-lietuviu","21":"tag-lithuania","22":"tag-lithuanian","23":"tag-lt","24":"tag-naujienos","25":"tag-news","26":"tag-populiariausios-naujienos","27":"tag-populiariausiosnaujienos","28":"tag-top-stories","29":"tag-topstories","30":"tag-vert","31":"tag-visuomeninis-tiekimas"},"share_on_mastodon":{"url":"https:\/\/pubeurope.com\/@lt\/115611410430796553","error":""},"_links":{"self":[{"href":"https:\/\/www.europesays.com\/lt\/wp-json\/wp\/v2\/posts\/47705","targetHints":{"allow":["GET"]}}],"collection":[{"href":"https:\/\/www.europesays.com\/lt\/wp-json\/wp\/v2\/posts"}],"about":[{"href":"https:\/\/www.europesays.com\/lt\/wp-json\/wp\/v2\/types\/post"}],"author":[{"embeddable":true,"href":"https:\/\/www.europesays.com\/lt\/wp-json\/wp\/v2\/users\/2"}],"replies":[{"embeddable":true,"href":"https:\/\/www.europesays.com\/lt\/wp-json\/wp\/v2\/comments?post=47705"}],"version-history":[{"count":0,"href":"https:\/\/www.europesays.com\/lt\/wp-json\/wp\/v2\/posts\/47705\/revisions"}],"wp:featuredmedia":[{"embeddable":true,"href":"https:\/\/www.europesays.com\/lt\/wp-json\/wp\/v2\/media\/47706"}],"wp:attachment":[{"href":"https:\/\/www.europesays.com\/lt\/wp-json\/wp\/v2\/media?parent=47705"}],"wp:term":[{"taxonomy":"category","embeddable":true,"href":"https:\/\/www.europesays.com\/lt\/wp-json\/wp\/v2\/categories?post=47705"},{"taxonomy":"post_tag","embeddable":true,"href":"https:\/\/www.europesays.com\/lt\/wp-json\/wp\/v2\/tags?post=47705"}],"curies":[{"name":"wp","href":"https:\/\/api.w.org\/{rel}","templated":true}]}}