{"id":48326,"date":"2025-11-26T13:56:10","date_gmt":"2025-11-26T13:56:10","guid":{"rendered":"https:\/\/www.europesays.com\/lt\/48326\/"},"modified":"2025-11-26T13:56:10","modified_gmt":"2025-11-26T13:56:10","slug":"sunku-patiketi-ka-witkoffas-prisnekejo-usakovui-pateikiamas-visas-pokalbis-delfi","status":"publish","type":"post","link":"https:\/\/www.europesays.com\/lt\/48326\/","title":{"rendered":"Sunku patik\u0117ti, k\u0105 Witkoffas pri\u0161nek\u0117jo U\u0161akovui: pateikiamas visas pokalbis &#8211; Delfi"},"content":{"rendered":"<ol>\n<li><a href=\"https:\/\/news.google.com\/rss\/articles\/CBMiwwFBVV95cUxPSHllWjRiSUpydVZsR0ItdjhhSmFHSUtkQkVJV0VDUG9yYVI3SVhnR3BIU25IcmVZMTJTQ2g2Tk9uT2hMT2VPbi10QmZ2TFJNM3g5UzdaWjdkZEYwdURONUduWFVMU0xNeDR4NUQwYjBtQVpPQ2xLLVZlLW9HLXBWanphNXdicmEzNmFTUTd6RTFPWkoxUjZfQ01MSURIb2VoUGlERXdMUFpEczFFTGpKMUIxcU9HeDBjN3lTd2U0ajBfU0U?oc=5\" target=\"_blank\" rel=\"nofollow noopener\">Sunku patik\u0117ti, k\u0105 Witkoffas pri\u0161nek\u0117jo U\u0161akovui: pateikiamas visas pokalbis<\/a>&nbsp;&nbsp;Delfi<\/li>\n<li><a href=\"https:\/\/news.google.com\/rss\/articles\/CBMi1AFBVV95cUxOcVlrbk1Hc0Y4eXRfd3VGMkpzRWJjR3hxdlVZX0Z5cFo1T2dlTUJPbFlaRVY5NlpycWJFUVRCZmR0WUdMLUhPV0JwTTdEX2dUUVBLNUFHTlFjRXo4bmhBaEx0a3NPOEowemE2ek5YRm1mejNVOHNZZUt0WTVNdVlEakRVQ3o2U3k2WmhzMUg5RUNwaDQ1amZCdElEbW5FS0t6MzJwRG1LVllhTXNZR20xX3Q4Wk1TZ1lKV0R0SlN3VVhxQl9ORkQxbHAxU2hBNDQwYnhQSA?oc=5\" target=\"_blank\" rel=\"nofollow noopener\">WSJ atskleid\u0117, kod\u0117l Trumpas i\u0161 tikr\u0173j\u0173 atsisak\u0117 duoti Zelenskiui \u201eTomahawk\u201c raket\u0173<\/a>&nbsp;&nbsp;15min.lt<\/li>\n<li><a href=\"https:\/\/news.google.com\/rss\/articles\/CBMiygFBVV95cUxOeks5Nk1ZMmVLNUFwWmZEcERTUGpTckY1NWlaQ3BTZURHVGY2b1dNTF9VWndJWDh6dUljNTlGV1Q4elEwT2VrUDhid3JPRG1SU1JfTm03dGtlUXBiYjctZnQ0d2JVWGctbFVLZGs5TUtLbUtNWDkzcXFLaTVPOHJFNGtHSTZpRmR2TjVoNnNRb3NJcUU5eGVWd0pKUnVzNVJjc3l0YmhTb2M3UE1SVUVEUVlJamVwZVdjdmk2d19ERUx2RllMaW9VYVpB?oc=5\" target=\"_blank\" rel=\"nofollow noopener\">D. Trumpas sureagavo \u012f skandaling\u0105 S. Witkoffo ir J. U\u0161akovo skambut\u012f<\/a>&nbsp;&nbsp;Lrytas<\/li>\n<li><a href=\"https:\/\/news.google.com\/rss\/articles\/CBMiygFBVV95cUxNdGY4WmJ2TnMtSTdtNFBoVFo5WGpScVhLUFNQVXpXUE9pZ203WHB2Q1pNbUxpWjRjemRWeWhuWjMyOFFTZmpNZ0tnQ0p4QkdVbXh1QlhpdG9wWURxSHZWa0JaeGJGM1AyMHpwR3dhd1BLeXR5VjJybkVaQWdFYUNhbldQU3I2ZXVHMGstR3g4Y3gzbVNmTTlTU0NfME1HYUxGMW1QMVhjZ21ZdUU4TlgzZGtxTkxQdUZRODZ5cDZLSzNjaUQ5c0V1RDBn?oc=5\" target=\"_blank\" rel=\"nofollow noopener\">Karas Ukrainoje. WSJ: Witkoffo pokalbis su U\u0161akovu l\u0117m\u0117, kad Ukraina negavo \u201eTomahawk\u201c<\/a>&nbsp;&nbsp;LRT<\/li>\n<li><a href=\"https:\/\/news.google.com\/rss\/articles\/CBMi9gFBVV95cUxNZlRTX3BBdTlwN1JXaDIwVGZFR2pBdG0xSi1zT19JTjVQQWNGQlp1X3NaOTUwM1kxMTg4WUp2bFZJdmRNU0dadVAxSFlBd1NDd3I2cTZQSnEtSC1MOWM4Y1RJTEVyTER2ZXRNSDRsNTRhVXBQeDh5Zy1vRXFNYnR3dGFKNHRnQ1lfQnBiUzdRcm5FQU5vdGdPRnZlSlhPMEprUXo2RkVVT0FFQmNNUnhnRTJ0M21FOTh4V3JGVDF2cXVRZXA2dXgycnFoZkZEb1hhaUVudEdXWVFSTXYxWVBTLUFMaXpjejdaMGpVcFBscXZELVlKVkE?oc=5\" target=\"_blank\" rel=\"nofollow noopener\">JAV pasiuntinys patar\u0117 rus\u0173 pareig\u016bnui kaip kalb\u0117tis su Donaldu Trumpu d\u0117l karo Ukrainoje<\/a>&nbsp;&nbsp;Kauno diena<\/li>\n<\/ol>\n","protected":false},"excerpt":{"rendered":"Sunku patik\u0117ti, k\u0105 Witkoffas pri\u0161nek\u0117jo U\u0161akovui: pateikiamas visas pokalbis&nbsp;&nbsp;Delfi WSJ atskleid\u0117, kod\u0117l Trumpas i\u0161 tikr\u0173j\u0173 atsisak\u0117 duoti Zelenskiui&hellip;\n","protected":false},"author":2,"featured_media":48327,"comment_status":"","ping_status":"","sticky":false,"template":"","format":"standard","meta":{"footnotes":""},"categories":[15],"tags":[25,30,31,34,35,24,5240,32,33,37,39,36,38,40,23,22,44,28,29,3038,26,27,74,75,76],"class_list":{"0":"post-48326","1":"post","2":"type-post","3":"status-publish","4":"format-standard","5":"has-post-thumbnail","7":"category-pasaulis","8":"tag-antrastes","9":"tag-breaking-news","10":"tag-breakingnews","11":"tag-featured-news","12":"tag-featurednews","13":"tag-headlines","14":"tag-jurijus-usakovas","15":"tag-latest-news","16":"tag-latestnews","17":"tag-lietuva","18":"tag-lietuviu","19":"tag-lithuania","20":"tag-lithuanian","21":"tag-lt","22":"tag-naujienos","23":"tag-news","24":"tag-pasaulis","25":"tag-populiariausios-naujienos","26":"tag-populiariausiosnaujienos","27":"tag-steveas-witkoffas","28":"tag-top-stories","29":"tag-topstories","30":"tag-world","31":"tag-world-news","32":"tag-worldnews"},"share_on_mastodon":{"url":"https:\/\/pubeurope.com\/@lt\/115616349157723426","error":""},"_links":{"self":[{"href":"https:\/\/www.europesays.com\/lt\/wp-json\/wp\/v2\/posts\/48326","targetHints":{"allow":["GET"]}}],"collection":[{"href":"https:\/\/www.europesays.com\/lt\/wp-json\/wp\/v2\/posts"}],"about":[{"href":"https:\/\/www.europesays.com\/lt\/wp-json\/wp\/v2\/types\/post"}],"author":[{"embeddable":true,"href":"https:\/\/www.europesays.com\/lt\/wp-json\/wp\/v2\/users\/2"}],"replies":[{"embeddable":true,"href":"https:\/\/www.europesays.com\/lt\/wp-json\/wp\/v2\/comments?post=48326"}],"version-history":[{"count":0,"href":"https:\/\/www.europesays.com\/lt\/wp-json\/wp\/v2\/posts\/48326\/revisions"}],"wp:featuredmedia":[{"embeddable":true,"href":"https:\/\/www.europesays.com\/lt\/wp-json\/wp\/v2\/media\/48327"}],"wp:attachment":[{"href":"https:\/\/www.europesays.com\/lt\/wp-json\/wp\/v2\/media?parent=48326"}],"wp:term":[{"taxonomy":"category","embeddable":true,"href":"https:\/\/www.europesays.com\/lt\/wp-json\/wp\/v2\/categories?post=48326"},{"taxonomy":"post_tag","embeddable":true,"href":"https:\/\/www.europesays.com\/lt\/wp-json\/wp\/v2\/tags?post=48326"}],"curies":[{"name":"wp","href":"https:\/\/api.w.org\/{rel}","templated":true}]}}