{"id":48687,"date":"2025-11-27T00:51:11","date_gmt":"2025-11-27T00:51:11","guid":{"rendered":"https:\/\/www.europesays.com\/lt\/48687\/"},"modified":"2025-11-27T00:51:11","modified_gmt":"2025-11-27T00:51:11","slug":"per-gaisra-honkonge-zuvo-36-zmones-beveik-300-laikomi-dingusiais","status":"publish","type":"post","link":"https:\/\/www.europesays.com\/lt\/48687\/","title":{"rendered":"Per gaisr\u0105 Honkonge \u017euvo 36 \u017emon\u0117s, beveik 300 laikomi dingusiais"},"content":{"rendered":"<p>29 su\u017eeistieji, jo duomenimis, gydomi ligonin\u0117je, septyni\u0173 j\u0173 gyvybei gresia pavojus.<\/p>\n<p>Institucijos gaisr\u0105, kilus\u012f \u201eWang Fuk Court\u201c gyvenamajame komplekse Tai Po rajone, \u00a0priskyr\u0117 auk\u0161\u010diausiai \u2013 5 \u2013 kategorijai. Kod\u0117l kilo gaisras, kol kas nenurodoma.<\/p>\n<p>    <img decoding=\"async\" src=\"https:\/\/www.europesays.com\/lt\/wp-content\/uploads\/2025\/11\/c7645407-7ad2-4489-8b0f-a448549de020.jpg\" loading=\"lazy\" alt=\"Gaisras Honkonge\"\/>      <\/p>\n<p>Anot prane\u0161im\u0173, liepsnos ap\u0117m\u0117 septynis pastatus. Popiet\u0119 sulaukta butuose \u012fstrigusi\u0173 gyventoj\u0173 skambu\u010di\u0173. I\u0161 viso kompleks\u0105 sudaro a\u0161tuoni 32 auk\u0161t\u0173 gyvenamieji namai, kuriuose i\u0161 viso yra beveik 2 t\u016bkst. but\u0173. Visi pastatai d\u0117l renovacijos darb\u0173 buvo apstatyti bambukiniais pastoliais.\u00a0<\/p>\n<p>Nuotraukose ir \u012fra\u0161uose i\u0161 nelaim\u0117s vietos buvo matyti dideli d\u016bm\u0173 debesys, kylantys i\u0161 pastat\u0173.\u00a0<\/p>\n<p>Netoliese esan\u010di\u0173 nam\u0173 gyventojai buvo paraginti b\u016bti u\u017esidarius langus ir duris ir vengti teritorijos aplink degan\u010dius pastatus.<\/p>\n<p>Pasak Honkongo leidinio \u201eSouth China Morning Post\u201c, su ugnimi kovojo daugiau kaip 760 ugniagesi\u0173, taip pat atskub\u0117jo 400 policinink\u0173.<\/p>\n","protected":false},"excerpt":{"rendered":"29 su\u017eeistieji, jo duomenimis, gydomi ligonin\u0117je, septyni\u0173 j\u0173 gyvybei gresia pavojus. Institucijos gaisr\u0105, kilus\u012f \u201eWang Fuk Court\u201c gyvenamajame&hellip;\n","protected":false},"author":2,"featured_media":48688,"comment_status":"","ping_status":"","sticky":false,"template":"","format":"standard","meta":{"footnotes":""},"categories":[15],"tags":[25,30,31,3346,34,35,144,24,598,32,33,37,39,36,38,40,23,22,44,28,29,26,27,74,75,76],"class_list":{"0":"post-48687","1":"post","2":"type-post","3":"status-publish","4":"format-standard","5":"has-post-thumbnail","7":"category-pasaulis","8":"tag-antrastes","9":"tag-breaking-news","10":"tag-breakingnews","11":"tag-elta-uzsienio-naujiena","12":"tag-featured-news","13":"tag-featurednews","14":"tag-gaisras","15":"tag-headlines","16":"tag-honkongas","17":"tag-latest-news","18":"tag-latestnews","19":"tag-lietuva","20":"tag-lietuviu","21":"tag-lithuania","22":"tag-lithuanian","23":"tag-lt","24":"tag-naujienos","25":"tag-news","26":"tag-pasaulis","27":"tag-populiariausios-naujienos","28":"tag-populiariausiosnaujienos","29":"tag-top-stories","30":"tag-topstories","31":"tag-world","32":"tag-world-news","33":"tag-worldnews"},"share_on_mastodon":{"url":"https:\/\/pubeurope.com\/@lt\/115618924685331498","error":""},"_links":{"self":[{"href":"https:\/\/www.europesays.com\/lt\/wp-json\/wp\/v2\/posts\/48687","targetHints":{"allow":["GET"]}}],"collection":[{"href":"https:\/\/www.europesays.com\/lt\/wp-json\/wp\/v2\/posts"}],"about":[{"href":"https:\/\/www.europesays.com\/lt\/wp-json\/wp\/v2\/types\/post"}],"author":[{"embeddable":true,"href":"https:\/\/www.europesays.com\/lt\/wp-json\/wp\/v2\/users\/2"}],"replies":[{"embeddable":true,"href":"https:\/\/www.europesays.com\/lt\/wp-json\/wp\/v2\/comments?post=48687"}],"version-history":[{"count":0,"href":"https:\/\/www.europesays.com\/lt\/wp-json\/wp\/v2\/posts\/48687\/revisions"}],"wp:featuredmedia":[{"embeddable":true,"href":"https:\/\/www.europesays.com\/lt\/wp-json\/wp\/v2\/media\/48688"}],"wp:attachment":[{"href":"https:\/\/www.europesays.com\/lt\/wp-json\/wp\/v2\/media?parent=48687"}],"wp:term":[{"taxonomy":"category","embeddable":true,"href":"https:\/\/www.europesays.com\/lt\/wp-json\/wp\/v2\/categories?post=48687"},{"taxonomy":"post_tag","embeddable":true,"href":"https:\/\/www.europesays.com\/lt\/wp-json\/wp\/v2\/tags?post=48687"}],"curies":[{"name":"wp","href":"https:\/\/api.w.org\/{rel}","templated":true}]}}