{"id":48881,"date":"2025-11-27T09:29:08","date_gmt":"2025-11-27T09:29:08","guid":{"rendered":"https:\/\/www.europesays.com\/lt\/48881\/"},"modified":"2025-11-27T09:29:08","modified_gmt":"2025-11-27T09:29:08","slug":"po-saudyniu-vasingtone-jav-stabdo-afganistano-pilieciu-imigracijos-prasymu-nagrinejima","status":"publish","type":"post","link":"https:\/\/www.europesays.com\/lt\/48881\/","title":{"rendered":"Po \u0161audyni\u0173 Va\u0161ingtone JAV stabdo Afganistano pilie\u010di\u0173 imigracijos pra\u0161ym\u0173 nagrin\u0117jim\u0105"},"content":{"rendered":"<p>\u201eVis\u0173 imigracijos pra\u0161ym\u0173, susijusi\u0173 su Afganistano pilie\u010diais, nagrin\u0117jimas nedelsiant stabdomas neribotam laikui, kol bus per\u017ei\u016br\u0117ti saugumo ir patikrinimo protokolai\u201c, \u2013 tinkle \u201eX\u201c teig\u0117 JAV Pilietyb\u0117s ir imigracijos tarnyba.<\/p>\n<p>D. Trumpas kiek anks\u010diau nurod\u0117, kad tre\u010diadienio popiet\u0119 \u012fvyk\u0119s incidentas, kuomet prie\u201eFarragut West\u201c metro stoties, netoli Balt\u0173j\u0173 r\u016bm\u0173, buvo pa\u0161auti du Nacionalin\u0117s gvardijos kariai, yra \u201eteroro aktas\u201c ir kad \u012ftariamas \u0161aulys 2021 m. atvyko i\u0161 Afganistano. Anot pareig\u016bn\u0173, abu gvardie\u010diai yra sunkios b\u016bkl\u0117s.<\/p>\n<p>\u201eRemdamasis geriausiais turimais duomenimis, Vidaus saugumo departamentas yra \u012fsitikin\u0119s, kad sulaikytas \u012ftariamasis yra u\u017esienietis, kuris atvyko \u012f m\u016bs\u0173 \u0161al\u012f i\u0161 Afganistano \u2013 pragaro skyl\u0117s \u017dem\u0117je\u201c, \u2013 vaizdo kreipimesi i\u0161 Palm By\u010do (Florida) sak\u0117 D. Trumpas.<\/p>\n<p>Jis \u0117m\u0117si kaltinti savo pirmtak\u0105 Joe Biden\u0105 ir tvirtino, kad \u012ftariam\u0105j\u012f \u201e2021 m. atskraidino J. Bideno administracija (\u2026) jo statusas buvo prat\u0119stas pagal \u012fstatymus, kuriuos pasira\u0161\u0117 prezidentas J. Bidenas\u201c.<\/p>\n<p>Pasak JAV transliuotojo CNN, \u012ftariamasis 2024 m. papra\u0161\u0117 prieglobs\u010dio, kai J. Bidenas vis dar \u0117jo prezidento pareigas, ta\u010diau pra\u0161ym\u0105 2025 m. baland\u012f patenkino D. Trumpo administracija. D. Trumpas \u012f vald\u017ei\u0105 at\u0117jo 2025 m. saus\u012f.<\/p>\n<p>D. Trumpas tvirtino, kad \u201ekiekvienas svetim\u0161alis, kuris atvyko \u012f m\u016bs\u0173 \u0161al\u012f i\u0161 Afganistano valdant J. Bidenui\u201c, dabar turi b\u016bti dar kart\u0105 patikrintas.\u00a0<\/p>\n<p>\u201eTurime imtis vis\u0173 b\u016btin\u0173 priemoni\u0173, kad i\u0161 bet kurios \u0161alies b\u016bt\u0173 i\u0161si\u0173stas bet kuris svetim\u0161alis, kuriam nepriklauso \u010dia b\u016bti arba kuris neduoda naudos m\u016bs\u0173 \u0161aliai\u201c, \u2013 kalb\u0117jo JAV vadovas.<\/p>\n","protected":false},"excerpt":{"rendered":"\u201eVis\u0173 imigracijos pra\u0161ym\u0173, susijusi\u0173 su Afganistano pilie\u010diais, nagrin\u0117jimas nedelsiant stabdomas neribotam laikui, kol bus per\u017ei\u016br\u0117ti saugumo ir patikrinimo&hellip;\n","protected":false},"author":2,"featured_media":48882,"comment_status":"","ping_status":"","sticky":false,"template":"","format":"standard","meta":{"footnotes":""},"categories":[15],"tags":[25,30,31,3346,34,35,24,223,32,33,37,39,36,38,40,23,22,44,28,29,26,27,74,75,76],"class_list":{"0":"post-48881","1":"post","2":"type-post","3":"status-publish","4":"format-standard","5":"has-post-thumbnail","7":"category-pasaulis","8":"tag-antrastes","9":"tag-breaking-news","10":"tag-breakingnews","11":"tag-elta-uzsienio-naujiena","12":"tag-featured-news","13":"tag-featurednews","14":"tag-headlines","15":"tag-jav","16":"tag-latest-news","17":"tag-latestnews","18":"tag-lietuva","19":"tag-lietuviu","20":"tag-lithuania","21":"tag-lithuanian","22":"tag-lt","23":"tag-naujienos","24":"tag-news","25":"tag-pasaulis","26":"tag-populiariausios-naujienos","27":"tag-populiariausiosnaujienos","28":"tag-top-stories","29":"tag-topstories","30":"tag-world","31":"tag-world-news","32":"tag-worldnews"},"share_on_mastodon":{"url":"https:\/\/pubeurope.com\/@lt\/115620961593916514","error":""},"_links":{"self":[{"href":"https:\/\/www.europesays.com\/lt\/wp-json\/wp\/v2\/posts\/48881","targetHints":{"allow":["GET"]}}],"collection":[{"href":"https:\/\/www.europesays.com\/lt\/wp-json\/wp\/v2\/posts"}],"about":[{"href":"https:\/\/www.europesays.com\/lt\/wp-json\/wp\/v2\/types\/post"}],"author":[{"embeddable":true,"href":"https:\/\/www.europesays.com\/lt\/wp-json\/wp\/v2\/users\/2"}],"replies":[{"embeddable":true,"href":"https:\/\/www.europesays.com\/lt\/wp-json\/wp\/v2\/comments?post=48881"}],"version-history":[{"count":0,"href":"https:\/\/www.europesays.com\/lt\/wp-json\/wp\/v2\/posts\/48881\/revisions"}],"wp:featuredmedia":[{"embeddable":true,"href":"https:\/\/www.europesays.com\/lt\/wp-json\/wp\/v2\/media\/48882"}],"wp:attachment":[{"href":"https:\/\/www.europesays.com\/lt\/wp-json\/wp\/v2\/media?parent=48881"}],"wp:term":[{"taxonomy":"category","embeddable":true,"href":"https:\/\/www.europesays.com\/lt\/wp-json\/wp\/v2\/categories?post=48881"},{"taxonomy":"post_tag","embeddable":true,"href":"https:\/\/www.europesays.com\/lt\/wp-json\/wp\/v2\/tags?post=48881"}],"curies":[{"name":"wp","href":"https:\/\/api.w.org\/{rel}","templated":true}]}}