{"id":49421,"date":"2025-11-27T23:44:12","date_gmt":"2025-11-27T23:44:12","guid":{"rendered":"https:\/\/www.europesays.com\/lt\/49421\/"},"modified":"2025-11-27T23:44:12","modified_gmt":"2025-11-27T23:44:12","slug":"vokietija-parenge-slapta-plana-karui-su-rusija","status":"publish","type":"post","link":"https:\/\/www.europesays.com\/lt\/49421\/","title":{"rendered":"Vokietija pareng\u0117 slapt\u0105 plan\u0105 karui su Rusija"},"content":{"rendered":"<p>Prad\u0117dama pilno masto <a rel=\"noopener nofollow\" target=\"_blank\" href=\"https:\/\/www.delfi.lt\/temos\/karas-ukrainoje\" tag-id=\"73240966\">invazij\u0105 \u012f Ukrain\u0105<\/a> 2022 m. Rusija nutrauk\u0117 de\u0161imtme\u010dius trukus\u012f stabilum\u0105 Europoje. Nuo tada regione prad\u0117ta taip spar\u010diai stiprinti karin\u0119 gali\u0105, kaip niekada anks\u010diau po Antrojo pasaulinio karo pabaigos. Ta\u010diau jeigu ateityje kilt\u0173 karas, jo baigtis priklausyt\u0173 ne vien nuo kari\u0173 ir ginkl\u0173 skai\u010diaus m\u016b\u0161io lauke.<\/p>\n<p>Daug k\u0105 nulemt\u0173 did\u017eiul\u0117s logistikos operacijos s\u0117km\u0117. Tai numatyta \u201eOperaciniame plane Vokietija\u201c \u2013 1,2 t\u016bkst. puslapi\u0173 slaptame dokumente, kuris buvo parengtas u\u017e Juliuso Leberio kareivini\u0173 sien\u0173.<\/p>\n<p>Jame suplanuota kaip 800\u00a0000 vokie\u010di\u0173, amerikie\u010di\u0173 ir kit\u0173 NATO valstybi\u0173 kari\u0173 b\u016bt\u0173 perkeliami \u012f rytus prie fronto linijos. Jame nurodomi uostai, up\u0117s, gele\u017einkeliai ir keliai, kuriais kareiviai keliaut\u0173, ir kaip jie b\u016bt\u0173 apr\u016bpinami ir apsaugomi kelion\u0117s metu.<\/p>\n<p>Timas\u00a0Stuchtey, Brandenburgo visuomen\u0117s ir saugumo instituto vadovas, si\u016blo pa\u017evelgti \u012f \u017eem\u0117lap\u012f. Jis teigia, kad Alpi\u0173 kalnai yra nat\u016bralus barjeras, tod\u0117l karo su Rusija atveju, nesvarbu, kur jis kilt\u0173, NATO kariams tekt\u0173 jud\u0117ti per Vokietij\u0105.<\/p>\n<p>Be to, \u0161io dokumento autoriai kaip niekad ai\u0161kiai iki \u0161iol kalba apie \u201evisuotin\u0119 gynyb\u0105\u201c. Ribos tarp civilin\u0117s ir karin\u0117s sferos susiliejimas primena apie \u0160altojo Karo po\u017ei\u016br\u012f. Ta\u010diau toks po\u017ei\u016bris atnaujintas pagal naujas gr\u0117smes ir i\u0161\u0161\u016bkius, koki\u0173 anks\u010diau nebuvo \u2013 nusid\u0117v\u0117jusi\u0105 Vokietijos infrastrukt\u016br\u0105, netinkamus \u012fstatymus ir ma\u017eesn\u0119 kariuomen\u0119.<\/p>\n<p>Vokietijos atstovai yra sak\u0119, kad Rusija gali b\u016bti pasiruo\u0161usi u\u017epulti NATO 2029 metais. Ta\u010diau pasikartojantys \u0161nipin\u0117jimo atvejai, diversijos ir oro erdv\u0117s pa\u017eeidimai, d\u0117l kuri\u0173 Vakar\u0173 \u017evalgyba kaltina Maskv\u0105, rodo, kad Rusija gali rengtis pulti anks\u010diau.<\/p>\n","protected":false},"excerpt":{"rendered":"Prad\u0117dama pilno masto invazij\u0105 \u012f Ukrain\u0105 2022 m. Rusija nutrauk\u0117 de\u0161imtme\u010dius trukus\u012f stabilum\u0105 Europoje. Nuo tada regione prad\u0117ta&hellip;\n","protected":false},"author":2,"featured_media":49422,"comment_status":"","ping_status":"","sticky":false,"template":"","format":"standard","meta":{"footnotes":""},"categories":[15],"tags":[25,30,31,3346,34,35,24,121,32,33,37,39,36,38,40,23,22,44,28,29,26,27,320,74,75,76],"class_list":{"0":"post-49421","1":"post","2":"type-post","3":"status-publish","4":"format-standard","5":"has-post-thumbnail","7":"category-pasaulis","8":"tag-antrastes","9":"tag-breaking-news","10":"tag-breakingnews","11":"tag-elta-uzsienio-naujiena","12":"tag-featured-news","13":"tag-featurednews","14":"tag-headlines","15":"tag-karas-ukrainoje","16":"tag-latest-news","17":"tag-latestnews","18":"tag-lietuva","19":"tag-lietuviu","20":"tag-lithuania","21":"tag-lithuanian","22":"tag-lt","23":"tag-naujienos","24":"tag-news","25":"tag-pasaulis","26":"tag-populiariausios-naujienos","27":"tag-populiariausiosnaujienos","28":"tag-top-stories","29":"tag-topstories","30":"tag-vokietija","31":"tag-world","32":"tag-world-news","33":"tag-worldnews"},"share_on_mastodon":{"url":"https:\/\/pubeurope.com\/@lt\/115624323490020505","error":""},"_links":{"self":[{"href":"https:\/\/www.europesays.com\/lt\/wp-json\/wp\/v2\/posts\/49421","targetHints":{"allow":["GET"]}}],"collection":[{"href":"https:\/\/www.europesays.com\/lt\/wp-json\/wp\/v2\/posts"}],"about":[{"href":"https:\/\/www.europesays.com\/lt\/wp-json\/wp\/v2\/types\/post"}],"author":[{"embeddable":true,"href":"https:\/\/www.europesays.com\/lt\/wp-json\/wp\/v2\/users\/2"}],"replies":[{"embeddable":true,"href":"https:\/\/www.europesays.com\/lt\/wp-json\/wp\/v2\/comments?post=49421"}],"version-history":[{"count":0,"href":"https:\/\/www.europesays.com\/lt\/wp-json\/wp\/v2\/posts\/49421\/revisions"}],"wp:featuredmedia":[{"embeddable":true,"href":"https:\/\/www.europesays.com\/lt\/wp-json\/wp\/v2\/media\/49422"}],"wp:attachment":[{"href":"https:\/\/www.europesays.com\/lt\/wp-json\/wp\/v2\/media?parent=49421"}],"wp:term":[{"taxonomy":"category","embeddable":true,"href":"https:\/\/www.europesays.com\/lt\/wp-json\/wp\/v2\/categories?post=49421"},{"taxonomy":"post_tag","embeddable":true,"href":"https:\/\/www.europesays.com\/lt\/wp-json\/wp\/v2\/tags?post=49421"}],"curies":[{"name":"wp","href":"https:\/\/api.w.org\/{rel}","templated":true}]}}