{"id":49715,"date":"2025-11-28T10:34:15","date_gmt":"2025-11-28T10:34:15","guid":{"rendered":"https:\/\/www.europesays.com\/lt\/49715\/"},"modified":"2025-11-28T10:34:15","modified_gmt":"2025-11-28T10:34:15","slug":"politico-europa-apkaltino-belgija-darantis-pelna-is-isaldyto-rusijos-turto","status":"publish","type":"post","link":"https:\/\/www.europesays.com\/lt\/49715\/","title":{"rendered":"\u201ePolitico\u201c: Europa apkaltino Belgij\u0105 \u201edarantis\u201c peln\u0105 i\u0161 \u012f\u0161aldyto Rusijos turto"},"content":{"rendered":"<p>Europos Komisija nori, kad visos 27 ES \u0161alys sutikt\u0173 panaudoti \u0161ias Rusijos atsargas Ukrainai kaip kompensacin\u0119 paskol\u0105, skirt\u0105 ketvirtus metus kariaujan\u010dios \u0161alies ekonomikai gelb\u0117ti.<\/p>\n<p>Sprendimas turi b\u016bti priimtas gruod\u017eio 18 d. vyksian\u010diame auk\u0161\u010diausiojo lygio susitikime. Ta\u010diau Belgijos ministras pirmininkas B.de Weveris tam prie\u0161inasi, teigdamas, kad Belgijai gresia pavojus, jei Rusija kada nors pareikalaus gr\u0105\u017einti pinigus.<\/p>\n<p>Pasak straipsnio, penki diplomatai i\u0161 \u012fvairi\u0173 Europos \u0161ali\u0173 skund\u0117si, kad Belgija turi slapt\u0173 motyv\u0173: \u0161is turtas generuoja mokestines pajamas.<\/p>\n<p> <a href=\"https:\/\/s1.15min.lt\/images\/photos\/2025\/05\/12\/original\/eurai-6821dce61e71a.jpg\" rel=\"content-image nofollow noopener\" title=\"Shutterstock nuotr.\/Eurai\" target=\"_blank\"><img decoding=\"async\" alt=\"Shutterstock nuotr.\/Eurai\" rel=\"content-image\" src=\"https:\/\/www.europesays.com\/lt\/wp-content\/uploads\/2025\/11\/eurai-6821dce61e71a.jpg\" style=\"width: auto; height: auto;\"\/><\/a> <\/p>\n<p>Shutterstock nuotr.\/Eurai<\/p>\n<p>Jie primin\u0117, kad pernai Belgija prisi\u0117m\u0117 tarptautin\u012f \u012fsipareigojim\u0105 atskleisti, kaip ji naudoja i\u0161 \u0161i\u0173 fond\u0173 gautus mokes\u010dius \u2013 ir kad \u0161ie pinigai tur\u0117jo atitekti Ukrainai. Ta\u010diau mokes\u010diai vis dar \u012fskaitomi \u012f Belgijos biud\u017eet\u0105, o pa\u017ead\u0173 vykdymo patikrinti ne\u012fmanoma. Savo ruo\u017etu Belgija tvirtina nieko nepa\u017eeid\u017eianti.<\/p>\n<p>Jei Belgija ir toliau blokuos \u012f\u0161aldyt\u0173 l\u0117\u0161\u0173 pervedim\u0105 Ukrainai, diplomatai \u012fsp\u0117jo, kad iki Europos S\u0105jungos auk\u0161\u010diausiojo lygio susitikimo \u0161alys vis da\u017eniau u\u017eduos klausim\u0173, ar Belgija i\u0161 \u0161i\u0173 mokes\u010di\u0173 u\u017edirba pinigus, ar vilkina mok\u0117jimus Kyjivui.<\/p>\n<p>\u201eAtsi\u017evelgiant \u012f nuolatin\u012f v\u0117lavim\u0105, kyla klausimas, ar Briuselis supranta, kad kalbama apie visos Europos saugum\u0105\u201c, \u2013 \u201ePolitico\u201c citavo auk\u0161to rango ES diplomat\u0105.<\/p>\n<p>Ta\u010diau atsekti \u0161i\u0173 l\u0117t\u0173 jud\u0117jim\u0105 sud\u0117tinga. Pavyzd\u017eiui, Kylio institutas apskai\u010diavo, kad nuo karo prad\u017eios iki 2025 m. rugpj\u016b\u010dio 31 d. Belgijos \u012fsipareigojimai Ukrainai i\u0161 viso sudaro 3,44 mlrd. eur\u0173. Palyginimui, vien 2024 m. mokes\u010diai nuo Rusijos turto sudar\u0117 1,7 mlrd. eur\u0173.<\/p>\n<p> <a href=\"https:\/\/s1.15min.lt\/images\/photos\/2025\/11\/06\/original\/bartas-de-weveris-nicolas-landemard-zumapresscom-690cade134ac4.jpg\" rel=\"content-image nofollow noopener\" title=\"Bartas De Weveris \/ Nicolas Landemard \/ ZUMAPRESS.com\" target=\"_blank\"><img decoding=\"async\" alt=\"Bartas De Weveris \/ Nicolas Landemard \/ ZUMAPRESS.com\" rel=\"content-image\" src=\"https:\/\/www.europesays.com\/lt\/wp-content\/uploads\/2025\/11\/bartas-de-weveris-nicolas-landemard-zumapresscom-690cade134ac4.jpg\" style=\"width: auto; height: auto;\"\/><\/a> <\/p>\n<p>Bartas De Weveris \/ Nicolas Landemard \/ ZUMAPRESS.com<\/p>\n<p>Belgijos vyriausyb\u0117 atmet\u0117 toki\u0105 kritik\u0105 ir teig\u0117, kad visi mokes\u010diai u\u017e pajamas i\u0161 turto, laikomo Briuselyje veikian\u010dioje \u201eEuroclear\u201c sistemoje, yra \u201erezervuoti\u201c Ukrainai. Ta\u010diau ji tiesiogiai neatsako, ar \u0161ios l\u0117\u0161os jau pilnai pervestos.<\/p>\n<p>Belgija taip pat tvirtina, kad ji teikia pagalb\u0105 Ukrainai ne tik \u0161iuo mokes\u010diu: nuo 2022 m. ji skyr\u0117 beveik 1 mlrd. eur\u0173 karinei ir kitokiai paramai.<\/p>\n<p>Kadangi Rusijos turtas laikomas Briuselyje esan\u010diame \u201eEuroclear\u201c depozitoriume, Belgija taiko 25 proc. pelno mokest\u012f pajamoms, gaunamoms kaip pal\u016bkanos.<\/p>\n<p>\u201eVisos \u0161ios l\u0117\u0161os yra skirtos Ukrainai: karinei \u012frangai, mokymams ir tam tikriems civiliniams poreikiams, pavyzd\u017eiui, greitosios pagalbos automobiliams\u201c, \u2013 sak\u0117 Belgijos pareig\u016bnas.<\/p>\n<p>Pa\u017eymima, kad ES s\u0105junginink\u0173 susierzinimas auga, nes neskaidrumo problema tur\u0117jo b\u016bti i\u0161spr\u0119sta dar pra\u0117jusiais metais. 2024 m. kai kurios Vakar\u0173 \u0161alys apkaltino Belgij\u0105, kad ji dal\u012f savo mokestini\u0173 pajam\u0173 i\u0161leid\u017eia savo biud\u017eeto reikm\u0117ms.<\/p>\n<p>Atsakydama \u012f tai, vyriausyb\u0117 tuomet pa\u017ead\u0117jo \u0161iuos pinigus pervesti \u012f bendr\u0105 ES ir Did\u017eiojo septyneto (G-7) finansin\u0119 platform\u0105 Ukrainai remti. Ta\u010diau ji to nepadar\u0117 \u2013 ir nepaai\u0161kino kod\u0117l.<\/p>\n<p>Europos vadovai d\u0117l \u012f\u0161aldyt\u0173 l\u0117\u0161\u0173 band\u0117 susitarti jau spalio m\u0117nes\u012f. Ta\u010diau Belgija, kurioje laikoma didel\u0117 dalis Rusijos pinig\u0173, \u0161iam planui pasiprie\u0161ino.<\/p>\n<p>Belgijos premjeras tuomet parei\u0161k\u0117, kad ES planas panaudoti \u012f\u0161aldyt\u0105 Rusijos turt\u0105 Ukrainai finansuoti gali pakenkti galimyb\u0117ms pasiekti galim\u0105 taikos susitarim\u0105.<\/p>\n<p>Ukraina reikalauja, kad Europos s\u0105junginink\u0117s kit\u0105 m\u0117nes\u012f priimt\u0173 politin\u012f sprendim\u0105 d\u0117l 140 mlrd. eur\u0173 reparacij\u0173 paskolos, grind\u017eiamos \u012f\u0161aldytu Rusijos valstyb\u0117s turtu.<\/p>\n","protected":false},"excerpt":{"rendered":"Europos Komisija nori, kad visos 27 ES \u0161alys sutikt\u0173 panaudoti \u0161ias Rusijos atsargas Ukrainai kaip kompensacin\u0119 paskol\u0105, skirt\u0105&hellip;\n","protected":false},"author":2,"featured_media":49716,"comment_status":"","ping_status":"","sticky":false,"template":"","format":"standard","meta":{"footnotes":""},"categories":[15],"tags":[25,30,31,34,35,24,32,33,37,39,36,38,40,23,22,44,28,29,26,27,74,75,76],"class_list":{"0":"post-49715","1":"post","2":"type-post","3":"status-publish","4":"format-standard","5":"has-post-thumbnail","7":"category-pasaulis","8":"tag-antrastes","9":"tag-breaking-news","10":"tag-breakingnews","11":"tag-featured-news","12":"tag-featurednews","13":"tag-headlines","14":"tag-latest-news","15":"tag-latestnews","16":"tag-lietuva","17":"tag-lietuviu","18":"tag-lithuania","19":"tag-lithuanian","20":"tag-lt","21":"tag-naujienos","22":"tag-news","23":"tag-pasaulis","24":"tag-populiariausios-naujienos","25":"tag-populiariausiosnaujienos","26":"tag-top-stories","27":"tag-topstories","28":"tag-world","29":"tag-world-news","30":"tag-worldnews"},"share_on_mastodon":{"url":"https:\/\/pubeurope.com\/@lt\/115626879559549025","error":""},"_links":{"self":[{"href":"https:\/\/www.europesays.com\/lt\/wp-json\/wp\/v2\/posts\/49715","targetHints":{"allow":["GET"]}}],"collection":[{"href":"https:\/\/www.europesays.com\/lt\/wp-json\/wp\/v2\/posts"}],"about":[{"href":"https:\/\/www.europesays.com\/lt\/wp-json\/wp\/v2\/types\/post"}],"author":[{"embeddable":true,"href":"https:\/\/www.europesays.com\/lt\/wp-json\/wp\/v2\/users\/2"}],"replies":[{"embeddable":true,"href":"https:\/\/www.europesays.com\/lt\/wp-json\/wp\/v2\/comments?post=49715"}],"version-history":[{"count":0,"href":"https:\/\/www.europesays.com\/lt\/wp-json\/wp\/v2\/posts\/49715\/revisions"}],"wp:featuredmedia":[{"embeddable":true,"href":"https:\/\/www.europesays.com\/lt\/wp-json\/wp\/v2\/media\/49716"}],"wp:attachment":[{"href":"https:\/\/www.europesays.com\/lt\/wp-json\/wp\/v2\/media?parent=49715"}],"wp:term":[{"taxonomy":"category","embeddable":true,"href":"https:\/\/www.europesays.com\/lt\/wp-json\/wp\/v2\/categories?post=49715"},{"taxonomy":"post_tag","embeddable":true,"href":"https:\/\/www.europesays.com\/lt\/wp-json\/wp\/v2\/tags?post=49715"}],"curies":[{"name":"wp","href":"https:\/\/api.w.org\/{rel}","templated":true}]}}