{"id":49721,"date":"2025-11-28T10:40:11","date_gmt":"2025-11-28T10:40:11","guid":{"rendered":"https:\/\/www.europesays.com\/lt\/49721\/"},"modified":"2025-11-28T10:40:11","modified_gmt":"2025-11-28T10:40:11","slug":"jordanija-po-dvieju-pilieciu-zuties-paragino-rusija-nutraukti-jordanieciu-verbavima","status":"publish","type":"post","link":"https:\/\/www.europesays.com\/lt\/49721\/","title":{"rendered":"Jordanija po dviej\u0173 pilie\u010di\u0173 \u017e\u016bties paragino Rusij\u0105 nutraukti jordanie\u010di\u0173 verbavim\u0105"},"content":{"rendered":"<p>U\u017esienio reikal\u0173 ministerija parei\u0161kime verbavim\u0105 pavadino \u201eJordanijos ir tarptautin\u0117s teis\u0117s pa\u017eeidimu, kelian\u010diu rimt\u0105 pavoj\u0173 pilie\u010diams\u201c.<\/p>\n<p>Ministerijos atstovas Fuadas al Majali (Fuadas Mad\u017ealis) paragino jordanie\u010dius \u201eprane\u0161ti apie bet kokius bandymus juos u\u017everbuoti \u012f Rusijos kariuomen\u0119\u201c ir persp\u0117jo apie teisin\u0119 rizik\u0105 ir \u017e\u016bties pavoj\u0173.<\/p>\n<p>Atstovo teigimu, ministerija \u201epapra\u0161\u0117 rus\u0173 pareig\u016bn\u0173 nutraukti jordanie\u010di\u0173 verbavim\u0105 ir at\u0161aukti vis\u0173 jau priimt\u0173 Jordanijos pilie\u010di\u0173 tarnyb\u0105\u201c.<\/p>\n<p>Ministerija taip pat \u017eino apie bandymus u\u017everbuoti pilie\u010dius internetu, teig\u0117 jis.\u00a0<\/p>\n<p>Pagal \u012fstatymus Jordanijos pilie\u010diams draud\u017eiama prisijungti prie u\u017esienio valstyb\u0117s ginkluot\u0173j\u0173 paj\u0117g\u0173.\u00a0<\/p>\n<p>Ne\u017einoma, kiek jordanie\u010di\u0173 gal\u0117jo b\u016bti u\u017everbuota, ta\u010diau \u0161imtai j\u0173 gyvena Rusijoje, o daugiau nei 20 t\u016bkst. yra studijav\u0119 buvusios Soviet\u0173 S\u0105jungos respublikose, rodo neoficial\u016bs duomenys.<\/p>\n<p>Rusijos invazijos \u012f Ukrain\u0105 prad\u017eioje, kai Maskva r\u0117m\u0117 buvusio prezidento Basharo al Assado (Ba\u0161aro Asado) valdym\u0105 Sirijoje, Rusijos vadovas Vladimiras Putinas parei\u0161k\u0117 norintis Artimuosiuose Rytuose u\u017everbuoti 16 t\u016bkst. kovotoj\u0173, o v\u0117liau, kaip prane\u0161ama, \u012f Rusij\u0105 buvo i\u0161si\u0173sta apie 2 t\u016bkst. Sirijos kari\u0173.<\/p>\n","protected":false},"excerpt":{"rendered":"U\u017esienio reikal\u0173 ministerija parei\u0161kime verbavim\u0105 pavadino \u201eJordanijos ir tarptautin\u0117s teis\u0117s pa\u017eeidimu, kelian\u010diu rimt\u0105 pavoj\u0173 pilie\u010diams\u201c. Ministerijos atstovas Fuadas&hellip;\n","protected":false},"author":2,"featured_media":49722,"comment_status":"","ping_status":"","sticky":false,"template":"","format":"standard","meta":{"footnotes":""},"categories":[15],"tags":[25,30,31,34,35,24,32,33,37,39,36,38,40,23,22,44,28,29,26,27,74,75,76],"class_list":{"0":"post-49721","1":"post","2":"type-post","3":"status-publish","4":"format-standard","5":"has-post-thumbnail","7":"category-pasaulis","8":"tag-antrastes","9":"tag-breaking-news","10":"tag-breakingnews","11":"tag-featured-news","12":"tag-featurednews","13":"tag-headlines","14":"tag-latest-news","15":"tag-latestnews","16":"tag-lietuva","17":"tag-lietuviu","18":"tag-lithuania","19":"tag-lithuanian","20":"tag-lt","21":"tag-naujienos","22":"tag-news","23":"tag-pasaulis","24":"tag-populiariausios-naujienos","25":"tag-populiariausiosnaujienos","26":"tag-top-stories","27":"tag-topstories","28":"tag-world","29":"tag-world-news","30":"tag-worldnews"},"share_on_mastodon":{"url":"https:\/\/pubeurope.com\/@lt\/115626903037777571","error":""},"_links":{"self":[{"href":"https:\/\/www.europesays.com\/lt\/wp-json\/wp\/v2\/posts\/49721","targetHints":{"allow":["GET"]}}],"collection":[{"href":"https:\/\/www.europesays.com\/lt\/wp-json\/wp\/v2\/posts"}],"about":[{"href":"https:\/\/www.europesays.com\/lt\/wp-json\/wp\/v2\/types\/post"}],"author":[{"embeddable":true,"href":"https:\/\/www.europesays.com\/lt\/wp-json\/wp\/v2\/users\/2"}],"replies":[{"embeddable":true,"href":"https:\/\/www.europesays.com\/lt\/wp-json\/wp\/v2\/comments?post=49721"}],"version-history":[{"count":0,"href":"https:\/\/www.europesays.com\/lt\/wp-json\/wp\/v2\/posts\/49721\/revisions"}],"wp:featuredmedia":[{"embeddable":true,"href":"https:\/\/www.europesays.com\/lt\/wp-json\/wp\/v2\/media\/49722"}],"wp:attachment":[{"href":"https:\/\/www.europesays.com\/lt\/wp-json\/wp\/v2\/media?parent=49721"}],"wp:term":[{"taxonomy":"category","embeddable":true,"href":"https:\/\/www.europesays.com\/lt\/wp-json\/wp\/v2\/categories?post=49721"},{"taxonomy":"post_tag","embeddable":true,"href":"https:\/\/www.europesays.com\/lt\/wp-json\/wp\/v2\/tags?post=49721"}],"curies":[{"name":"wp","href":"https:\/\/api.w.org\/{rel}","templated":true}]}}