{"id":50121,"date":"2025-11-28T20:37:11","date_gmt":"2025-11-28T20:37:11","guid":{"rendered":"https:\/\/www.europesays.com\/lt\/50121\/"},"modified":"2025-11-28T20:37:11","modified_gmt":"2025-11-28T20:37:11","slug":"ziemos-startas-silumos-kaina-gruodi-panasi-kaip-pries-metus-mano-gargzdai","status":"publish","type":"post","link":"https:\/\/www.europesays.com\/lt\/50121\/","title":{"rendered":"\u017diemos startas: \u0161ilumos kaina gruod\u012f pana\u0161i, kaip prie\u0161 metus &#8211; Mano Garg\u017edai"},"content":{"rendered":"<ol>\n<li><a href=\"https:\/\/news.google.com\/rss\/articles\/CBMirAFBVV95cUxPV0tmSnhHSW04OGJOSThVMDRsZDV1YUE5WV9sOFNSYzlJY3Q2eGtXUXdrM0FneXBNNl9qdU9SSUFEaU1JNlEwRzdVTWZFSXdJTmVkWTYyRmJlQXhNMWdXbjJITzVhd1BXd3N1WDJZQTF3N282VXQwdHhkRHBQMjBWZC1tanpWdTZqRndkX05EZFp5V2E2S3c3a0x5Vjc3aGFyYmtHNEpEN1h3b25w?oc=5\" target=\"_blank\" rel=\"nofollow noopener\">\u017diemos startas: \u0161ilumos kaina gruod\u012f pana\u0161i, kaip prie\u0161 metus<\/a>&nbsp;&nbsp;Mano Garg\u017edai<\/li>\n<li><a href=\"https:\/\/news.google.com\/rss\/articles\/CBMirAFBVV95cUxPWDBGMEJqbVF4U1JBY25Ga1ZDS29NdEM0cGY4Rm4wZnlXTVBXT3hLemlBdTVMWE42WnFVWl9IM3ptTXJicHRPZlJkczZ3dmh1aUZnMkE3aDJ2TWxIaDJYRXN5dkpqWEVnbW9PRENlRlpLQk82MXpvN0pjYWZwXzRRREl4NXFPSEpmRWtSTzFpLWs2Qjg3Y19ZdEZraEJLSEczQjlORUpYZnFfaDdU?oc=5\" target=\"_blank\" rel=\"nofollow noopener\">B\u016bsto \u0161ildymas Klaip\u0117doje gruod\u012f bus brangesnis<\/a>&nbsp;&nbsp;15min.lt<\/li>\n<li><a href=\"https:\/\/news.google.com\/rss\/articles\/CBMi3AFBVV95cUxPOGF0eXA3eENqQ29NaTZ0SUJMZTRCdGFQNWxCejlkSDNtNl96cUpNTnlFNEI1Zm1yRmhWc1dVNFVkbFBJSi1PVWlWSFdHZVJQNWE2RVBRTVE3UXZFQTdUcWZaVEkxQU9SODMxeVZUOUN0anZtMGppMzdHRU1nTHloa0RVbmt3cjF2YjNkcDUwZVJ6S25aMkJfaHk2LVQxanl4Qk1zM3IwOTNSRTVZcnJwWUhwQzJrcmNrWjNrTHY0cDJBODl6akNvdGRVTVR3dzZ4RldxWElneWE5RHB5?oc=5\" target=\"_blank\" rel=\"nofollow noopener\">Gruod\u012f \u0161ilumos kaina klaip\u0117die\u010diams augs 12 proc.: \u0161tai, kiek tiksliai kainuos<\/a>&nbsp;&nbsp;Lrytas<\/li>\n<li><a href=\"https:\/\/news.google.com\/rss\/articles\/CBMidkFVX3lxTE0teUtUb19senltQjZ0dm9oWEN6bDBoQVcyekhUM0lYZnRmM1hsVEJTbDRvYThrWkkxYTQwS3FzNzRFRXh2REs1cFNFeVp1eDVvRWNncjZVSmlBcTAxZm5HbEgtQnRtdDhxZmRGdlFoVWhDS2poYnc?oc=5\" target=\"_blank\" rel=\"nofollow noopener\">Ne \u0161altis, o \u0161iluma jau \u017enyba<\/a>&nbsp;&nbsp;Suvalkietis \u2022<\/li>\n<li><a href=\"https:\/\/news.google.com\/rss\/articles\/CBMia0FVX3lxTE9kMm1relZCZVhxazUxOHM2RE4xcEY3X0ZXNlk0MW5LUnFfbWZfWnh0QUd3Sm11RkgwV3YtRmFsZmlVNS1HbUxXTUowLXFIRlh4T29yekh0UmM3ZENrNFlxV1FSTk14LUFlbC1Z?oc=5\" target=\"_blank\" rel=\"nofollow noopener\">Pra\u0161an\u010di\u0173j\u0173 kompensacij\u0173 padaug\u0117jo<\/a>&nbsp;&nbsp;ukzinios.lt<\/li>\n<\/ol>\n","protected":false},"excerpt":{"rendered":"\u017diemos startas: \u0161ilumos kaina gruod\u012f pana\u0161i, kaip prie\u0161 metus&nbsp;&nbsp;Mano Garg\u017edai B\u016bsto \u0161ildymas Klaip\u0117doje gruod\u012f bus brangesnis&nbsp;&nbsp;15min.lt Gruod\u012f \u0161ilumos&hellip;\n","protected":false},"author":2,"featured_media":50122,"comment_status":"","ping_status":"","sticky":false,"template":"","format":"standard","meta":{"footnotes":""},"categories":[17],"tags":[81,12512,37,39,36,38,40,1935,46,5654],"class_list":{"0":"post-50121","1":"post","2":"type-post","3":"status-publish","4":"format-standard","5":"has-post-thumbnail","7":"category-verslas","8":"tag-business","9":"tag-gruodis","10":"tag-lietuva","11":"tag-lietuviu","12":"tag-lithuania","13":"tag-lithuanian","14":"tag-lt","15":"tag-sildymas","16":"tag-verslas","17":"tag-ziema"},"share_on_mastodon":{"url":"https:\/\/pubeurope.com\/@lt\/115629250564717375","error":""},"_links":{"self":[{"href":"https:\/\/www.europesays.com\/lt\/wp-json\/wp\/v2\/posts\/50121","targetHints":{"allow":["GET"]}}],"collection":[{"href":"https:\/\/www.europesays.com\/lt\/wp-json\/wp\/v2\/posts"}],"about":[{"href":"https:\/\/www.europesays.com\/lt\/wp-json\/wp\/v2\/types\/post"}],"author":[{"embeddable":true,"href":"https:\/\/www.europesays.com\/lt\/wp-json\/wp\/v2\/users\/2"}],"replies":[{"embeddable":true,"href":"https:\/\/www.europesays.com\/lt\/wp-json\/wp\/v2\/comments?post=50121"}],"version-history":[{"count":0,"href":"https:\/\/www.europesays.com\/lt\/wp-json\/wp\/v2\/posts\/50121\/revisions"}],"wp:featuredmedia":[{"embeddable":true,"href":"https:\/\/www.europesays.com\/lt\/wp-json\/wp\/v2\/media\/50122"}],"wp:attachment":[{"href":"https:\/\/www.europesays.com\/lt\/wp-json\/wp\/v2\/media?parent=50121"}],"wp:term":[{"taxonomy":"category","embeddable":true,"href":"https:\/\/www.europesays.com\/lt\/wp-json\/wp\/v2\/categories?post=50121"},{"taxonomy":"post_tag","embeddable":true,"href":"https:\/\/www.europesays.com\/lt\/wp-json\/wp\/v2\/tags?post=50121"}],"curies":[{"name":"wp","href":"https:\/\/api.w.org\/{rel}","templated":true}]}}