{"id":50217,"date":"2025-11-29T02:15:14","date_gmt":"2025-11-29T02:15:14","guid":{"rendered":"https:\/\/www.europesays.com\/lt\/50217\/"},"modified":"2025-11-29T02:15:14","modified_gmt":"2025-11-29T02:15:14","slug":"viktoras-orbanas-rusija-ir-toliau-liks-pagrindine-vengrijos-energetikos-tiekeja-respublika-lt","status":"publish","type":"post","link":"https:\/\/www.europesays.com\/lt\/50217\/","title":{"rendered":"Viktoras Orbanas: Rusija ir toliau liks pagrindine Vengrijos energetikos tiek\u0117ja &#8211; Respublika.lt"},"content":{"rendered":"<p><img loading=\"lazy\" decoding=\"async\" src=\"https:\/\/www.respublika.lt\/lt\/naujienos\/pasaulis\/pasaulio_politika\/orbanas-rusija-ir-toliau-liks-pagrindine-vengrijos-energetikos-tiekeja\/images\/ico_camera_white.gif\" class=\"camera\" width=\"22\" height=\"15\" alt=\"nuotr.\" style=\"position:relative; top:-2px; right:2px;\"\/> 3 nuotr.<\/p>\n<p>Viktoras Orbanas ir Vladimiras Putinas. EPA-Eltos nuotr.<\/p>\n<p style=\"text-align: justify;\" class=\"desktop_banner\">\u00a0<\/p>\n<p style=\"text-align: justify;\">Nuo 2010 m. ES ir NATO \u0161al\u012f valdantis V. Orbanas palaik\u0117 ry\u0161ius su Kremliumi, tuo pa\u010diu kritikuodamas Vengrijos kaimyn\u0119 Ukrain\u0105.<\/p>\n<p style=\"text-align: justify;\">\u0160ios derybos suk\u0117l\u0117 pasipiktinimo bang\u0105 Briuselyje, kuris ragina ES nares nutraukti priklausomyb\u0119 nuo Rusijos energetikos produkt\u0173 ir stengiasi nelikti nuo\u0161alyje taikos derybose d\u0117l Ukrainos.<\/p>\n<p style=\"text-align: justify;\">\u201eMes neatsisak\u0117me bendradarbiavimo (su Rusija \u2013 ELTA) jokioje srityje, nepaisant viso i\u0161orinio spaudimo\u201c, \u2013 V. Putinui kalb\u0117jo Vengrijos premjeras.<\/p>\n<p style=\"text-align: justify;\">\u201eNor\u0117\u010diau pakartoti, kad energetikos produktai i\u0161 Rusijos yra pagrindinis Vengrijos energetikos \u0161altinis, taip bus ir ateityje\u201c, \u2013 pabr\u0117\u017e\u0117 jis.<\/p>\n<p style=\"text-align: justify;\">\u0160\u012f m\u0117nes\u012f V. Orbanas parei\u0161k\u0117 ketinantis kreiptis \u012f teism\u0105 d\u0117l ES sprendimo palaipsniui nutraukti likusi\u0105 duj\u0173 importo dal\u012f i\u0161 Rusijos \u012f valstybes nares.<\/p>\n<p style=\"text-align: justify;\">Budape\u0161tas yra labai priklausomas nuo Rusijos energetikos produkt\u0173.<\/p>\n<p style=\"text-align: justify;\">\u201eMes labai vertiname \u0161io tiekimo patikimum\u0105 ir nusp\u0117jamum\u0105\u201c, \u2013 ai\u0161kino V. Orbanas.<\/p>\n<p style=\"text-align: justify;\">V. Putinas pad\u0117kojo kolegai u\u017e Vengrijos es\u0105 \u201esubalansuot\u0105 pozicij\u0105\u201c Ukrainos at\u017evilgiu, ir u\u017e ry\u0161i\u0173 su Rusija palaikym\u0105, \u201enepaisant vis\u0173 sunkum\u0173\u201c.<\/p>\n<p style=\"text-align: justify;\">Rusijos vadovas sak\u0117, kad Budape\u0161to ir Maskvos ry\u0161iai yra gr\u012fsti \u201epragmatizmu\u201c.<\/p>\n<p style=\"text-align: justify;\">Kitais metais perrinkimo sieksiantis V. Orbanas prie\u0161 kelion\u0119 sak\u0117 vykstantis \u012f Maskv\u0105 tam, kad \u201eu\u017etikrint\u0173 Vengrijos energijos tiekim\u0105 \u017eiemai ir kitiems metams u\u017e prieinam\u0105 kain\u0105\u201c.<\/p>\n<p style=\"text-align: justify;\">62-ej\u0173 politikas save pristato save kaip potencial\u0173 tarpinink\u0105 kare Ukrainoje ir pakartojo, kad Vengrija yra \u201epasirengusi b\u016bti taikos deryb\u0173 vieta\u201c.<\/p>\n<p style=\"text-align: justify;\">Budape\u0161te spalio m\u0117nes\u012f tur\u0117jo vykti V. Putino ir JAV prezidento Donaldo Trumpo susitikimas, bet jo planai netrukus \u017elugo.<\/p>\n<p style=\"text-align: justify;\">Europos S\u0105jungos rak\u0161tis<\/p>\n<p style=\"text-align: justify;\">V. Orbanas gyr\u0117si, kad Vengrija d\u017eiaugiasi ma\u017eiausiomis energijos kainas visoje Europoje d\u0117l turimos prieigos prie Rusijos duj\u0173 ir naftos, kurios, jo teigimu, yra \u201epigios, palyginti su tarptautin\u0117mis kainomis\u201c.<\/p>\n<p style=\"text-align: justify;\">Artimas D. Trumpo politinis s\u0105jungininkas savo kelion\u0119 \u012f Va\u0161ington\u0105 \u0161\u012f m\u0117nes\u012f i\u0161naudojo tam, kad u\u017esitikrint\u0173 vieneri\u0173 met\u0173 JAV sankcij\u0173 i\u0161imt\u012f Rusijos naftos ir duj\u0173 pirkimui.<\/p>\n<p style=\"text-align: justify;\">Ta\u010diau Va\u0161ingtonas oficialaus atleidimo nuo sankcij\u0173 dar n\u0117ra paskelb\u0119s.<\/p>\n<p style=\"text-align: justify;\">JAV prezidentas spalio m\u0117nes\u012f paskelb\u0117 sankcijas dviem did\u017eiausioms Maskvos naftos bendrov\u0117ms, es\u0105 prarad\u0119s kantryb\u0119 d\u0117l V. Putino atsisakymo nutraukti puolim\u0105 Ukrainoje.<\/p>\n<p style=\"text-align: justify;\">Vengrijos lyderis laikomas rak\u0161timi ES.<\/p>\n<p style=\"text-align: justify;\">Vokietijos Friedrichas Merzas teig\u0117 lik\u0119s nustebintas dar vienos V. Orbano kelion\u0117s \u012f Maskv\u0105.<\/p>\n<p style=\"text-align: justify;\">\u201eJis keliauja be Europos mandato ir nesuderin\u0119s su mumis\u201c, \u2013 sak\u0117 jis per spaudos konferencij\u0105 Berlyne.<\/p>\n<p style=\"text-align: justify;\">\u201eJis turi sav\u0173 id\u0117j\u0173, kaip u\u017ebaigti \u0161\u012f kar\u0105, kurios iki \u0161iol nepasiteisino\u201c, \u2013 prid\u016br\u0117 Vokietijos kancleris.<\/p>\n<p style=\"text-align: justify;\">V. Orbanas daug kart\u0173 kritikavo Vakar\u0173 param\u0105 Kijevui ir teig\u0117, kad Ukraina neturi joki\u0173 \u0161ans\u0173 laim\u0117ti prie\u0161 Rusij\u0105.<\/p>\n<p style=\"text-align: justify;\">Penktadien\u012f jis V. Putinui ai\u0161kino, kad beveik ketverius metus trunkantis karas kenkia Europos ekonomikai ir kad jis tikisi, jog naujausi diplomatiniai pasi\u016blymai \u201epad\u0117s pasiekti paliaubas ir taik\u0105\u201c.<\/p>\n<p style=\"text-align: justify;\">D. Trumpo pasiuntinys Steve&#8217;as Witkoffas kit\u0105 savait\u0119 tur\u0117t\u0173 atvykti \u012f Maskv\u0105 su V. Putinu aptarti atnaujint\u0105 JAV plan\u0105 karui Ukrainoje u\u017ebaigti. Pradinis plano projektas buvo vertinamas kaip atitinkantis daugum\u0105 V. Putino reikalavim\u0173, ta\u010diau po deryb\u0173 su Kijevu buvo pakoreguotas.<\/p>\n","protected":false},"excerpt":{"rendered":"3 nuotr. Viktoras Orbanas ir Vladimiras Putinas. EPA-Eltos nuotr. \u00a0 Nuo 2010 m. ES ir NATO \u0161al\u012f valdantis&hellip;\n","protected":false},"author":2,"featured_media":50218,"comment_status":"","ping_status":"","sticky":false,"template":"","format":"standard","meta":{"footnotes":""},"categories":[15],"tags":[25,30,31,644,34,35,24,32,33,37,39,36,38,40,23,22,3218,12527,44,28,29,2370,119,12528,26,27,12529,74,75,76],"class_list":{"0":"post-50217","1":"post","2":"type-post","3":"status-publish","4":"format-standard","5":"has-post-thumbnail","7":"category-pasaulis","8":"tag-antrastes","9":"tag-breaking-news","10":"tag-breakingnews","11":"tag-energetika","12":"tag-featured-news","13":"tag-featurednews","14":"tag-headlines","15":"tag-latest-news","16":"tag-latestnews","17":"tag-lietuva","18":"tag-lietuviu","19":"tag-lithuania","20":"tag-lithuanian","21":"tag-lt","22":"tag-naujienos","23":"tag-news","24":"tag-orbanas","25":"tag-pagrindine","26":"tag-pasaulis","27":"tag-populiariausios-naujienos","28":"tag-populiariausiosnaujienos","29":"tag-putinas","30":"tag-rusija","31":"tag-tiekeja","32":"tag-top-stories","33":"tag-topstories","34":"tag-vengrijai","35":"tag-world","36":"tag-world-news","37":"tag-worldnews"},"share_on_mastodon":{"url":"https:\/\/pubeurope.com\/@lt\/115630579759234724","error":""},"_links":{"self":[{"href":"https:\/\/www.europesays.com\/lt\/wp-json\/wp\/v2\/posts\/50217","targetHints":{"allow":["GET"]}}],"collection":[{"href":"https:\/\/www.europesays.com\/lt\/wp-json\/wp\/v2\/posts"}],"about":[{"href":"https:\/\/www.europesays.com\/lt\/wp-json\/wp\/v2\/types\/post"}],"author":[{"embeddable":true,"href":"https:\/\/www.europesays.com\/lt\/wp-json\/wp\/v2\/users\/2"}],"replies":[{"embeddable":true,"href":"https:\/\/www.europesays.com\/lt\/wp-json\/wp\/v2\/comments?post=50217"}],"version-history":[{"count":0,"href":"https:\/\/www.europesays.com\/lt\/wp-json\/wp\/v2\/posts\/50217\/revisions"}],"wp:featuredmedia":[{"embeddable":true,"href":"https:\/\/www.europesays.com\/lt\/wp-json\/wp\/v2\/media\/50218"}],"wp:attachment":[{"href":"https:\/\/www.europesays.com\/lt\/wp-json\/wp\/v2\/media?parent=50217"}],"wp:term":[{"taxonomy":"category","embeddable":true,"href":"https:\/\/www.europesays.com\/lt\/wp-json\/wp\/v2\/categories?post=50217"},{"taxonomy":"post_tag","embeddable":true,"href":"https:\/\/www.europesays.com\/lt\/wp-json\/wp\/v2\/tags?post=50217"}],"curies":[{"name":"wp","href":"https:\/\/api.w.org\/{rel}","templated":true}]}}