{"id":50219,"date":"2025-11-29T02:21:12","date_gmt":"2025-11-29T02:21:12","guid":{"rendered":"https:\/\/www.europesays.com\/lt\/50219\/"},"modified":"2025-11-29T02:21:12","modified_gmt":"2025-11-29T02:21:12","slug":"karas-ukrainoje-is-kremliaus-zinia-del-taikos-plano-mes-derames-tik-su-jav-delfi","status":"publish","type":"post","link":"https:\/\/www.europesays.com\/lt\/50219\/","title":{"rendered":"Karas Ukrainoje. I\u0161 Kremliaus \u2013 \u017einia d\u0117l taikos plano: mes deram\u0117s tik su JAV &#8211; Delfi"},"content":{"rendered":"<ol>\n<li><a href=\"https:\/\/news.google.com\/rss\/articles\/CBMiwwFBVV95cUxOUUpxUG9aVzVJaklzNzAyQ0NZbG9LNElBbU5LMEo4Q0pDdkdWdENDV3h5THJlSFpTSXd1cndJQ0hXWnVzNGwybDJKVjYxcVBqTThLaEYyXzVKWWpOcEdydjhMSlhNMkQ3dmluTGt3NGJwSnNTVmwxODFzOVI2R2p6QjY4UHF5bXhabHJNZFBxc3loNTJzUWI1WFFSRl9IZ0ZPSnJqamo4S1Q1NHJJX014ejBMc1d3aF9ldWdhdjlteVR6VWM?oc=5\" target=\"_blank\" rel=\"nofollow noopener\">Karas Ukrainoje. I\u0161 Kremliaus \u2013 \u017einia d\u0117l taikos plano: mes deram\u0117s tik su JAV<\/a>&nbsp;&nbsp;Delfi<\/li>\n<li><a href=\"https:\/\/news.google.com\/rss\/articles\/CBMiuAFBVV95cUxQWk9QRURVRTV3cW5TdFcxa2RUYTFZWElWZTZwbk15WUhrdUFDWFBLdWdnaW9oRzdMUGtUbG04OUs0eklYel9KcDcwWUNfY05IX2JZX1ZzYVkydnZ2ZURTYXBrajJHc01zN0RDSTdSYnhqc1d2a0lSR1JwNmlOclM2U0lBbkw3SEwyb3VYano0Q2x4bkVLbEpXR3dqcHhpcDlaZDhyUkU2TmNDcEJncUxNLTlvb2Z6Qm9F?oc=5\" target=\"_blank\" rel=\"nofollow noopener\">Putinas sureagavo \u012f pavie\u0161int\u0105 Witkoffo pokalbio stenogram\u0105<\/a>&nbsp;&nbsp;15min.lt<\/li>\n<li><a href=\"https:\/\/news.google.com\/rss\/articles\/CBMivwFBVV95cUxObFJCOC1yZUl3ZEZwWUJwbzJSOVQ0dmVST0pZTHhxYWpXTmtUUzZsRlhBaV92eGc2d3R6S0J0ZUNHNDI1V25YMnIwMGQ5bThqSTdkYTF2OVUtd2JhOE9CX0p0S0JnNXNvY2FQNzNWOXlpUldsZGRrbG5SVWRXaFVaTm4yT2Z3bGU3QnExNkRMb04zcE5ORGs4b2RWUGt6aUM5enpqLVhIZ0xWTnpiVXEwczNHeHp5a1lnbV9tVV8wbw?oc=5\" target=\"_blank\" rel=\"nofollow noopener\">Rusija, JAV ar Europa: kas nutekino Witkoffo ir Kremliaus atstov\u0173 pokalbius?<\/a>&nbsp;&nbsp;LRT<\/li>\n<li><a href=\"https:\/\/news.google.com\/rss\/articles\/CBMiyAFBVV95cUxQellpN3VMRnJ4LUs1LXNUUi12aVFyWnJtbWRIMlR5cUZHa3B2N0VyM1Y2dURITV9FY3JMNnJWTC11MTZKcjNEbGZUdTZya1VqUUxTbDRXNGk5MUZtNUt2Z0MyQ1czUERtZDdYdnFpS05mZ1FFYVlYWjBjd1I5QmRybU1YZXA1dWtvbC1NamtETnJDbHp4bGNWbFpQNXl4cmcwakdKaDZVTHlWcHZ1bkgtM1Iwb2RRQlpZQlhLV09JaEVVRzNLY3RDMQ?oc=5\" target=\"_blank\" rel=\"nofollow noopener\">\u201eD\u0117m\u0117 m\u016bs\u0173 \u0161alies reputacijai\u201c: respublikonai peik\u0117 Whitkoffo pokalbius su rusais<\/a>&nbsp;&nbsp;Delfi<\/li>\n<li><a href=\"https:\/\/news.google.com\/rss\/articles\/CBMi9gFBVV95cUxNZlRTX3BBdTlwN1JXaDIwVGZFR2pBdG0xSi1zT19JTjVQQWNGQlp1X3NaOTUwM1kxMTg4WUp2bFZJdmRNU0dadVAxSFlBd1NDd3I2cTZQSnEtSC1MOWM4Y1RJTEVyTER2ZXRNSDRsNTRhVXBQeDh5Zy1vRXFNYnR3dGFKNHRnQ1lfQnBiUzdRcm5FQU5vdGdPRnZlSlhPMEprUXo2RkVVT0FFQmNNUnhnRTJ0M21FOTh4V3JGVDF2cXVRZXA2dXgycnFoZkZEb1hhaUVudEdXWVFSTXYxWVBTLUFMaXpjejdaMGpVcFBscXZELVlKVkE?oc=5\" target=\"_blank\" rel=\"nofollow noopener\">JAV pasiuntinys patar\u0117 rus\u0173 pareig\u016bnui kaip kalb\u0117tis su Donaldu Trumpu d\u0117l karo Ukrainoje<\/a>&nbsp;&nbsp;Kauno diena<\/li>\n<\/ol>\n","protected":false},"excerpt":{"rendered":"Karas Ukrainoje. I\u0161 Kremliaus \u2013 \u017einia d\u0117l taikos plano: mes deram\u0117s tik su JAV&nbsp;&nbsp;Delfi Putinas sureagavo \u012f pavie\u0161int\u0105&hellip;\n","protected":false},"author":2,"featured_media":50220,"comment_status":"","ping_status":"","sticky":false,"template":"","format":"standard","meta":{"footnotes":""},"categories":[15],"tags":[25,30,31,34,35,24,121,32,33,37,39,36,38,40,23,22,44,28,29,26,27,74,75,76],"class_list":{"0":"post-50219","1":"post","2":"type-post","3":"status-publish","4":"format-standard","5":"has-post-thumbnail","7":"category-pasaulis","8":"tag-antrastes","9":"tag-breaking-news","10":"tag-breakingnews","11":"tag-featured-news","12":"tag-featurednews","13":"tag-headlines","14":"tag-karas-ukrainoje","15":"tag-latest-news","16":"tag-latestnews","17":"tag-lietuva","18":"tag-lietuviu","19":"tag-lithuania","20":"tag-lithuanian","21":"tag-lt","22":"tag-naujienos","23":"tag-news","24":"tag-pasaulis","25":"tag-populiariausios-naujienos","26":"tag-populiariausiosnaujienos","27":"tag-top-stories","28":"tag-topstories","29":"tag-world","30":"tag-world-news","31":"tag-worldnews"},"share_on_mastodon":{"url":"https:\/\/pubeurope.com\/@lt\/115630603184477026","error":""},"_links":{"self":[{"href":"https:\/\/www.europesays.com\/lt\/wp-json\/wp\/v2\/posts\/50219","targetHints":{"allow":["GET"]}}],"collection":[{"href":"https:\/\/www.europesays.com\/lt\/wp-json\/wp\/v2\/posts"}],"about":[{"href":"https:\/\/www.europesays.com\/lt\/wp-json\/wp\/v2\/types\/post"}],"author":[{"embeddable":true,"href":"https:\/\/www.europesays.com\/lt\/wp-json\/wp\/v2\/users\/2"}],"replies":[{"embeddable":true,"href":"https:\/\/www.europesays.com\/lt\/wp-json\/wp\/v2\/comments?post=50219"}],"version-history":[{"count":0,"href":"https:\/\/www.europesays.com\/lt\/wp-json\/wp\/v2\/posts\/50219\/revisions"}],"wp:featuredmedia":[{"embeddable":true,"href":"https:\/\/www.europesays.com\/lt\/wp-json\/wp\/v2\/media\/50220"}],"wp:attachment":[{"href":"https:\/\/www.europesays.com\/lt\/wp-json\/wp\/v2\/media?parent=50219"}],"wp:term":[{"taxonomy":"category","embeddable":true,"href":"https:\/\/www.europesays.com\/lt\/wp-json\/wp\/v2\/categories?post=50219"},{"taxonomy":"post_tag","embeddable":true,"href":"https:\/\/www.europesays.com\/lt\/wp-json\/wp\/v2\/tags?post=50219"}],"curies":[{"name":"wp","href":"https:\/\/api.w.org\/{rel}","templated":true}]}}