{"id":50230,"date":"2025-11-29T03:24:11","date_gmt":"2025-11-29T03:24:11","guid":{"rendered":"https:\/\/www.europesays.com\/lt\/50230\/"},"modified":"2025-11-29T03:24:11","modified_gmt":"2025-11-29T03:24:11","slug":"netflix-zvaigzdei-teko-amputuoti-abi-kojas-priezastis-sukres","status":"publish","type":"post","link":"https:\/\/www.europesays.com\/lt\/50230\/","title":{"rendered":"\u201eNetflix\u201c \u017evaig\u017edei teko amputuoti abi kojas: prie\u017eastis sukr\u0117s"},"content":{"rendered":"<p>Paai\u0161kino, kod\u0117l teko amputuoti antr\u0105j\u0105 koj\u0105<\/p>\n<p>\u201eA Celebrity Traitors\u201c dalyv\u0117 ir \u201eNetflix\u201c aktor\u0117 atskleid\u0117, kod\u0117l nusprend\u0117 amputuoti antr\u0105j\u0105 koj\u0105 po to, kai daugel\u012f met\u0173 kent\u0117 komplikacijas, atsiradusias d\u0117l nuolatinio vaik\u0161\u010diojimo ramentais.<\/p>\n<p>Aktor\u0117s sveikatos istorija prasid\u0117jo dar paauglyst\u0117je. B\u016bdama 15 met\u0173 ji \u017eaid\u0117 futbol\u0105 Jungtin\u0117je Karalyst\u0117je ir susi\u017eeid\u0117 koj\u0105. <\/p>\n<p>Trauma suk\u0117l\u0117 nerv\u0173 pa\u017eeidimus, o \u012fvairios operacijos nepad\u0117jo nei suma\u017einti skausmo, nei atkurti j\u0173 funkcij\u0173. Galiausiai pirmoji koja buvo amputuota \u017eemiau kelio.<\/p>\n<p>Vis d\u0117lto problemos tuo nesibaig\u0117.<\/p>\n<p>De\u0161imtmet\u012f trukusios pasekm\u0117s<\/p>\n<p>Ruth atskleid\u0117, kad po pirmosios amputacijos net a\u0161tuonerius metus nuolat naudojosi ramentais \u2013 taip intensyviai, kad vaik\u0161\u010diodavo stov\u0117dama ant pir\u0161t\u0173 gal\u0173. Tokia netaisyklinga laikysena pama\u017eu \u201esudrask\u0117\u201c jos s\u0105narius ir suk\u0117l\u0117 nepataisom\u0105 \u017eal\u0105.<\/p>\n<p>\u201eTiesiog vis\u0105 laik\u0105 remdavausi pir\u0161t\u0173 galais. Tai visi\u0161kai su\u017ealojo mano s\u0105narius, o gydytojai nieko nebegal\u0117jo padaryti\u201c, \u2013 pasakojo ji.<\/p>\n<p>Galiausiai R. Codd teko amputuoti visus pir\u0161tus, o p\u0117da, kaip pati sako, \u201eatrod\u0117 kaip ma\u017eas m\u0117sainis\u201c. <\/p>\n<p>Tai buvo akimirka, kai gydytojai ai\u0161kiai prane\u0161\u0117: antra amputacija yra vienintelis b\u016bdas sustabdyti skausm\u0105 ir pagerinti gyvenimo kokyb\u0119.<\/p>\n<p>Atvira i\u0161pa\u017eintis<\/p>\n<p>29-eri\u0173 aktor\u0117 naujien\u0105 pirmiausia prane\u0161\u0117 savo \u201eTikTok\u201c gerb\u0117jams. Ji sak\u0117 turinti ir \u201eger\u0173\u201c, ir \u201eblog\u0173\u201c \u017eini\u0173.<\/p>\n<p>\u201eGeroji \u017einia ta, kad viskas lyg sugr\u012f\u017eo \u012f prad\u017ei\u0105 \u2013 v\u0117l kuriu \u201eTikTok\u201c turin\u012f t\u0117v\u0173 namuose\u201c, \u2013 sak\u0117 ji.<\/p>\n<p>Ta\u010diau blogoji \u017einia ta, kad ji nebegali filmuoti g\u0117li\u0173 tapetais i\u0161margintos sienos fone.<\/p>\n<p>\u201eTas kambarys yra antrame auk\u0161te, o man k\u0105 tik buvo atlikta antra amputacija \u017eemiau kelio\u201c, \u2013 ai\u0161kino ji, pridurdama, kad \u201etokios galimyb\u0117s dabar fizi\u0161kai negali \u012fgyvendinti\u201c.<\/p>\n","protected":false},"excerpt":{"rendered":"Paai\u0161kino, kod\u0117l teko amputuoti antr\u0105j\u0105 koj\u0105 \u201eA Celebrity Traitors\u201c dalyv\u0117 ir \u201eNetflix\u201c aktor\u0117 atskleid\u0117, kod\u0117l nusprend\u0117 amputuoti antr\u0105j\u0105&hellip;\n","protected":false},"author":2,"featured_media":50231,"comment_status":"","ping_status":"","sticky":false,"template":"","format":"standard","meta":{"footnotes":""},"categories":[21],"tags":[12531,113,37,39,36,38,40,905,114],"class_list":{"0":"post-50230","1":"post","2":"type-post","3":"status-publish","4":"format-standard","5":"has-post-thumbnail","7":"category-pramogos","8":"tag-amputacija","9":"tag-entertainment","10":"tag-lietuva","11":"tag-lietuviu","12":"tag-lithuania","13":"tag-lithuanian","14":"tag-lt","15":"tag-netflix","16":"tag-pramogos"},"share_on_mastodon":{"url":"https:\/\/pubeurope.com\/@lt\/115630850945275034","error":""},"_links":{"self":[{"href":"https:\/\/www.europesays.com\/lt\/wp-json\/wp\/v2\/posts\/50230","targetHints":{"allow":["GET"]}}],"collection":[{"href":"https:\/\/www.europesays.com\/lt\/wp-json\/wp\/v2\/posts"}],"about":[{"href":"https:\/\/www.europesays.com\/lt\/wp-json\/wp\/v2\/types\/post"}],"author":[{"embeddable":true,"href":"https:\/\/www.europesays.com\/lt\/wp-json\/wp\/v2\/users\/2"}],"replies":[{"embeddable":true,"href":"https:\/\/www.europesays.com\/lt\/wp-json\/wp\/v2\/comments?post=50230"}],"version-history":[{"count":0,"href":"https:\/\/www.europesays.com\/lt\/wp-json\/wp\/v2\/posts\/50230\/revisions"}],"wp:featuredmedia":[{"embeddable":true,"href":"https:\/\/www.europesays.com\/lt\/wp-json\/wp\/v2\/media\/50231"}],"wp:attachment":[{"href":"https:\/\/www.europesays.com\/lt\/wp-json\/wp\/v2\/media?parent=50230"}],"wp:term":[{"taxonomy":"category","embeddable":true,"href":"https:\/\/www.europesays.com\/lt\/wp-json\/wp\/v2\/categories?post=50230"},{"taxonomy":"post_tag","embeddable":true,"href":"https:\/\/www.europesays.com\/lt\/wp-json\/wp\/v2\/tags?post=50230"}],"curies":[{"name":"wp","href":"https:\/\/api.w.org\/{rel}","templated":true}]}}