{"id":50245,"date":"2025-11-29T05:05:22","date_gmt":"2025-11-29T05:05:22","guid":{"rendered":"https:\/\/www.europesays.com\/lt\/50245\/"},"modified":"2025-11-29T05:05:22","modified_gmt":"2025-11-29T05:05:22","slug":"vilniuje-paskelbta-kalediskiausia-diena-miestas-taps-viena-didele-sventine-scena-isigalios-nauja-valiuta","status":"publish","type":"post","link":"https:\/\/www.europesays.com\/lt\/50245\/","title":{"rendered":"Vilniuje paskelbta Kal\u0117di\u0161kiausia diena: miestas taps viena didele \u0161ventine scena, \u012fsigalios nauja valiuta"},"content":{"rendered":"<p>Ar nor\u0117tum\u0117te sugr\u012f\u017eti \u012f vaikyst\u0119 ir v\u0117l i\u0161gyventi Kal\u0117d\u0173 laukimo jaudul\u012f, tarsi b\u016btum\u0117te penkeri\u0173? Vilniuje \u2013 Europos Kal\u0117d\u0173 sostin\u0117je \u2013 tai bus \u012fmanoma, nes \u010dia bus \u0161ven\u010diama Vilniaus kal\u0117di\u0161kiausia diena. Jos metu vaikyst\u0117s prisiminimai bus kei\u010diami \u012f speciali\u0105 valiut\u0105, mieste atsiras specialios kal\u0117dinio pa\u0161to d\u0117\u017eut\u0117s, i\u0161 kuri\u0173 link\u0117jimai pasklis po pasaul\u012f, o visk\u0105 vainikuos masinis choro pasirodymas ant ledo, prie kurio kvie\u010diami jungtis visi miesto gyventojai ir sve\u010diai.<\/p>\n<p>Vilniaus kal\u0117di\u0161kiausia diena, kurios metu sostin\u0117je gali nutikti netik\u0117\u010diausi dalykai, bus \u0161ven\u010diama gruod\u017eio 13 d. \u0160i\u0105 dat\u0105 paskelb\u0117 Vilniuje susirink\u0119 Kal\u0117d\u0173 seneliai i\u0161 Lietuvos, Lenkijos ir Latvijos, kurie ne tik pasira\u0161\u0117 Kal\u0117d\u0173 deklaracij\u0105, bet ir u\u017ekop\u0119 \u012f Gedimino kaln\u0105 bei ap\u017evelg\u0119 miest\u0105 i\u0161 pauk\u0161\u010dio skryd\u017eio \u012fsitikino, kad Vilnius tikrai nusipelno 2025 m. Europos Kal\u0117d\u0173 sostin\u0117s titulo.<\/p>\n<p>\u201eVilniui \u0161iemet suteiktas Europos Kal\u0117d\u0173 sostin\u0117s titulas paskatino kurti nauj\u0105 \u0161ventin\u0119 tradicij\u0105 \u2013 vienai dienai suburti miesto gyventojus ir sve\u010dius Vilniaus kal\u0117di\u0161kiausiai dienai, kurios metu kiekvienas pasijust\u0173 lyg v\u0117l b\u016bt\u0173 penkeri\u0173 ir nuo\u0161ird\u017eiai tik\u0117t\u0173 stebuklais\u201c, \u2013 sako Vilniaus miesto turizmo ir verslo pl\u0117tros agent\u016bros \u201eGo Vilnius\u201c Turizmo skyriaus vadov\u0117 Vilma Daubarien\u0117.\u00a0<\/p>\n<p>Ji pa\u017eymi, kad Kal\u0117d\u0173 sostin\u0117s vardas suteikia galimybi\u0173 i\u0161radingai pristatyti Vilni\u0173 pasauliui, tod\u0117l neapsiribojama vien Kal\u0117d\u0173 miesteliu ir eglut\u0117s \u012f\u017eiebimo ceremonija, o ie\u0161koma b\u016bd\u0173 i\u0161siskirti tarp kit\u0173 Europos miest\u0173.<\/p>\n<p>\u201eNorime kurti autenti\u0161k\u0105 patirt\u012f, kuri atspind\u0117t\u0173 Vilniaus dvasi\u0105 \u2013 \u0161ilt\u0105, atvir\u0105 ir kupin\u0105 nuo\u0161irdumo. \u0160iuolaikiniai keliautojai ie\u0161ko ne tik gra\u017ei\u0173 vaizd\u0173, bet ir emocinio ry\u0161io su miestu. Vilniaus kal\u0117di\u0161kiausia diena si\u016blo b\u016btent tai \u2013 galimyb\u0119 tapti ne \u0161vent\u0117s steb\u0117toju, o dalyviu\u201c, \u2013 pabr\u0117\u017eia V. Daubarien\u0117.<\/p>\n<p>U\u017e prisiminimus \u2013 speciali valiuta<\/p>\n<p>Vilniaus Kal\u0117di\u0161kiausi\u0105 dien\u0105 sostin\u0117je \u012fsigalios valiuta, kokios nerasite jokiame kitame pasaulio mieste. Vilnie\u010diai ir sostin\u0117se sve\u010diai bus kvie\u010diami u\u017epildyti nedidel\u0119 apklaus\u0105 ir papasakoti, kaip jie \u0161v\u0119sdavo Kal\u0117das b\u016bdami ma\u017ei.<\/p>\n<p>\u0160iuos prisiminimus specialiuose kal\u0117diniuose bankuose miesto centre bus galima i\u0161sikeisti \u012f unikali\u0105 valiut\u0105. Jie veiks Turizmo informacijos centre Pilies gatv\u0117je, Lietuvos banko Pinig\u0173 muziejuje, viename i\u0161 Kal\u0117d\u0173 miestelio nameli\u0173 <a style=\"font-weight:bold;\" href=\"https:\/\/madeinvilnius.lt\/tema\/katedros-aikste\/\" target=\"_blank\" rel=\"nofollow noopener\">Katedros aik\u0161t\u0117je<\/a>, taip pat <a style=\"font-weight:bold;\" href=\"https:\/\/madeinvilnius.lt\/tema\/rotuses-aikste\/\" target=\"_blank\" rel=\"nofollow noopener\">Rotu\u0161\u0117s aik\u0161t\u0117je<\/a> ir JUDU klient\u0173 aptarnavimo centre V. Kudirkos aik\u0161t\u0117je.<\/p>\n<p>Nauj\u0105 kal\u0117din\u0119 valiut\u0105 priims prie Vilniaus kal\u0117di\u0161kiausios dienos besijungian\u010dios sostin\u0117s kavin\u0117s, <a style=\"font-weight:bold;\" href=\"https:\/\/madeinvilnius.lt\/tema\/restoranai-vilniuje\/\" target=\"_blank\" rel=\"nofollow noopener\">restoranai<\/a>, muziejai ir kitos \u012fstaigos, kuri\u0173 s\u0105ra\u0161as skelbiamas \u201eGo Vilnius\u201c interneto svetain\u0117je ir dar pildomas.<\/p>\n<p>Vilnius si\u0173s link\u0117jimus pasauliui<\/p>\n<p>Gruod\u017eio 13-\u0105j\u0105 Vilniuje \u012fsikurs specialios kal\u0117dinio pa\u0161to d\u0117\u017eut\u0117s, i\u0161 kuri\u0173 atvirukus su link\u0117jimais i\u0161 Europos Kal\u0117d\u0173 sostin\u0117s bus galima visi\u0161kai nemokamai si\u0173sti \u012f bet kur\u012f pasaulio kampel\u012f. Tereik\u0117s apsilankyti viename i\u0161 sostin\u0117s <a style=\"font-weight:bold;\" href=\"https:\/\/madeinvilnius.lt\/tema\/vilniaus-senamiestis\/\" target=\"_blank\" rel=\"nofollow noopener\">senamiestyje<\/a> \u012fsik\u016brusi\u0173 kal\u0117dinio pa\u0161to viet\u0173, i\u0161sirinkti norim\u0105 \u0161ventin\u012f atviruk\u0105 su Vilniaus simbolika, u\u017era\u0161yti nuo\u0161ird\u0173 sveikinim\u0105 ir, nurod\u017eius gav\u0117jo adres\u0105, \u012fmesti \u012f lai\u0161k\u0173 d\u0117\u017eut\u0119. Viskuo kitu \u2013 nuo pa\u0161to \u017eenklo iki atviruko kelion\u0117s per \u017eemynus \u2013 pasir\u016bpins darb\u0161tieji Vilniaus elfai.<\/p>\n<p>Vilniaus kal\u0117di\u0161kiausios dienos pa\u0161tas \u2013 i\u0161skirtin\u0117 galimyb\u0117 sostin\u0117s Kal\u0117d\u0173 magija pasidalinti su draugais, \u0161eimos nariais ir mylimaisiais, gyvenan\u010diais u\u017esienyje.<\/p>\n<p>Rotu\u0161\u0117s aik\u0161t\u0117je \u2013 masinis choras ant ledo<\/p>\n<p>Vilniaus kal\u0117di\u0161kiausios dienos kulminacija taps i\u0161skirtinis <a style=\"font-weight:bold;\" href=\"https:\/\/madeinvilnius.lt\/pramogos\/renginiai\/\" target=\"_blank\" rel=\"nofollow noopener\">renginys<\/a> Rotu\u0161\u0117s aik\u0161t\u0117s \u010diuo\u017eykloje, kurioje \u201eVilnius Voices\u201c, \u201eFainuoli\u0173 choro\u201c choristai, muzikantai, miesto gyventojai ir sve\u010diai sukurs nepamir\u0161tam\u0105 Kal\u0117d\u0173 bendryst\u0117s akimirk\u0105.\u00a0<\/p>\n<p>Renginio metu ant ledo bus atliekama legendin\u0117 daina \u201eHave Yourself a Merry Little Christmas\u201c su specialiai \u0161iam pasirodymui sukurta atnaujinta aran\u017euote ir lietuvi\u0161ku prieskoniu. Prie pasirodymo kvie\u010diami prisid\u0117ti visi norintys, kurie gal\u0117s atsisi\u0173sti dainos \u017eod\u017eius bei natas ir savo balsais prisijungti prie did\u017eiausio kal\u0117dinio choro.\u00a0<\/p>\n<p>Rotu\u0161\u0117s aik\u0161t\u0117je vyksian\u010dio renginio metu taip pat bus paskelbta, koks miestas taps 2026 m. Europos Kal\u0117d\u0173 sostine, o Vilnius jam simboli\u0161kai perduos \u0161i\u0105 garb\u0119 ir atsakomyb\u0119 \u017eymin\u010dias regalijas.<\/p>\n<p>Kal\u0117d\u0173 dvasia apgaubs vis\u0105 miest\u0105<\/p>\n<p>Speciali \u0161ventin\u0117 programa lauks ir Konstantino Sirvydo skvere, kuriame jau nuo pat ryto bus galima i\u0161vysti kal\u0117dini\u0173 egli\u0173 mi\u0161k\u0105 su \u012fsp\u016bdingais papuo\u0161imais \u2013 tarp j\u0173 ir turb\u016bt did\u017eiausias kada nors matytas roges. Juk per Vilniaus kal\u0117di\u0161kiausi\u0105 dien\u0105 \u017evelgsime vaiko akimis, kuriose telpa ir dideli nor\u0173 kalnai, ir didel\u0117 sostin\u0117s bendruomen\u0117. \u00a0<\/p>\n<p>Gruod\u017eio 13 d. vilnie\u010diai ir miesto sve\u010diai taip pat gal\u0117s dalyvauti \u0161ventin\u0117se \u201eNeakivaizdinio Vilniaus\u201c ekskursijose su gidais, m\u0117gautis klasikiniu kal\u0117diniu filmu \u201eSkalvijos\u201c kino teatre, va\u017ein\u0117tis Kal\u0117d\u0173 traukinuku, suptis karusel\u0117je, lankytis kult\u016bros \u012fstaigose ar i\u0161bandyti kelion\u0119 \u0161ventiniu vie\u0161uoju transportu. Ir visa tai \u2013 visi\u0161kai nemokamai.<\/p>\n","protected":false},"excerpt":{"rendered":"Ar nor\u0117tum\u0117te sugr\u012f\u017eti \u012f vaikyst\u0119 ir v\u0117l i\u0161gyventi Kal\u0117d\u0173 laukimo jaudul\u012f, tarsi b\u016btum\u0117te penkeri\u0173? Vilniuje \u2013 Europos Kal\u0117d\u0173&hellip;\n","protected":false},"author":2,"featured_media":50246,"comment_status":"","ping_status":"","sticky":false,"template":"","format":"standard","meta":{"footnotes":""},"categories":[6],"tags":[25,30,31,34,35,24,7988,8470,11154,32,33,37,39,36,38,40,65,23,22,28,29,26,27],"class_list":{"0":"post-50245","1":"post","2":"type-post","3":"status-publish","4":"format-standard","5":"has-post-thumbnail","7":"category-antrastes","8":"tag-antrastes","9":"tag-breaking-news","10":"tag-breakingnews","11":"tag-featured-news","12":"tag-featurednews","13":"tag-headlines","14":"tag-kaledos","15":"tag-kaledos-2025","16":"tag-kaledos-sostineje","17":"tag-latest-news","18":"tag-latestnews","19":"tag-lietuva","20":"tag-lietuviu","21":"tag-lithuania","22":"tag-lithuanian","23":"tag-lt","24":"tag-naujiena","25":"tag-naujienos","26":"tag-news","27":"tag-populiariausios-naujienos","28":"tag-populiariausiosnaujienos","29":"tag-top-stories","30":"tag-topstories"},"share_on_mastodon":{"url":"https:\/\/pubeurope.com\/@lt\/115631248046960650","error":""},"_links":{"self":[{"href":"https:\/\/www.europesays.com\/lt\/wp-json\/wp\/v2\/posts\/50245","targetHints":{"allow":["GET"]}}],"collection":[{"href":"https:\/\/www.europesays.com\/lt\/wp-json\/wp\/v2\/posts"}],"about":[{"href":"https:\/\/www.europesays.com\/lt\/wp-json\/wp\/v2\/types\/post"}],"author":[{"embeddable":true,"href":"https:\/\/www.europesays.com\/lt\/wp-json\/wp\/v2\/users\/2"}],"replies":[{"embeddable":true,"href":"https:\/\/www.europesays.com\/lt\/wp-json\/wp\/v2\/comments?post=50245"}],"version-history":[{"count":0,"href":"https:\/\/www.europesays.com\/lt\/wp-json\/wp\/v2\/posts\/50245\/revisions"}],"wp:featuredmedia":[{"embeddable":true,"href":"https:\/\/www.europesays.com\/lt\/wp-json\/wp\/v2\/media\/50246"}],"wp:attachment":[{"href":"https:\/\/www.europesays.com\/lt\/wp-json\/wp\/v2\/media?parent=50245"}],"wp:term":[{"taxonomy":"category","embeddable":true,"href":"https:\/\/www.europesays.com\/lt\/wp-json\/wp\/v2\/categories?post=50245"},{"taxonomy":"post_tag","embeddable":true,"href":"https:\/\/www.europesays.com\/lt\/wp-json\/wp\/v2\/tags?post=50245"}],"curies":[{"name":"wp","href":"https:\/\/api.w.org\/{rel}","templated":true}]}}