{"id":50249,"date":"2025-11-29T05:23:27","date_gmt":"2025-11-29T05:23:27","guid":{"rendered":"https:\/\/www.europesays.com\/lt\/50249\/"},"modified":"2025-11-29T05:23:27","modified_gmt":"2025-11-29T05:23:27","slug":"donaldas-trumpas-visam-laikui-sustabdysiu-migracija-is-visu-treciojo-pasaulio-saliu-respublika-lt","status":"publish","type":"post","link":"https:\/\/www.europesays.com\/lt\/50249\/","title":{"rendered":"Donaldas Trumpas: \u201eVisam laikui sustabdysiu migracij\u0105 i\u0161 vis\u0173 Tre\u010diojo pasaulio \u0161ali\u0173&#8221; &#8211; Respublika.lt"},"content":{"rendered":"<p><img loading=\"lazy\" decoding=\"async\" src=\"https:\/\/www.respublika.lt\/lt\/naujienos\/pasaulis\/kitos_pasaulio_naujienos\/donaldas-trumpas-visam-laikui-sustabdysiu-migracija-is-visu-treciojo-pasaulio-saliu\/images\/ico_camera_white.gif\" class=\"camera\" width=\"22\" height=\"15\" alt=\"nuotr.\" style=\"position:relative; top:-2px; right:2px;\"\/> 1 nuotr.<\/p>\n<p>Donaldas Trumpas. EPA-Eltos nuotr.<\/p>\n<p>Jungtini\u0173 Valstij\u0173 prezidentas Donaldas Trumpas ketvirtadien\u012f, pra\u0117jus dienai po to, kai Afganistano pilietis, kaip \u012ftariama, Va\u0161ingtone pa\u0161ov\u0117 du Nacionalin\u0117s gvardijos karius, parei\u0161k\u0117, kad planuoja stabdyti migracij\u0105 i\u0161 \u201eTre\u010diojo pasaulio \u0161ali\u0173&#8221;.<\/p>\n<p style=\"text-align: justify;\" class=\"desktop_banner\">\u00a0<\/p>\n<p>\u201eVisam laikui sustabdysiu migracij\u0105 i\u0161 vis\u0173 Tre\u010diojo pasaulio \u0161ali\u0173, kad JAV sistema gal\u0117t\u0173 visi\u0161kai atsigauti&#8221;, &#8211; socialiniuose tinkluose para\u0161\u0117 D. Trumpas.<\/p>\n<p>Ma\u017ea to, jis pagrasino at\u0161aukti \u201emilijonus&#8221; leidim\u0173 atvykti, kurie buvo suteikti \u0161al\u012f valdant jo pirmtakui Joe Bidenui, ir \u201ei\u0161si\u0173sti visus, kurie n\u0117ra naudingi Jungtin\u0117ms Valstijoms&#8221;.<\/p>\n<p>D. Trumpas prid\u016br\u0117, kad panaikins visas federalines i\u0161mokas ir subsidijas ne JAV pilie\u010diams ir deportuos visus u\u017esienio \u0161ali\u0173 pilie\u010dius, kurie kelia gr\u0117sm\u0119 saugumui arba \u201en\u0117ra suderinami su Vakar\u0173 civilizacija.&#8221;<\/p>\n<p>T\u016b\u017emingas prezidento \u012fra\u0161as, kurio pabaigoje amerikie\u010diams buvo palink\u0117ta linksmos Pad\u0117kos dienos, \u017eymi jo antrosios kadencijos metu vykdomos prie\u0161 migrantus nukreiptos politikos, kurioje dominuoja masin\u0117 deportavim\u0173 kampanija, paa\u0161tr\u0117jim\u0105.<\/p>\n<p>\u201e\u0160ie tikslai bus \u012fgyvendinami siekiant gerokai suma\u017einti neteis\u0117t\u0173 ir trikd\u017eius kelian\u010di\u0173 gyventoj\u0173 skai\u010di\u0173&#8221;, &#8211; ketvirtadien\u012f tvirtino D. Trumpas. Jis pa\u017eym\u0117jo, kad \u201etik gr\u012f\u017etamoji migracija gali visi\u0161kai i\u0161spr\u0119sti \u0161i\u0105 situacij\u0105&#8221;.<\/p>\n<p>Naujausios \u017einios<\/p>\n<p><\/p>\n<p>        <a href=\"https:\/\/www.respublika.lt\/lt\/naujienos\/lietuva\/kitos-lietuvos-zinios\/laimejus-byla-pries-veiseja-konfiskavo-39-sunis\/\" rel=\"nofollow noopener\" target=\"_blank\"><img decoding=\"async\" oncontextmenu=\"return false\" class=\"block_item_newest_photo\" src=\"https:\/\/www.respublika.lt\/lt\/naujienos\/pasaulis\/kitos_pasaulio_naujienos\/donaldas-trumpas-visam-laikui-sustabdysiu-migracija-is-visu-treciojo-pasaulio-saliu\/uploads\/img\/catalog\/1\/photo_for_homepage_1_76275488.jpg\" alt=\"\" width=\"240\" height=\"154.45\"\/><\/a><\/p>\n<p>        <a href=\"https:\/\/www.respublika.lt\/lt\/naujienos\/pasaulis\/kitos_pasaulio_naujienos\/ugniagesiu-brigada-islaisvino-mergaite-is-skalbimo-masinos\/\" rel=\"nofollow noopener\" target=\"_blank\"><img decoding=\"async\" oncontextmenu=\"return false\" class=\"block_item_newest_photo\" src=\"https:\/\/www.respublika.lt\/lt\/naujienos\/pasaulis\/kitos_pasaulio_naujienos\/donaldas-trumpas-visam-laikui-sustabdysiu-migracija-is-visu-treciojo-pasaulio-saliu\/uploads\/img\/catalog\/1\/photo_for_homepage_1_70414304.jpg\" alt=\"\" width=\"240\" height=\"154.45\"\/><\/a><\/p>\n<p>Patiko straipsnis? Leisk mums apie tai su\u017einoti. Nepamir\u0161k pasidalinti Facebook! <\/p>\n<p><img loading=\"lazy\" decoding=\"async\" class=\"p2_social_circle_icon\" src=\"https:\/\/www.respublika.lt\/images\/thumbs_up.svg\" width=\"21\" height=\"22\" alt=\"L\"\/><\/p>\n<p><img loading=\"lazy\" decoding=\"async\" class=\"p2_social_circle_icon\" src=\"https:\/\/www.respublika.lt\/images\/facebook.svg\" alt=\"F\" width=\"22\" height=\"22\" style=\"filter: invert(37%) sepia(55%) saturate(2351%) hue-rotate(187deg) brightness(102%) contrast(106%);\"\/><\/p>\n<p>&#13;<br \/>\n\tNesutinkate &#8211; diskutuokime!<br \/>&#13;<br \/>\n\tNepykite komentatoriai, bet komentarai su keiksma\u017eod\u017eiais bus \u0161alinami automati\u0161kai, be atsipra\u0161ymo.\n    <\/p>\n<p>&#13;<br \/>\n              Respublika.lt pasilieka teis\u0119 pa\u0161alinti nekult\u016bringus, keiksma\u017eod\u017eiais pagardintus, su tema nesusijusius, kito asmens vardu pasira\u0161ytus, \u012fstatymus pa\u017eeid\u017eian\u010dius, \u0161lam\u0161t\u0105 reklamuojan\u010dius ar nusikalsti kurstan\u010dius komentarus. Jei kurstysite smurt\u0105, rasin\u0119, tautin\u0119, religin\u0119 ar kitokio pob\u016bd\u017eio neapykant\u0105, \u017evirbliu i\u0161skrid\u0119 j\u016bs\u0173 \u017eod\u017eiai gr\u012f\u017edami gali virsti ton\u0105 sverian\u010diu jau\u010diu &#8211; specialiosioms Lietuvos tarnyboms pareikalavus suteiksime j\u016bs\u0173 duomenis.\n            <\/p>\n","protected":false},"excerpt":{"rendered":"1 nuotr. Donaldas Trumpas. EPA-Eltos nuotr. Jungtini\u0173 Valstij\u0173 prezidentas Donaldas Trumpas ketvirtadien\u012f, pra\u0117jus dienai po to, kai Afganistano&hellip;\n","protected":false},"author":2,"featured_media":50250,"comment_status":"","ping_status":"","sticky":false,"template":"","format":"standard","meta":{"footnotes":""},"categories":[6],"tags":[25,30,31,34,35,24,223,32,33,37,39,36,38,40,4077,23,22,28,29,26,27,1270],"class_list":{"0":"post-50249","1":"post","2":"type-post","3":"status-publish","4":"format-standard","5":"has-post-thumbnail","7":"category-antrastes","8":"tag-antrastes","9":"tag-breaking-news","10":"tag-breakingnews","11":"tag-featured-news","12":"tag-featurednews","13":"tag-headlines","14":"tag-jav","15":"tag-latest-news","16":"tag-latestnews","17":"tag-lietuva","18":"tag-lietuviu","19":"tag-lithuania","20":"tag-lithuanian","21":"tag-lt","22":"tag-migracija","23":"tag-naujienos","24":"tag-news","25":"tag-populiariausios-naujienos","26":"tag-populiariausiosnaujienos","27":"tag-top-stories","28":"tag-topstories","29":"tag-trumpas"},"share_on_mastodon":{"url":"https:\/\/pubeurope.com\/@lt\/115631318956222110","error":""},"_links":{"self":[{"href":"https:\/\/www.europesays.com\/lt\/wp-json\/wp\/v2\/posts\/50249","targetHints":{"allow":["GET"]}}],"collection":[{"href":"https:\/\/www.europesays.com\/lt\/wp-json\/wp\/v2\/posts"}],"about":[{"href":"https:\/\/www.europesays.com\/lt\/wp-json\/wp\/v2\/types\/post"}],"author":[{"embeddable":true,"href":"https:\/\/www.europesays.com\/lt\/wp-json\/wp\/v2\/users\/2"}],"replies":[{"embeddable":true,"href":"https:\/\/www.europesays.com\/lt\/wp-json\/wp\/v2\/comments?post=50249"}],"version-history":[{"count":0,"href":"https:\/\/www.europesays.com\/lt\/wp-json\/wp\/v2\/posts\/50249\/revisions"}],"wp:featuredmedia":[{"embeddable":true,"href":"https:\/\/www.europesays.com\/lt\/wp-json\/wp\/v2\/media\/50250"}],"wp:attachment":[{"href":"https:\/\/www.europesays.com\/lt\/wp-json\/wp\/v2\/media?parent=50249"}],"wp:term":[{"taxonomy":"category","embeddable":true,"href":"https:\/\/www.europesays.com\/lt\/wp-json\/wp\/v2\/categories?post=50249"},{"taxonomy":"post_tag","embeddable":true,"href":"https:\/\/www.europesays.com\/lt\/wp-json\/wp\/v2\/tags?post=50249"}],"curies":[{"name":"wp","href":"https:\/\/api.w.org\/{rel}","templated":true}]}}