{"id":50251,"date":"2025-11-29T05:28:09","date_gmt":"2025-11-29T05:28:09","guid":{"rendered":"https:\/\/www.europesays.com\/lt\/50251\/"},"modified":"2025-11-29T05:28:09","modified_gmt":"2025-11-29T05:28:09","slug":"savaitgali-cepelininis-dangus-ir-pavojingi-oru-reiskiniai","status":"publish","type":"post","link":"https:\/\/www.europesays.com\/lt\/50251\/","title":{"rendered":"Savaitgal\u012f \u2013 cepelininis dangus ir pavojingi or\u0173 rei\u0161kiniai"},"content":{"rendered":"<p>Dangus daugiausia numatomas debesuotas, nedideli\u0173 pragiedruli\u0173 tikimyb\u0117 bus nebent pietrytiniuose rajonuose. Krituliai numatomi \u0161iaur\u0117s vakarin\u0117je \u0161alies pus\u0117je. Daugiausia kris negausus lietus. Vietomis formuosis lijundra, kuri labiau tik\u0117tina \u0160iaur\u0117s vakaruose pirmoje dienos pus\u0117je. Taip pat reiks pasisaugoti ir plikled\u017eio. <\/p>\n<p>P\u016bs apysmarkis pietini\u0173 kryp\u010di\u0173 v\u0117jas, kurio g\u016bsiai paj\u016bryje dar sieks 15 m\/s. Temperat\u016bra \u0161alyje pasiskirstys nuo 1 laipsnio \u0161al\u010dio iki 4 laipsni\u0173 \u0161ilumos.<\/p>\n<p>Sekmadienio nakt\u012f dangus daugiausia i\u0161liks debesuotas, pragiedruli\u0173 tik\u0117tis neverta. \u017dymesni\u0173 krituli\u0173 jau nenumatoma. Vietomis i\u0161liks slidu d\u0117l plikled\u017eio, formuosis matomum\u0105 ma\u017einantis r\u016bkas. Piet\u0173, pietry\u010di\u0173 v\u0117jas nurims. Temperat\u016bra daug kur pa\u017eem\u0117s iki 0\u20135 laipsni\u0173 \u0161al\u010dio, o silpnai teigiama i\u0161liks nebent paj\u016bryje.<\/p>\n<p>Sekmadienio dien\u0105 <a rel=\"noopener follow nofollow\" target=\"_blank\" href=\"https:\/\/www.delfi.lt\/orai\/\" data-rel-date-range=\"[]\">or\u0173<\/a> poky\u010di\u0173 nenumatoma. Dangus i\u0161liks aptrauktas \u017eemais, pilkais debesimis. I\u0161 j\u0173 v\u0117l kris nebent ne\u017eymus lietus ar dulksna. V\u0117jas i\u0161liks nestiprus, piet\u0173, pietry\u010di\u0173 krypties, kai kur dar laikysis ir prastesnis matomumas. Auk\u0161\u010diausia temperat\u016bra bus tarp 0\u20134 laipsni\u0173 \u0161ilumos.<\/p>\n","protected":false},"excerpt":{"rendered":"Dangus daugiausia numatomas debesuotas, nedideli\u0173 pragiedruli\u0173 tikimyb\u0117 bus nebent pietrytiniuose rajonuose. Krituliai numatomi \u0161iaur\u0117s vakarin\u0117je \u0161alies pus\u0117je. Daugiausia&hellip;\n","protected":false},"author":2,"featured_media":50252,"comment_status":"","ping_status":"","sticky":false,"template":"","format":"standard","meta":{"footnotes":""},"categories":[13],"tags":[25,30,31,34,35,24,32,33,37,39,36,38,40,23,22,260,28,29,26,27],"class_list":{"0":"post-50251","1":"post","2":"type-post","3":"status-publish","4":"format-standard","5":"has-post-thumbnail","7":"category-lietuva","8":"tag-antrastes","9":"tag-breaking-news","10":"tag-breakingnews","11":"tag-featured-news","12":"tag-featurednews","13":"tag-headlines","14":"tag-latest-news","15":"tag-latestnews","16":"tag-lietuva","17":"tag-lietuviu","18":"tag-lithuania","19":"tag-lithuanian","20":"tag-lt","21":"tag-naujienos","22":"tag-news","23":"tag-orai","24":"tag-populiariausios-naujienos","25":"tag-populiariausiosnaujienos","26":"tag-top-stories","27":"tag-topstories"},"share_on_mastodon":{"url":"https:\/\/pubeurope.com\/@lt\/115631338522051134","error":""},"_links":{"self":[{"href":"https:\/\/www.europesays.com\/lt\/wp-json\/wp\/v2\/posts\/50251","targetHints":{"allow":["GET"]}}],"collection":[{"href":"https:\/\/www.europesays.com\/lt\/wp-json\/wp\/v2\/posts"}],"about":[{"href":"https:\/\/www.europesays.com\/lt\/wp-json\/wp\/v2\/types\/post"}],"author":[{"embeddable":true,"href":"https:\/\/www.europesays.com\/lt\/wp-json\/wp\/v2\/users\/2"}],"replies":[{"embeddable":true,"href":"https:\/\/www.europesays.com\/lt\/wp-json\/wp\/v2\/comments?post=50251"}],"version-history":[{"count":0,"href":"https:\/\/www.europesays.com\/lt\/wp-json\/wp\/v2\/posts\/50251\/revisions"}],"wp:featuredmedia":[{"embeddable":true,"href":"https:\/\/www.europesays.com\/lt\/wp-json\/wp\/v2\/media\/50252"}],"wp:attachment":[{"href":"https:\/\/www.europesays.com\/lt\/wp-json\/wp\/v2\/media?parent=50251"}],"wp:term":[{"taxonomy":"category","embeddable":true,"href":"https:\/\/www.europesays.com\/lt\/wp-json\/wp\/v2\/categories?post=50251"},{"taxonomy":"post_tag","embeddable":true,"href":"https:\/\/www.europesays.com\/lt\/wp-json\/wp\/v2\/tags?post=50251"}],"curies":[{"name":"wp","href":"https:\/\/api.w.org\/{rel}","templated":true}]}}