{"id":50260,"date":"2025-11-29T05:52:08","date_gmt":"2025-11-29T05:52:08","guid":{"rendered":"https:\/\/www.europesays.com\/lt\/50260\/"},"modified":"2025-11-29T05:52:08","modified_gmt":"2025-11-29T05:52:08","slug":"prezidentas-apdovanos-geriausias-lietuvos-galios-iniciatyvas","status":"publish","type":"post","link":"https:\/\/www.europesays.com\/lt\/50260\/","title":{"rendered":"Prezidentas apdovanos geriausias \u201eLietuvos galios\u201c iniciatyvas"},"content":{"rendered":"<p>\u0160ie prezidento kuruojamos pilietin\u0117s platformos \u201eLietuvos galia\u201c apdovanojimai vyks ketvirt\u0105 kart\u0105.<\/p>\n<p>Geriausios iniciatyvos konkurse renkamos i\u0161 prad\u017ei\u0173 atviru internetiniu balsavimu, po to \u2013 komisijos sprendimu keturiose kategorijose: \u201e\u017dalia Lietuva\u201c, \u201eStipri Lietuva\u201c, \u201eTeisinga Lietuva\u201c ir \u201eInovatyvi Lietuva\u201c.<\/p>\n<p>Atviru balsavimu atrenkama po 15 kiekvienos kategorijos iniciatyv\u0173, tuomet vie\u0161ojo ir nevyriausybinio sektoriaus ekspert\u0173 komisija i\u0161renka 20 \u201eLietuvos galios\u201c apdovanojim\u0173 laureat\u0173 \u2013 po penkis kiekvienoje kategorijoje.<\/p>\n<p>\u201eLietuvos galia\u201c siekiama aktyvesnio visuomen\u0117s \u012fsitraukimo \u012f valstyb\u0117s gyvenim\u0105, pilietin\u0117s galios stiprinimo. Tai platforma savanoriams, bendruomen\u0117ms, aktyviems pilie\u010diams ir kitiems pristatyti savo veiklas, rasti bendramin\u010di\u0173 ir sulaukti palaikymo.<\/p>\n<p>\u0160iuo metu platforma vienija 559 regionines, nacionalines ir diasporos iniciatyvas.<\/p>\n<p>Kaip ra\u0161\u0117 BNS, kelios nevyriausybin\u0117s organizacijos spalio prad\u017eioje prane\u0161\u0117, kad traukiasi i\u0161 \u201eLietuvos galios\u201c, reik\u0161damos palaikym\u0105 prie\u0161 \u201eau\u0161rie\u010dius\u201c Kult\u016bros ministerijoje protestavusiai bendruomenei.<\/p>\n<p>Tok\u012f sprendim\u0105 pri\u0117m\u0117 Nacionalinio skurdo ma\u017einimo organizacij\u0173 tinklas, Nacionalinio \u0161vietimo NVO tinklas, Lietuvos student\u0173 s\u0105junga, Lietuvos moksleivi\u0173 s\u0105junga, Kauno bendruomeni\u0173 centr\u0173 asociacija, \u201eGlobal Lithuanian Leaders\u201c ir Lietuvos socialinio verslo asociacija.<\/p>\n","protected":false},"excerpt":{"rendered":"\u0160ie prezidento kuruojamos pilietin\u0117s platformos \u201eLietuvos galia\u201c apdovanojimai vyks ketvirt\u0105 kart\u0105. Geriausios iniciatyvos konkurse renkamos i\u0161 prad\u017ei\u0173 atviru&hellip;\n","protected":false},"author":2,"featured_media":50261,"comment_status":"","ping_status":"","sticky":false,"template":"","format":"standard","meta":{"footnotes":""},"categories":[13],"tags":[25,30,31,34,35,24,32,33,37,39,36,38,40,23,22,28,29,26,27],"class_list":{"0":"post-50260","1":"post","2":"type-post","3":"status-publish","4":"format-standard","5":"has-post-thumbnail","7":"category-lietuva","8":"tag-antrastes","9":"tag-breaking-news","10":"tag-breakingnews","11":"tag-featured-news","12":"tag-featurednews","13":"tag-headlines","14":"tag-latest-news","15":"tag-latestnews","16":"tag-lietuva","17":"tag-lietuviu","18":"tag-lithuania","19":"tag-lithuanian","20":"tag-lt","21":"tag-naujienos","22":"tag-news","23":"tag-populiariausios-naujienos","24":"tag-populiariausiosnaujienos","25":"tag-top-stories","26":"tag-topstories"},"share_on_mastodon":{"url":"https:\/\/pubeurope.com\/@lt\/115631432821695758","error":""},"_links":{"self":[{"href":"https:\/\/www.europesays.com\/lt\/wp-json\/wp\/v2\/posts\/50260","targetHints":{"allow":["GET"]}}],"collection":[{"href":"https:\/\/www.europesays.com\/lt\/wp-json\/wp\/v2\/posts"}],"about":[{"href":"https:\/\/www.europesays.com\/lt\/wp-json\/wp\/v2\/types\/post"}],"author":[{"embeddable":true,"href":"https:\/\/www.europesays.com\/lt\/wp-json\/wp\/v2\/users\/2"}],"replies":[{"embeddable":true,"href":"https:\/\/www.europesays.com\/lt\/wp-json\/wp\/v2\/comments?post=50260"}],"version-history":[{"count":0,"href":"https:\/\/www.europesays.com\/lt\/wp-json\/wp\/v2\/posts\/50260\/revisions"}],"wp:featuredmedia":[{"embeddable":true,"href":"https:\/\/www.europesays.com\/lt\/wp-json\/wp\/v2\/media\/50261"}],"wp:attachment":[{"href":"https:\/\/www.europesays.com\/lt\/wp-json\/wp\/v2\/media?parent=50260"}],"wp:term":[{"taxonomy":"category","embeddable":true,"href":"https:\/\/www.europesays.com\/lt\/wp-json\/wp\/v2\/categories?post=50260"},{"taxonomy":"post_tag","embeddable":true,"href":"https:\/\/www.europesays.com\/lt\/wp-json\/wp\/v2\/tags?post=50260"}],"curies":[{"name":"wp","href":"https:\/\/api.w.org\/{rel}","templated":true}]}}