{"id":50272,"date":"2025-11-29T06:33:14","date_gmt":"2025-11-29T06:33:14","guid":{"rendered":"https:\/\/www.europesays.com\/lt\/50272\/"},"modified":"2025-11-29T06:33:14","modified_gmt":"2025-11-29T06:33:14","slug":"galingi-sprogimai-juroje-2-rusu-tanklaiviai-skesta-dumuose","status":"publish","type":"post","link":"https:\/\/www.europesays.com\/lt\/50272\/","title":{"rendered":"Galingi sprogimai j\u016broje: 2 rus\u0173 tanklaiviai sk\u0119sta d\u016bmuose"},"content":{"rendered":"\n<p>Nukent\u0117j\u0119 <a href=\"https:\/\/www.tv3.lt\/gaires\/laivai\" target=\"_blank\" rel=\"nofollow noopener\">laivai<\/a> yra\u00a0\u201eKairos\u201c ir \u201eVirat\u201c.<\/p>\n<p> Nukent\u0117jo du\u00a0 <\/p>\n<p>\u012e pirm\u0105j\u012f es\u0105 prad\u0117jo ver\u017etis vanduo. Turkijos J\u016br\u0173 reikal\u0173 generalinis direktoratas patvirtino, kad incidentas \u012fvyko ir prane\u0161\u0117, kad pana\u0161us incidentas nutiko ir \u201eVirat\u201c, buvusiam netoli pakrant\u0117s. I\u0161 jo es\u0105 prad\u0117jo ver\u017etis d\u016bmai.<\/p>\n<p>     <a href=\"https:\/\/www.tv3.lt\/Uploads\/UGallery\/photos\/14\/f9\/df\/b9\/14f9dfb9032c2e8b441eb87294063de1.jpg\" data-fancybox=\"photos-embed\" data-caption=\"Smogta dviem rus\u0173 tanklaiviams (nuotr. Telegram)\" target=\"_self\" rel=\"nofollow noopener\"> <img decoding=\"async\" class=\"photo-inside-article\" align=\"center\" alt=\"Smogta dviem rus\u0173 tanklaiviams (nuotr. Telegram)\" title=\"Smogta dviem rus\u0173 tanklaiviams (nuotr. Telegram)\" src=\"https:\/\/www.europesays.com\/lt\/wp-content\/uploads\/2025\/11\/14f9dfb9032c2e8b441eb87294063de1.jpg\" width=\"684\" height=\"654\" loading=\"lazy\" \/> <\/a>       <\/p>\n<p>Sprogim\u0173 prie\u017eastys neai\u0161kios, buvo prad\u0117ta gelb\u0117jimo operacija.<\/p>\n<p>\u201eKairos\u201c yra sankcionuotas Jungtin\u0117s Karalyst\u0117s ir <a href=\"https:\/\/www.tv3.lt\/rubrika\/naujienos\/uzsienis\/europa\" target=\"_blank\" class=\"phrase\" rel=\"nofollow noopener\">Europos<\/a> S\u0105jungos, o \u201eVirat\u201c \u2013 JAV ir ES.<\/p>\n<p>Tai ne pirmas kartas, kai su Maskva susij\u0119 laivai \u0161iais metais pagars\u0117ja sprogimais. 2025 m. prad\u017eioje smogta prekybiniams laivams, kurie anks\u010diau lank\u0117si <a href=\"https:\/\/www.tv3.lt\/rubrika\/naujienos\/uzsienis\/rusija\" target=\"_blank\" class=\"phrase\" rel=\"nofollow noopener\">Rusijos<\/a> uostuose.<\/p>\n<p>Dar n\u0117ra \u017einoma, kas atsitiko \u0161iems laivams ir, jei jie buvo atakiuoti, kas u\u017e tai atsakingas.<\/p>\n<p>Min\u0117to leidinio duomenimis, \u201eKairos\u201c incidento metu gr\u012f\u017ein\u0117jo \u012f Rusijos uost\u0105, kad pakraut\u0173 kit\u0105 krovin\u012f. Kaip ir \u201eKairos\u201c, \u201eVirat\u201c atakos metu taip pat buvo tu\u0161\u010dias.<\/p>\n<p>\n                                        \u0160altinis:<br \/>\n                                                                                    tv3.lt\n                                                                                <\/p>\n<p>Kvie\u010diame atrasti nauj\u0105 tv3.lt turin\u012f! Nuo \u0161iol portale j\u016bs\u0173 laukia <a href=\"https:\/\/www.tv3.lt\/testai\" rel=\"nofollow noopener\" target=\"_blank\">kasdien nauji testai<\/a> \u2013 i\u0161bandykite savo \u017einias ir smagiai praleiskite laik\u0105.<\/p>\n","protected":false},"excerpt":{"rendered":"Nukent\u0117j\u0119 laivai yra\u00a0\u201eKairos\u201c ir \u201eVirat\u201c. Nukent\u0117jo du\u00a0 \u012e pirm\u0105j\u012f es\u0105 prad\u0117jo ver\u017etis vanduo. Turkijos J\u016br\u0173 reikal\u0173 generalinis direktoratas&hellip;\n","protected":false},"author":2,"featured_media":50273,"comment_status":"","ping_status":"","sticky":false,"template":"","format":"standard","meta":{"footnotes":""},"categories":[15],"tags":[12532,25,30,31,57,43,34,35,55,48,24,54,51,49,50,32,33,37,39,36,38,40,45,23,22,44,28,29,53,42,56,47,26,27,41,46,58,74,75,76,52],"class_list":{"0":"post-50272","1":"post","2":"type-post","3":"status-publish","4":"format-standard","5":"has-post-thumbnail","7":"category-pasaulis","8":"tag-2025-11-28-204900","9":"tag-antrastes","10":"tag-breaking-news","11":"tag-breakingnews","12":"tag-daiktai","13":"tag-dienos-kronika","14":"tag-featured-news","15":"tag-featurednews","16":"tag-gatves-tekstai","17":"tag-gyvenimas","18":"tag-headlines","19":"tag-interneto-pievos","20":"tag-keliones","21":"tag-kultura","22":"tag-laisvalaikis","23":"tag-latest-news","24":"tag-latestnews","25":"tag-lietuva","26":"tag-lietuviu","27":"tag-lithuania","28":"tag-lithuanian","29":"tag-lt","30":"tag-mokslas-ir-it","31":"tag-naujienos","32":"tag-news","33":"tag-pasaulis","34":"tag-populiariausios-naujienos","35":"tag-populiariausiosnaujienos","36":"tag-projektai","37":"tag-rinktiniai-tekstai","38":"tag-simtmecio-portalas","39":"tag-sportas","40":"tag-top-stories","41":"tag-topstories","42":"tag-tv3-lt","43":"tag-verslas","44":"tag-video","45":"tag-world","46":"tag-world-news","47":"tag-worldnews","48":"tag-zaidimai"},"share_on_mastodon":{"url":"","error":"Validation failed: Text character limit of 500 exceeded"},"_links":{"self":[{"href":"https:\/\/www.europesays.com\/lt\/wp-json\/wp\/v2\/posts\/50272","targetHints":{"allow":["GET"]}}],"collection":[{"href":"https:\/\/www.europesays.com\/lt\/wp-json\/wp\/v2\/posts"}],"about":[{"href":"https:\/\/www.europesays.com\/lt\/wp-json\/wp\/v2\/types\/post"}],"author":[{"embeddable":true,"href":"https:\/\/www.europesays.com\/lt\/wp-json\/wp\/v2\/users\/2"}],"replies":[{"embeddable":true,"href":"https:\/\/www.europesays.com\/lt\/wp-json\/wp\/v2\/comments?post=50272"}],"version-history":[{"count":0,"href":"https:\/\/www.europesays.com\/lt\/wp-json\/wp\/v2\/posts\/50272\/revisions"}],"wp:featuredmedia":[{"embeddable":true,"href":"https:\/\/www.europesays.com\/lt\/wp-json\/wp\/v2\/media\/50273"}],"wp:attachment":[{"href":"https:\/\/www.europesays.com\/lt\/wp-json\/wp\/v2\/media?parent=50272"}],"wp:term":[{"taxonomy":"category","embeddable":true,"href":"https:\/\/www.europesays.com\/lt\/wp-json\/wp\/v2\/categories?post=50272"},{"taxonomy":"post_tag","embeddable":true,"href":"https:\/\/www.europesays.com\/lt\/wp-json\/wp\/v2\/tags?post=50272"}],"curies":[{"name":"wp","href":"https:\/\/api.w.org\/{rel}","templated":true}]}}