{"id":50274,"date":"2025-11-29T06:39:26","date_gmt":"2025-11-29T06:39:26","guid":{"rendered":"https:\/\/www.europesays.com\/lt\/50274\/"},"modified":"2025-11-29T06:39:26","modified_gmt":"2025-11-29T06:39:26","slug":"po-kovos-su-korupcija-pareigunu-reidu-zelenskis-atleido-savo-vyriausiaji-padejeja","status":"publish","type":"post","link":"https:\/\/www.europesays.com\/lt\/50274\/","title":{"rendered":"Po kovos su korupcija pareig\u016bn\u0173 reid\u0173 Zelenskis atleido savo vyriausi\u0105j\u012f pad\u0117j\u0117j\u0105"},"content":{"rendered":"<p>A. Jermako atleidimas yra rimtas sm\u016bgis V. Zelenskiui tokiu metu, kai Rusija stiprina puolim\u0105 \u0161alies rytuose, o Jungtin\u0117s Amerikos Valstijos, svarbi s\u0105junginink\u0117, netik\u0117tai pateik\u0117 Maskvai itin palank\u0173 plan\u0105, kaip u\u017ebaigti kar\u0105.<\/p>\n<p>Vos pra\u0117jusi\u0105 savait\u0119 V. Zelenskis paskyr\u0117 54 met\u0173 A. Jermak\u0105 vyriausiuoju Ukrainos derybininku svarbiose derybose siekiant patobulinti JAV plan\u0105. Tai buvo pasitik\u0117jimo \u017eenklas, opozicijai didinant spaudim\u0105 pa\u0161alinti i\u0161 pareig\u0173 prie\u0161taringai vertinam\u0105 jo \u0161tabo vir\u0161inink\u0105.\u00a0<\/p>\n<p>Penktadien\u012f V. Zelenskis vaizdo kreipimesi paskelb\u0117, kad \u201eUkrainos prezidento biuras bus pertvarkytas. Biuro vadovas Andrijus Jermakas pateik\u0117 atsistatydinimo parei\u0161kim\u0105\u201c.<\/p>\n<p>    <img decoding=\"async\" src=\"https:\/\/www.europesays.com\/lt\/wp-content\/uploads\/2025\/11\/9e1c3cc9-d083-42ab-8693-13814b6c3efd.jpg\" loading=\"lazy\" alt=\"Po kovos su korupcija pareig\u016bn\u0173 reid\u0173 Zelenskis atleido savo vyriausi\u0105j\u012f pad\u0117j\u0117j\u0105\"\/>      <\/p>\n<p>\u00a0Po keli\u0173 minu\u010di\u0173 V. Zelenskis pasira\u0161\u0117 \u012fsak\u0105 atleisti A. Jermak\u0105.\u00a0<\/p>\n<p>Penktadienio ryt\u0105 Nacionalin\u0117s kovos su korupcija agent\u016bros (NABU) tyr\u0117jai prane\u0161\u0117, kad kartu su Specializuotos kovos su korupcija prokurat\u016bros (SPO) pareig\u016bnais atliko krat\u0105 A. Jermako bute.\u00a0<\/p>\n<p>Jie nenurod\u0117, d\u0117l ko buvo atlikta \u0161i krata, o A.Jermakas teig\u0117 \u00a0visapusi\u0161kai bendradarbiaujantis.\u00a0<\/p>\n<p>Jis kaltinamas dalyvavimu 100 mln. doleri\u0173 vert\u0117s ky\u0161i\u0173 schemoje strateginiame energetikos sektoriuje, tyr\u0117j\u0173 atskleistoje anks\u010diau \u0161\u012f m\u0117nes\u012f. Byla suk\u0117l\u0117 didel\u012f visuomen\u0117s pasipiktinim\u0105 tokiu metu, kai Rusija bombarduoja Ukrainos elektros tinkl\u0105, d\u0117l to gyventojai lieka be elektros ir \u017eiem\u0105 gali likti be \u0161ildymo.\u00a0<\/p>\n<p>    <img decoding=\"async\" src=\"https:\/\/www.europesays.com\/lt\/wp-content\/uploads\/2025\/11\/a5fe97d0-4d0c-4fb3-b3a5-ef2d940d1bfa.jpg\" loading=\"lazy\" alt=\"Po kovos su korupcija pareig\u016bn\u0173 reid\u0173 Zelenskis atleido savo vyriausi\u0105j\u012f pad\u0117j\u0117j\u0105\"\/>      <\/p>\n<p>Kilus skandalui, V. Zelenskis penktadien\u012f siek\u0117 sutelkti visuomen\u0119.\u00a0<\/p>\n<p>\u201eJei prarasime m\u016bs\u0173 vienyb\u0119, rizikuojame prarasti visk\u0105: save, Ukrain\u0105, savo ateit\u012f\u201c, \u2013 sakoma jo kreipimesi.<\/p>\n<p>Jermako \u012ftaka\u00a0<\/p>\n<p>V. Zelenskis teig\u0117, kad \u0161e\u0161tadien\u012f surengs konsultacijas d\u0117l A. Jermako pakeitimo. Derybas su Jungtin\u0117mis Valstijomis ves kari\u0161kiai, diplomatai ir \u017evalgybos tarnybos.\u00a0<\/p>\n<p>Artimiausiomis dienomis JAV armijos sekretorius Danas Driscollas tur\u0117t\u0173 atvykti \u012f Kyjiv\u0105 aptarti naujausio karo u\u017ebaigimo plano, o prezidento Donaldo Trumpo pasiuntinys Steve&#8217;as Witkoffas kit\u0105 savait\u0119 vyks \u012f Maskv\u0105 deryb\u0173 su Vladimiru Putinu.\u00a0<\/p>\n<p>A. Jermakas buvo svarbiausias V. Zelenskio s\u0105jungininkas, ta\u010diau Kyjive \u2013 skaldanti asmenyb\u0117. Jo oponentai teig\u0117, kad jis sutelk\u0117 gali\u0105 \u012f savo rankas, kontroliavo prieig\u0105 prie prezidento ir negailestingai slopino kritikus.\u00a0<\/p>\n<p>Buv\u0119s kino prodiuseris ir autori\u0173 teisi\u0173 advokatas \u012f politik\u0105 at\u0117jo kartu su V. Zelenskiu 2019 m., anks\u010diau su juo dirbo, kai dabartinis prezidentas buvo populiarus komikas. A.Jermakas buvo pla\u010diai laikomas antru \u012ftakingiausiu \u017emogumi \u0161alyje ir netgi kartais pravard\u017eiuojamas \u201eviceprezidentu\u201c.\u00a0<\/p>\n<p>       <img decoding=\"async\" src=\"https:\/\/www.europesays.com\/lt\/wp-content\/uploads\/2025\/11\/fda74a6f-81a2-428c-a75f-130a1323200d.jpg\" loading=\"lazy\" alt=\"Po kovos su korupcija pareig\u016bn\u0173 reid\u0173 Zelenskis atleido savo vyriausi\u0105j\u012f pad\u0117j\u0117j\u0105\"\/>      <\/p>\n<p>\u201eJermakas niekam neleid\u017eia prieiti prie \u00a0Zelenskio, i\u0161skyrus lojalius \u017emones\u201c, \u2013 sak\u0117 su V. Zelenskiu ir A. Jermaku dirb\u0119s buv\u0119s auk\u0161tas pareig\u016bnas, pastar\u0105j\u012f apib\u016bdin\u0119s kaip \u201eitin paranoji\u0161k\u0105\u201c.\u00a0<\/p>\n<p>\u201eJis tikrai m\u0117gino daryti \u012ftak\u0105 beveik kiekvienam sprendimui\u201c, \u2013 prid\u016br\u0117 jis.\u00a0<\/p>\n<p>\u012etakingas \u0161altinis i\u0161 V. Zelenskio partijos teig\u0117, kad A. Jermako \u012ftaka prezidentui \u201eprilygsta hipnozei\u201c.\u00a0<\/p>\n<p>Po reido \u012f A. Jermako but\u0105 Europos S\u0105junga palaik\u0117 Ukrainos kovos su korupcija agent\u016br\u0173 darb\u0105. \u201eMes su pagarba vertiname \u0161iuos tyrimus, kurie rodo, kad Ukrainos kovos su korupcija institucijos atlieka savo darb\u0105\u201c, \u2013 parei\u0161k\u0117 Europos Komisijos atstov\u0117 spaudai Paula Pinho.\u00a0<\/p>\n<p>V. Zelenskis vasar\u0105 m\u0117gino panaikinti NABU ir SPO nepriklausomyb\u0119, tai suk\u0117l\u0117 retus karo metu protestus ir privert\u0117 j\u012f at\u0161aukti sprendim\u0105, kai j\u012f sukritikavo ES.<\/p>\n<p>Spaudimas Zelenskiui\u00a0<\/p>\n<p>Per vis\u0105 kar\u0105 A. Jermakas buvo i\u0161tikimas V. Zelenskio \u0161alininkas. Abu vyrai kartu matomi beveik vis\u0173 prezidento rengini\u0173 oficialiose nuotraukose. \u017diniasklaida prane\u0161\u0117, kad j\u0173 lovos stovi greta prezidento kanceliarijos po\u017eeminiame bunkeryje, o laisvalaikiu jie \u017eaid\u017eia stalo tenis\u0105, \u017ei\u016bri filmus arba sportuoja.\u00a0<\/p>\n<p>Ta\u010diau visuomen\u0117je A. Jermakas buvo labai nepopuliarus \u2013 kovo m\u0117nes\u012f nevyriausybin\u0117s organizacijos \u201eRazumkovo centras\u201c atlikta apklausa parod\u0117, kad juo nepasitiki du tre\u010ddaliai gyventoj\u0173.<\/p>\n<p>Ukrainos politinis analitikas Volodymyras Fesenka prie\u0161 A. Jermako nu\u0161alinim\u0105 sak\u0117, kad jam reikia sustiprinti Kyjivo pozicijas derybose su Jungtin\u0117mis Valstijomis.\u00a0<\/p>\n<p>U\u017esimindamas apie \u0161io momento pa\u017eeid\u017eiamum\u0105, V. Zelenskis taip pat pabr\u0117\u017e\u0117, kad \u0161iuo metu negali sau leisti daryti politini\u0173 klaid\u0173.\u00a0<\/p>\n<p>\u201eRusija tikrai nori, kad Ukraina daryt\u0173 klaidas\u201c, \u2013 sak\u0117 jis, bet prid\u016br\u0117: \u201eI\u0161 m\u016bs\u0173 pus\u0117s nebus joki\u0173 klaid\u0173\u201c.<\/p>\n","protected":false},"excerpt":{"rendered":"A. Jermako atleidimas yra rimtas sm\u016bgis V. Zelenskiui tokiu metu, kai Rusija stiprina puolim\u0105 \u0161alies rytuose, o Jungtin\u0117s&hellip;\n","protected":false},"author":2,"featured_media":50275,"comment_status":"","ping_status":"","sticky":false,"template":"","format":"standard","meta":{"footnotes":""},"categories":[15],"tags":[3897,25,30,31,3346,34,35,24,32,33,37,39,36,38,40,23,22,44,28,29,390,26,27,360,971,74,75,76],"class_list":{"0":"post-50274","1":"post","2":"type-post","3":"status-publish","4":"format-standard","5":"has-post-thumbnail","7":"category-pasaulis","8":"tag-andrijus-jermakas","9":"tag-antrastes","10":"tag-breaking-news","11":"tag-breakingnews","12":"tag-elta-uzsienio-naujiena","13":"tag-featured-news","14":"tag-featurednews","15":"tag-headlines","16":"tag-latest-news","17":"tag-latestnews","18":"tag-lietuva","19":"tag-lietuviu","20":"tag-lithuania","21":"tag-lithuanian","22":"tag-lt","23":"tag-naujienos","24":"tag-news","25":"tag-pasaulis","26":"tag-populiariausios-naujienos","27":"tag-populiariausiosnaujienos","28":"tag-reidas","29":"tag-top-stories","30":"tag-topstories","31":"tag-ukraina","32":"tag-volodymyras-zelenskis","33":"tag-world","34":"tag-world-news","35":"tag-worldnews"},"share_on_mastodon":{"url":"https:\/\/pubeurope.com\/@lt\/115631617798855873","error":""},"_links":{"self":[{"href":"https:\/\/www.europesays.com\/lt\/wp-json\/wp\/v2\/posts\/50274","targetHints":{"allow":["GET"]}}],"collection":[{"href":"https:\/\/www.europesays.com\/lt\/wp-json\/wp\/v2\/posts"}],"about":[{"href":"https:\/\/www.europesays.com\/lt\/wp-json\/wp\/v2\/types\/post"}],"author":[{"embeddable":true,"href":"https:\/\/www.europesays.com\/lt\/wp-json\/wp\/v2\/users\/2"}],"replies":[{"embeddable":true,"href":"https:\/\/www.europesays.com\/lt\/wp-json\/wp\/v2\/comments?post=50274"}],"version-history":[{"count":0,"href":"https:\/\/www.europesays.com\/lt\/wp-json\/wp\/v2\/posts\/50274\/revisions"}],"wp:featuredmedia":[{"embeddable":true,"href":"https:\/\/www.europesays.com\/lt\/wp-json\/wp\/v2\/media\/50275"}],"wp:attachment":[{"href":"https:\/\/www.europesays.com\/lt\/wp-json\/wp\/v2\/media?parent=50274"}],"wp:term":[{"taxonomy":"category","embeddable":true,"href":"https:\/\/www.europesays.com\/lt\/wp-json\/wp\/v2\/categories?post=50274"},{"taxonomy":"post_tag","embeddable":true,"href":"https:\/\/www.europesays.com\/lt\/wp-json\/wp\/v2\/tags?post=50274"}],"curies":[{"name":"wp","href":"https:\/\/api.w.org\/{rel}","templated":true}]}}